{"id":52566,"date":"2023-06-05T05:23:03","date_gmt":"2023-06-05T10:23:03","guid":{"rendered":"http:\/\/losperiodistas.com.mx\/portal\/?p=52566"},"modified":"2023-06-05T05:57:48","modified_gmt":"2023-06-05T10:57:48","slug":"armando-guadiana-reconocio-que-no-le-favorecen-las-tendencias-del-prep-en-coahuila-infobae","status":"publish","type":"post","link":"https:\/\/losperiodistas.com.mx\/portal\/armando-guadiana-reconocio-que-no-le-favorecen-las-tendencias-del-prep-en-coahuila-infobae\/","title":{"rendered":"Armando Guadiana reconoci\u00f3 que no le favorecen las tendencias del PREP en Coahuila | Infobae"},"content":{"rendered":"\n<h2 class=\"has-background has-medium-font-size wp-block-heading\" style=\"background-color:#40fada\">El senador con licencia agradeci\u00f3 a su equipo de campa\u00f1a y acus\u00f3 al gobierno estatal de operar a favor de la candidatura de Manolo Jim\u00e9nez<\/h2>\n\n\n\n<figure class=\"wp-block-image size-large is-style-default\"><img fetchpriority=\"high\" decoding=\"async\" width=\"1024\" height=\"576\" src=\"https:\/\/losperiodistas.com.mx\/portal\/wp-content\/uploads\/2023\/06\/Captura-de-Pantalla-2023-06-05-a-las-4.51.57-1024x576.jpg\" alt=\"\" class=\"wp-image-52567\" srcset=\"https:\/\/losperiodistas.com.mx\/portal\/wp-content\/uploads\/2023\/06\/Captura-de-Pantalla-2023-06-05-a-las-4.51.57-1024x576.jpg 1024w, https:\/\/losperiodistas.com.mx\/portal\/wp-content\/uploads\/2023\/06\/Captura-de-Pantalla-2023-06-05-a-las-4.51.57-300x169.jpg 300w, https:\/\/losperiodistas.com.mx\/portal\/wp-content\/uploads\/2023\/06\/Captura-de-Pantalla-2023-06-05-a-las-4.51.57-768x432.jpg 768w, https:\/\/losperiodistas.com.mx\/portal\/wp-content\/uploads\/2023\/06\/Captura-de-Pantalla-2023-06-05-a-las-4.51.57-1536x864.jpg 1536w, https:\/\/losperiodistas.com.mx\/portal\/wp-content\/uploads\/2023\/06\/Captura-de-Pantalla-2023-06-05-a-las-4.51.57.jpg 1710w\" sizes=\"(max-width: 1024px) 100vw, 1024px\" \/><\/figure>\n\n\n\n<p><\/p>\n\n\n\n<p class=\"has-vivid-red-color has-text-color has-medium-font-size\"><strong>OMAR TINOCO MORALES \/ INFOBAE<\/strong><\/p>\n\n\n\n<p>El candidato de&nbsp;<strong>Morena en Coahuila, Armando Guadiana Tijerina<\/strong>, ofreci\u00f3 un mensaje a medios de comunicaci\u00f3n la noche de este 4 de junio, donde reconoci\u00f3 que las tendencias del&nbsp;<strong>Programa de Resultados Electorales Preliminares<\/strong>&nbsp;(PREP) no le favorecen, sin embargo, acus\u00f3 al gobierno estatal de haber operado para inhibir la votaci\u00f3n a favor de Morena.<\/p>\n\n\n\n<div class=\"wp-block-image is-style-default\"><figure class=\"alignleft is-resized\"><img decoding=\"async\" src=\"https:\/\/cloudfront-us-east-1.images.arcpublishing.com\/infobae\/RDWY326EPZA4FPY6ZHL4SERZWU.jpg\" alt=\"G\u00f3mez Leal obtuvo una amplia ventaja en las elecciones para la Senadur\u00eda en Tamaulipas, seg\u00fan datos del PREP. (INE\/CUARTOSCURO)\" width=\"-492\" height=\"-327\"\/><\/figure><\/div>\n\n\n\n<p>Te puede interesar:<strong><a href=\"https:\/\/www.infobae.com\/mexico\/2023\/06\/02\/que-es-el-prep-como-funcionara-en-el-edomex-y-a-que-hora-comenzara-a-publicar-resultados\/\">\u00bfQu\u00e9 es el PREP, c\u00f3mo funcionar\u00e1 en el Edomex y a qu\u00e9 hora comenzar\u00e1 a publicar resultados?<\/a><\/strong><\/p>\n\n\n\n<p>Acus\u00f3 que el gobierno del priista\u00a0<strong>Miguel \u00c1ngel Riquelme<\/strong>\u00a0hizo uso de la estructura oficial para hacer campa\u00f1a a favor de Manolo Jim\u00e9nez, situaci\u00f3n que afect\u00f3 la equidad en la contienda.<\/p>\n\n\n\n<p>El senador con licencia agradeci\u00f3 a su equipo de campa\u00f1a y dijo sentirse satisfecho por el trabajo realizado por toda la entidad, y asegur\u00f3 que a diferencia del candidato de la<strong>&nbsp;Alianza Va por M\u00e9xico<\/strong>, no incurri\u00f3 en la compra de votos.<\/p>\n\n\n\n<p>El tambi\u00e9n empresario minero denunci\u00f3 que el partido en el poder pagaba de 500 a mil pesos a algunas personas a cambio de su voto, pero no explic\u00f3 si presentar\u00e1 denuncias o impugnaciones ante el&nbsp;<strong>Instituto Electoral de Coahuila<\/strong>&nbsp;(IEC).<img decoding=\"async\" alt=\"Foto:\nCuatopscuro\" height=\"1080\" width=\"1920\" class=\"\" src=\"https:\/\/cloudfront-us-east-1.images.arcpublishing.com\/infobae\/MKQATQFMXZCURINPI2MQR73TCU.jpg\" srcset=\"https:\/\/www.infobae.com\/new-resizer\/qDRoqYe0aV0HveTY3cxppyTep2g=\/420x236\/filters:format(webp):quality(85)\/cloudfront-us-east-1.images.arcpublishing.com\/infobae\/MKQATQFMXZCURINPI2MQR73TCU.jpg 420w,https:\/\/www.infobae.com\/new-resizer\/LhYWQTOlwqaA7V3ewVWtPpkFthQ=\/768x432\/filters:format(webp):quality(85)\/cloudfront-us-east-1.images.arcpublishing.com\/infobae\/MKQATQFMXZCURINPI2MQR73TCU.jpg 768w,https:\/\/www.infobae.com\/new-resizer\/JZBBe188gaaJaq2DOGH0vzYn-cs=\/992x558\/filters:format(webp):quality(85)\/cloudfront-us-east-1.images.arcpublishing.com\/infobae\/MKQATQFMXZCURINPI2MQR73TCU.jpg 992w,https:\/\/www.infobae.com\/new-resizer\/jcRcTh8tr3hY3KkcyTC0MhAQ7LE=\/1200x675\/filters:format(webp):quality(85)\/cloudfront-us-east-1.images.arcpublishing.com\/infobae\/MKQATQFMXZCURINPI2MQR73TCU.jpg 1200w,https:\/\/www.infobae.com\/new-resizer\/Lnsx4X-zLz0L3Q1grcBs7AocQu4=\/1440x810\/filters:format(webp):quality(85)\/cloudfront-us-east-1.images.arcpublishing.com\/infobae\/MKQATQFMXZCURINPI2MQR73TCU.jpg 1440w\">Foto: Cuatopscuro<\/p>\n\n\n\n<p>El empresario, quien no estuvo acompa\u00f1ado por la dirigencia nacional de Morena, como en el caso de\u00a0<strong>Delfina G\u00f3mez \u00c1lvarez<\/strong>, agradeci\u00f3 el apoyo del Partido del Trabajo y el Partido Verde, los cuales declinaron a su favor de \u00faltimo minuto.<\/p>\n\n\n\n<p class=\"has-cyan-bluish-gray-background-color has-background\"><a href=\"https:\/\/www.infobae.com\/mexico\/2023\/06\/05\/reportaron-fallas-al-arranque-del-prep-en-el-edomex\/\" target=\"_blank\" rel=\"noreferrer noopener\">Te puede interesar:<strong>PREP Edomex: reportan fallas en la p\u00e1gina; esto sabemos<\/strong><\/a><\/p>\n\n\n\n<p>La conferencia de prensa del abanderado morenista ocurri\u00f3 minutos despu\u00e9s de que Manolo Jim\u00e9nez, de la Alianza Va por M\u00e9xico declar\u00f3 p\u00fablicamente que diversas encuestas le dan una ventaja de m\u00e1s de dos d\u00edgitos sobre Armando Guadiana y Ricardo Mej\u00eda.<\/p>\n\n\n\n<p>Desde las 18 horas, momento en que Mario Delgado, dirigente nacional de Morena declar\u00f3 ganadora a Delfina G\u00f3mez en el Estado de M\u00e9xico, asegur\u00f3 que en el caso de Coahuila no ten\u00eda datos s\u00f3lidos para pronunciarse.<\/p>\n\n\n\n<p>Momentos despu\u00e9s, el l\u00edder nacional del PRI, Alejandro Moreno C\u00e1rdenas, asegur\u00f3 que la ventaja del abanderado de la Alianza Va por M\u00e9xico ten\u00eda una ventaja de casi 18 puntos sobre Guadiana.<img decoding=\"async\" alt=\"Manolo Jim\u00e9nez se present\u00f3 como ganador de las elecciones  en Coahuila Foto:\nCuartoscuro\" height=\"1080\" width=\"1920\" class=\"\" src=\"https:\/\/cloudfront-us-east-1.images.arcpublishing.com\/infobae\/KKUMH5DOF5DQTIHZ6SDE6CC6IA.jpg\" srcset=\"https:\/\/www.infobae.com\/new-resizer\/GLO-feblY_M8wL6KlzVZpu9vUBQ=\/420x236\/filters:format(webp):quality(85)\/cloudfront-us-east-1.images.arcpublishing.com\/infobae\/KKUMH5DOF5DQTIHZ6SDE6CC6IA.jpg 420w,https:\/\/www.infobae.com\/new-resizer\/olv-Iu1OoAWpvppiiuC5DQ5SIyM=\/768x432\/filters:format(webp):quality(85)\/cloudfront-us-east-1.images.arcpublishing.com\/infobae\/KKUMH5DOF5DQTIHZ6SDE6CC6IA.jpg 768w,https:\/\/www.infobae.com\/new-resizer\/imT0qk6XmUJE0Ce2NoFO2wLde1g=\/992x558\/filters:format(webp):quality(85)\/cloudfront-us-east-1.images.arcpublishing.com\/infobae\/KKUMH5DOF5DQTIHZ6SDE6CC6IA.jpg 992w,https:\/\/www.infobae.com\/new-resizer\/zX4veaBRQroBsgNiAoyvbBtbCXg=\/1200x675\/filters:format(webp):quality(85)\/cloudfront-us-east-1.images.arcpublishing.com\/infobae\/KKUMH5DOF5DQTIHZ6SDE6CC6IA.jpg 1200w,https:\/\/www.infobae.com\/new-resizer\/Y9wdqa8WRSwYOsfW3L4GO6S2EEw=\/1440x810\/filters:format(webp):quality(85)\/cloudfront-us-east-1.images.arcpublishing.com\/infobae\/KKUMH5DOF5DQTIHZ6SDE6CC6IA.jpg 1440w\">Manolo Jim\u00e9nez se present\u00f3 como ganador de las elecciones en Coahuila Foto: Cuartoscuro<\/p>\n\n\n\n<p>De confirmarse este resultado, Guadiana sumar\u00e1 su tercera derrota al hilo, pues en 2017 perdi\u00f3 frente a Miguel Riquelme la gubernatura y en 2021 no pudo lograr la alcald\u00eda de Saltillo, tambi\u00e9n bajo los colores de Morena.<\/p>\n\n\n\n<p class=\"has-cyan-bluish-gray-background-color has-background\"><a href=\"https:\/\/www.infobae.com\/mexico\/2023\/06\/04\/resultados-prep-edomex-2023-quien-gano-elecciones-a-gobernadora\/\" target=\"_blank\" rel=\"noreferrer noopener\">Te puede interesar:<strong>Qui\u00e9n va ganando las elecciones en Edomex: as\u00ed avanza el PREP<\/strong><\/a><\/p>\n\n\n\n<p>En ese sentido, Mario Delgado anunci\u00f3 esta noche que, junto a otras figuras de la 4T, se trasladar\u00e1 a Toluca, capital del Estado de M\u00e9xico, pues celebrar\u00e1n en la Plaza de los M\u00e1rtires el triunfo de Delfina G\u00f3mez.<\/p>\n\n\n\n<p>Para el l\u00edder de Morena, el triunfo en el Estado de M\u00e9xico fue el claro ejemplo que la alianza es la f\u00f3rmula ganadora y destac\u00f3 que Coahuila fue una lecci\u00f3n muy importante para ellos, pues en esta entidad Morena, PT y el Partido Verde iniciaron el proceso electoral de manera independiente, cada uno de ellos con sus propios candidatos.<\/p>\n\n\n\n<p>Esta situaci\u00f3n habr\u00eda fragmentado y dispersado el voto en territorio coahuilense, por lo que se debe analizar el escenario para 2024 para no repetir estos errores que dejaron a Guadiana muy por detr\u00e1s de Manolo Jim\u00e9nez.<\/p>\n\n\n\n<p>Por su parte, Guadiana tiene la posibilidad de solicitar su regreso a la C\u00e1mara de Senadores y reintegrarse a la bancada de Morena, donde podr\u00eda permanecer hasta 2024, cuando se renovar\u00e1 en su totalidad el Congreso de la Uni\u00f3n.<\/p>\n\n\n\n<p>A la espera de que estos resultados se confirmen de manera oficial, Morena estar\u00eda consiguiendo con el Estado de M\u00e9xico su gubernatura n\u00famero 23, lo que aumentar\u00e1 el n\u00famero de personas gobernadas a unos 90 millones, de acuerdo con Mario Delgado.<\/p>\n\n\n\n<p>Por otra parte, con el triunfo en Coahuila el PRI mantendr\u00eda \u00fanicamente una gubernatura luego de varias d\u00e9cadas de gobernar casi todo el territorio nacional.<\/p>\n\n\n\n<p>Por ello, a Coahuila llegaron los dirigentes nacionales del PRI, PAN y PRD, con la intenci\u00f3n de celebrar que lograron arrebatar un triunfo a Morena.<\/p>\n\n\n\n<p>Fuente: <a href=\"https:\/\/www.infobae.com\/mexico\/2023\/06\/05\/armando-guadiana-reconocio-que-no-le-favorecen-las-tendencias-del-prep-en-coahuila\/\">https:\/\/www.infobae.com\/mexico\/2023\/06\/05\/armando-guadiana-reconocio-que-no-le-favorecen-las-tendencias-del-prep-en-coahuila\/<\/a><\/p>\n","protected":false},"excerpt":{"rendered":"<p>El senador con licencia agradeci\u00f3 a su equipo de campa\u00f1a y acus\u00f3 al gobierno estatal de operar a favor de [&hellip;]<\/p>\n","protected":false},"author":1,"featured_media":52567,"comment_status":"open","ping_status":"open","sticky":false,"template":"","format":"standard","meta":{"site-sidebar-layout":"default","site-content-layout":"","ast-site-content-layout":"default","site-content-style":"default","site-sidebar-style":"default","ast-global-header-display":"","ast-banner-title-visibility":"","ast-main-header-display":"","ast-hfb-above-header-display":"","ast-hfb-below-header-display":"","ast-hfb-mobile-header-display":"","site-post-title":"","ast-breadcrumbs-content":"","ast-featured-img":"","footer-sml-layout":"","theme-transparent-header-meta":"","adv-header-id-meta":"","stick-header-meta":"","header-above-stick-meta":"","header-main-stick-meta":"","header-below-stick-meta":"","astra-migrate-meta-layouts":"default","ast-page-background-enabled":"default","ast-page-background-meta":{"desktop":{"background-color":"var(--ast-global-color-4)","background-image":"","background-repeat":"repeat","background-position":"center center","background-size":"auto","background-attachment":"scroll","background-type":"","background-media":"","overlay-type":"","overlay-color":"","overlay-opacity":"","overlay-gradient":""},"tablet":{"background-color":"","background-image":"","background-repeat":"repeat","background-position":"center center","background-size":"auto","background-attachment":"scroll","background-type":"","background-media":"","overlay-type":"","overlay-color":"","overlay-opacity":"","overlay-gradient":""},"mobile":{"background-color":"","background-image":"","background-repeat":"repeat","background-position":"center center","background-size":"auto","background-attachment":"scroll","background-type":"","background-media":"","overlay-type":"","overlay-color":"","overlay-opacity":"","overlay-gradient":""}},"ast-content-background-meta":{"desktop":{"background-color":"var(--ast-global-color-5)","background-image":"","background-repeat":"repeat","background-position":"center center","background-size":"auto","background-attachment":"scroll","background-type":"","background-media":"","overlay-type":"","overlay-color":"","overlay-opacity":"","overlay-gradient":""},"tablet":{"background-color":"var(--ast-global-color-5)","background-image":"","background-repeat":"repeat","background-position":"center center","background-size":"auto","background-attachment":"scroll","background-type":"","background-media":"","overlay-type":"","overlay-color":"","overlay-opacity":"","overlay-gradient":""},"mobile":{"background-color":"var(--ast-global-color-5)","background-image":"","background-repeat":"repeat","background-position":"center center","background-size":"auto","background-attachment":"scroll","background-type":"","background-media":"","overlay-type":"","overlay-color":"","overlay-opacity":"","overlay-gradient":""}},"footnotes":""},"categories":[8],"tags":[4455,4026,16792,16791,247],"class_list":["post-52566","post","type-post","status-publish","format-standard","has-post-thumbnail","hentry","category-noticias","tag-armando-guadiana","tag-coahuila","tag-manolo-jimenez","tag-migue-angel-riquelme","tag-morena"],"_links":{"self":[{"href":"https:\/\/losperiodistas.com.mx\/portal\/wp-json\/wp\/v2\/posts\/52566","targetHints":{"allow":["GET"]}}],"collection":[{"href":"https:\/\/losperiodistas.com.mx\/portal\/wp-json\/wp\/v2\/posts"}],"about":[{"href":"https:\/\/losperiodistas.com.mx\/portal\/wp-json\/wp\/v2\/types\/post"}],"author":[{"embeddable":true,"href":"https:\/\/losperiodistas.com.mx\/portal\/wp-json\/wp\/v2\/users\/1"}],"replies":[{"embeddable":true,"href":"https:\/\/losperiodistas.com.mx\/portal\/wp-json\/wp\/v2\/comments?post=52566"}],"version-history":[{"count":1,"href":"https:\/\/losperiodistas.com.mx\/portal\/wp-json\/wp\/v2\/posts\/52566\/revisions"}],"predecessor-version":[{"id":52568,"href":"https:\/\/losperiodistas.com.mx\/portal\/wp-json\/wp\/v2\/posts\/52566\/revisions\/52568"}],"wp:featuredmedia":[{"embeddable":true,"href":"https:\/\/losperiodistas.com.mx\/portal\/wp-json\/wp\/v2\/media\/52567"}],"wp:attachment":[{"href":"https:\/\/losperiodistas.com.mx\/portal\/wp-json\/wp\/v2\/media?parent=52566"}],"wp:term":[{"taxonomy":"category","embeddable":true,"href":"https:\/\/losperiodistas.com.mx\/portal\/wp-json\/wp\/v2\/categories?post=52566"},{"taxonomy":"post_tag","embeddable":true,"href":"https:\/\/losperiodistas.com.mx\/portal\/wp-json\/wp\/v2\/tags?post=52566"}],"curies":[{"name":"wp","href":"https:\/\/api.w.org\/{rel}","templated":true}]}}