{"id":5256,"date":"2021-03-05T09:17:48","date_gmt":"2021-03-05T15:17:48","guid":{"rendered":"http:\/\/losperiodistas.com.mx\/portal\/?p=5256"},"modified":"2021-03-05T09:17:49","modified_gmt":"2021-03-05T15:17:49","slug":"el-palmar-de-troya-la-delirante-secta-catolica-con-papa-propio-que-canonizo-a-franco-y-excomulgo-al-rey-juan-carlos-i-publico","status":"publish","type":"post","link":"https:\/\/losperiodistas.com.mx\/portal\/el-palmar-de-troya-la-delirante-secta-catolica-con-papa-propio-que-canonizo-a-franco-y-excomulgo-al-rey-juan-carlos-i-publico\/","title":{"rendered":"El Palmar de Troya, la delirante secta cat\u00f3lica con papa propio que canoniz\u00f3 a Franco y excomulg\u00f3 al rey Juan Carlos I | P\u00fablico"},"content":{"rendered":"\n<p style=\"font-size:18px\"><em>Un contable llamado Clemente se &#8216;apropi\u00f3&#8217; de una aparici\u00f3n mariana ante cuatro ni\u00f1as, fund\u00f3 una Iglesia cism\u00e1tica y se autoproclam\u00f3 pap\u00e1 despu\u00e9s de &#8216;hablar&#8217; con Jesucristo. Sus fieles, tras un lavado de cerebro, sufren un r\u00e9gimen de esclavitud.<\/em><\/p>\n\n\n\n<p class=\"has-vivid-cyan-blue-color has-text-color has-medium-font-size\">HENRIQUE MARI\u00d1O @solucionsalina \/ P\u00daBLICO<\/p>\n\n\n\n<p id=\"m2740-2739-2741\">Cuando Jorge Decarlini franque\u00f3 la puerta de cuatro metros de altura y avanz\u00f3 hacia la bas\u00edlica de&nbsp;<strong>El Palmar de Troya<\/strong>, no pod\u00eda imaginarse que en aquella c\u00e1rcel de almas, rodeada por un muro de un kil\u00f3metro y medio de longitud, habr\u00eda tantos cr\u00edos. \u00abPredominan los centroeuropeos biling\u00fces\u00bb, una observaci\u00f3n del periodista que sorprende porque la acci\u00f3n se desarrolla en una antigua pedan\u00eda de Utrera que se independiz\u00f3 del municipio sevillano hace dos a\u00f1os.<\/p>\n\n\n\n<p id=\"m2745-1-2746\">Es Semana Santa y los frailes y monjas procesionan con la Virgen de la Aurora, que tuvo a bien aparec\u00e9rsele hace medio siglo a cuatro ni\u00f1as con acento andaluz. Ahora la chavalada alterna a su paso el alem\u00e1n y el castellano con deje sure\u00f1o, mientras que a la izquierda observan la imagen los hombres con escapulario y a la derecha, las mujeres con velo. \u00abAl sorprendente n\u00famero de ni\u00f1os ya le cuesta mantener el decoro\u00bb, escribe Jorge Decarlini en\u00a0<em>\u00a1Milagro!<\/em>\u00a0(<a href=\"https:\/\/www.librosdelko.com\/products\/milagro-extasis-y-sombras-en-el-palmar-de-troya\" target=\"_blank\" rel=\"noreferrer noopener\">Libros del K.O.<\/a>), una investigaci\u00f3n sobre esta secta cat\u00f3lica escindida de Roma.<\/p>\n\n\n\n<p id=\"m2750-2-2751\">\u00abCuando entr\u00e9 en la finca, de casi doce hect\u00e1reas, no me imaginaba que hubiese tal cantidad de menores, pero entonces confirm\u00e9 con mis propios ojos que la\u00a0<strong>Iglesia palmariana<\/strong>\u00a0induce a sus fieles a tener muchos hijos para que haya cantera. Cuantos m\u00e1s, mejor, por lo que los animan a procrear\u00bb, explica el escritor gaditano, quien se\u00f1ala que algunas camadas rondan la decena de cachorros. Ninguna novedad en otros credos, aunque aqu\u00ed y ahora cobra m\u00e1s sentido: esta orden cism\u00e1tica ha ido perdiendo devotos, por lo que esa medida se suma a la recuperaci\u00f3n de antiguos miembros para la causa.<\/p>\n\n\n\n<p id=\"m2755-3-2756\">Pero vayamos al principio, cuando en marzo de 1968 la virgen se le apareci\u00f3 a cuatro ni\u00f1as en medio de la nada. Una visi\u00f3n que se repetir\u00eda con dos beatas elegidas desde las alturas, a las que se sumar\u00eda una tercera que recibi\u00f3 la comuni\u00f3n de la mano de&nbsp;<strong>Jesucristo<\/strong>. Cr\u00e9dulos y creyentes acudieron al lugar, escenario de sucesivos arrebatos m\u00edsticos. Aquello parec\u00eda una<em>&nbsp;rave<\/em>&nbsp;donde corr\u00eda, m\u00e1s que el \u00e9xtasis, el \u00e1cido lis\u00e9rgico. En vez de la cabina de un pinchadiscos, instalaron un altar. Y, cuando parec\u00eda que la temporada llegaba a su fin, en octubre Clemente y Manolo se convirtieron en los DJ residentes. Que rule la rula\u2026<\/p>\n\n\n\n<p id=\"m2760-4-2761\">El primero trabajaba como contable en una compa\u00f1\u00eda de seguros, pero parad\u00f3jicamente ser\u00eda el segundo, abogado, el que llevar\u00eda las cuentas de la Iglesia Cristiana Palmariana de los Carmelitas de la Santa Faz en Compa\u00f1\u00eda de Jes\u00fas y Mar\u00eda. O sea, Clemente hablaba con&nbsp;<strong>Dios<\/strong>&nbsp;y Manolo estafaba a todo dios. \u00abUno era la fachada porque resultaba convincente y el otro, el cerebro que mov\u00eda los hilos por detr\u00e1s, encargado del ideario y de la organizaci\u00f3n\u00bb, a\u00f1adeDecarlini, convencido de que ambos se necesitaban mutuamente y que, en solitario, la Iglesia palmariana hoy no existir\u00eda. El desparpajo y las habilidades sociales de&nbsp;<strong>Clemente Dom\u00ednguez<\/strong>&nbsp;se complementaban con las dotes doctrinales y contables del ide\u00f3logo Manuel Alonso Corral.<\/p>\n\n\n\n<p id=\"m2765-5-2766\">El primero ser\u00eda el primer papa del reba\u00f1o her\u00e9tico, pero sin el consentimiento del segundo no se hac\u00eda nada. S\u00ed, papa: los dos espont\u00e1neos, quienes hab\u00edan llegado a aquel paraje por curiosidad, sacaron tajada de las apariciones marianas, desplazaron a los primeros visionarios y terminar\u00edan fundando una Iglesia al margen del Vaticano. Para ello, Clemente asegur\u00f3 que\u00a0<a href=\"https:\/\/www.publico.es\/culturas\/musica-religion-leonard-cohen-bob-dylan-dios.html\" target=\"_blank\" rel=\"noreferrer noopener\">se comunicaba con Dios<\/a>\u00a0\u2014desconocemos a trav\u00e9s de qu\u00e9 medio, aunque hoy se supone que lo har\u00eda por Whatsapp\u2014, quien le enviaba estigmas por mensajes: unas llagas de crucificado en las palmas de las manos o una cruz en la frente, rollo Cecilio G.<\/p>\n\n\n\n<p id=\"m2770-6-2771\">El arzobispo de&nbsp;<strong>Sevilla<\/strong>&nbsp;rechaz\u00f3 desde el principio que todo aquello fuera un milagro, pero la fe mueve monta\u00f1as, incluidos los Alpes suizos. El Palmar de Troya se convirti\u00f3 en un destino de peregrinaci\u00f3n desde toda Europa, aunque las apariciones calaron sobre todo en los ojos incautos ojos de alemanes, suizos y austriacos, antes de fijarse en las retinas suramericanas y africanas. Los ofrecidos, claro, ofrec\u00edan tambi\u00e9n su dinero y aquel humilde altar terminar\u00eda siendo una fortaleza rodeada de murallas donde quien entraba no sal\u00eda. Y, si osaba hacerlo, era excomulgado, expuesto al diablo y repudiado por su familia.<\/p>\n\n\n\n<p id=\"m2775-7-2776\">Decarlini relata c\u00f3mo al calor de las&nbsp;<strong>apariciones marianas<\/strong>&nbsp;acudieron \u00abcat\u00f3licos de post\u00edn\u00bb desde varias ciudades espa\u00f1olas \u00abcomo moscas a la miel\u00bb, por lo que se desat\u00f3 una lucha para controlar la finca. La<em>&nbsp;performance<\/em>&nbsp;de la virgen ya no era un juego de ni\u00f1as, ni tampoco de iluminados, porque un menda con&nbsp;<em>tattoos<\/em>&nbsp;sobrenaturales impresos en su cuerpo era cosa seria. Y el \u2014ni pizca de\u2014 santo ext\u00e1tico Clemente recurri\u00f3 a un arzobispo vietnamita para que lo ordenase como obispo. Luego se qued\u00f3 ciego en un accidente de tr\u00e1fico y, valga la paradoja, tuvo una visi\u00f3n: Jes\u00fas coron\u00e1ndolo papa y sucesor de Pablo VI.<\/p>\n\n\n\n<p id=\"m2780-8-2781\">Rebautizado como\u00a0<strong>Gregorio XVII<\/strong>, consideraba que la hoja de ruta del Vaticano se hab\u00eda desviado, por lo que a partir de entonces todos los caminos conduc\u00edan a El Palmar, no a Roma. El rechazo al\u00a0<em>aggiornamento<\/em>\u00a0del Concilio Vaticano II supuso una regresi\u00f3n al catolicismo troglodita y, entre los preceptos, adem\u00e1s de dar la misa en lat\u00edn, las mujeres deb\u00edan cubrir el pelo con un velo y ten\u00edan prohibido usar pantal\u00f3n. Una an\u00e9cdota en comparaci\u00f3n con las barbaridades que tendr\u00edan lugar dentro de la congregaci\u00f3n, aunque entre sus p\u00e1ginas de oro figura la excomuni\u00f3n del rey Juan Carlos I y la canonizaci\u00f3n de\u00a0<strong>Franco<\/strong>, Primo de Rivera o Carrero Blanco, el \u00fanico que realmente alcanz\u00f3 los cielos.<\/p>\n\n\n\n<figure class=\"wp-block-image\" id=\"m2785-9-2786\"><a href=\"https:\/\/www.publico.es\/uploads\/2019\/05\/17\/5cdea0fa03cfd.jpg\"><img decoding=\"async\" src=\"https:\/\/www.publico.es\/files\/article_main\/\/files\/crop\/uploads\/2019\/05\/17\/5cdea0fa03cfd.r_1614909267647.31-63-932-527.jpg\" alt=\"Bas\u00edlica del Palmar de Troya, Sevilla. EFE\"\/><\/a><figcaption>Bas\u00edlica de El Palmar de Troya, en Sevilla. . \u2014 EFE<\/figcaption><\/figure>\n\n\n\n<p id=\"m2802-10-2803\">\u00abClemente se supo aprovechar de un contexto hist\u00f3rico concreto, cuando se produjeron cambios en la liturgia que contrariaron a muchos cat\u00f3licos. Entonces se invent\u00f3 una teor\u00eda conspirativa que los convenci\u00f3:&nbsp;<em>Est\u00e1n envenenando a&nbsp;<strong>Pablo VI<\/strong>, encerrado en una mazmorra, y quien da la cara es un doble que corrompe la Iglesia contra el criterio del verdadero papa<\/em>, vendr\u00eda a decir\u00bb, explica Decarlini, quien subraya que la aparici\u00f3n se habr\u00eda quedado en una historieta perdida entre las visiones que proliferaron durante el franquismo si no fuese por la personalidad de Clemente y Manolo, quienes eclipsaron a las precursoras.<\/p>\n\n\n\n<p id=\"m2807-11-2808\">As\u00ed, hay ni\u00f1as de F\u00e1tima o de Lourdes, pero no de El Palmar, donde Gregorio XVII sacaba tiempo, entre trago y trago, para ordenar cardenales a destajo y, de paso, excomulgar al anticristo&nbsp;<strong>Juan Pablo II<\/strong>. \u00c9l se paseaba tan pancho por la Feria de Abril de Sevilla rodeado de su s\u00e9quito y se cog\u00eda unas cogorzas de \u00f3rdago en bares y restaurantes de la capital. Iba tan ciego que Manolo tuvo que tomar cartas en el asunto. \u00abControlaba sus desmanes para que no afectasen a la credibilidad de la Iglesia, porque lleg\u00f3 a oficiar misa visiblemente borracho\u00bb, asegura el autor de&nbsp;<em>\u00a1Milagro! \u00c9xtasis y sombras en El Palmar de Troya<\/em>.<\/p>\n\n\n\n<p id=\"m2812-12-2813\">Decarlini se\u00f1ala que a Clemente le tra\u00eda sin cuidado la mala fama que hab\u00eda cosechado en la provincia, una vida extramuros que no se correspond\u00eda con la f\u00e9rrea disciplina establecida dentro, un r\u00e9gimen esclavista donde la&nbsp;<strong>explotaci\u00f3n laboral<\/strong>&nbsp;era manifiesta y la sexual, difusa, aunque con testimonios que corroboran los abusos. \u00abLe gustaba mucho disfrutar de los placeres de la vida, pero la ceguera lo sumi\u00f3 en una depresi\u00f3n absoluta y lleg\u00f3 un momento en que vio que su papel en la organizaci\u00f3n era nulo\u00bb, apunta el periodista.<\/p>\n\n\n\n<h2 class=\"wp-block-heading\" id=\"m2817-13-2818\">Fieles explotados<\/h2>\n\n\n\n<p id=\"m2822-14-2823\">La Iglesia palmariana se vale de \u00e9l para exhibirlo p\u00fablicamente cuando proced\u00eda, sobre todo durante los actos y ceremonias importantes. Gregorio XVII es una sombra de s\u00ed mismo, recluido en El Palmar hasta que a Manolo le interesaba llevarlo de gira por Espa\u00f1a y Europa para captar adeptos. Queda relegado y ya solo es la cara visible de la&nbsp;<strong>secta<\/strong>, un mero papel representativo que alterna con sus tremendas melopeas de hotel en hotel \u2014aunque le chiflaban los paradores\u2014, como puede verse en el documental&nbsp;<em>El Palmar de Troya&nbsp;<\/em>(<a href=\"https:\/\/www.movistarplus.es\/cero\/elpalmardetroya\" target=\"_blank\" rel=\"noreferrer noopener\">Movistar+<\/a>),dirigido por Israel del Santo.<\/p>\n\n\n\n<p id=\"m2827-15-2828\">El que manda de verdad es Manolo, quien de alg\u00fan modo transige con los excesos de su socio porque ellos no predicaban para el mundo, sino para sus ac\u00f3litos, que no se enteraban de lo que pasaba fuera. Viv\u00edan en una irrealidad paralela, sin contacto con el exterior, m\u00e1s all\u00e1 de las visitas al banco para que sacasen la pensi\u00f3n. Obviamente, no ve\u00edan un duro, como tampoco recib\u00edan un salario por sus extenuantes jornadas de trabajo porque estaba prohibido poseer dinero. \u00abUna entrega a la causa, a la que le daban su vida, deslom\u00e1ndose durante a\u00f1os\u00bb, afirma Decarlini.<\/p>\n\n\n\n<p id=\"m2832-16-2833\">Si el rol de los sacerdotes que no estaban en la c\u00fapula era residual, las mujeres se limitaban a trabajar y a rezar. Reducidas a mano de obra esclava, su higiene era forzosamente precaria. El autor recoge el caso de una monja que mantuvo relaciones sexuales con un sacerdote en una de las torres de la bas\u00edlica, aunque el&nbsp;<strong>hermetismo<\/strong>&nbsp;y la dificultad para obtener testimonios de primera mano lo llevan a apelar a la prudencia: \u00abNo hay constancia de abusos a mujeres\u00bb. Daniel Boluda, subdirector de&nbsp;<em>El Palmar de Troya<\/em>, se remite al an\u00e1lisis del psic\u00f3logo cl\u00ednico Miguel Perlado, quien se plantea en el documental \u00abhasta qu\u00e9 punto hay consentimiento sexual cuando est\u00e1s sometido por una secta\u00bb.<\/p>\n\n\n\n<p id=\"m2837-17-2838\">Enrique Moyano, un electricista arrepentido, asegura en el libro que en los conventos algunos sacerdotes \u00abmanten\u00edan<strong>&nbsp;relaciones homosexuales<\/strong>&nbsp;con cardenales de las altas esferas o entre ellos mismos, bien por ascender un poco m\u00e1s o bien porque lo necesitaban\u00bb. Decarlini denuncia la hipocres\u00eda y la doble moral que imperan en la Iglesia palmariana, como le relat\u00f3 un exobispo catal\u00e1n: uno de los amantes de Clemente, el padre Nicol\u00e1s, buscaba \u00abjovencitos y criaturas\u00bb. Boluda a\u00f1ade que el propio papa intent\u00f3 \u00abecharle mano a un chaval\u00bb, aunque deja claro que no pudo contrastar \u00absu imagen como violador\u00bb.<\/p>\n\n\n\n<p id=\"m2842-18-2843\">Tampoco incluy\u00f3 en el documental los&nbsp;<strong>abusos sexuales<\/strong>&nbsp;cometidos por su amante y encubiertos por la jerarqu\u00eda porque las fuentes eran indirectas. \u00abEn todo caso, Clemente ten\u00eda la mano larga y sus tocamientos y proposiciones sexuales eran conocidos\u00bb. El maltrato que sufr\u00edan los mayores tampoco est\u00e1 completamente atado, si bien hay testimonios que aluden a \u00abuna relaci\u00f3n con el tratamiento de la enfermedad negligente\u00bb. Seg\u00fan el jefe de investigaci\u00f3n de la serie documental, \u00abno se trataron c\u00e1nceres y hubo una negaci\u00f3n del auxilio m\u00e9dico, que incluye a las mujeres que no recibieron asistencia pese a las dolencias causadas por permanecer mucho tiempo arrodilladas\u00bb.<\/p>\n\n\n\n<p id=\"m2847-19-2848\">Pese al machismo dominante, el sometimiento a los sacerdotes, la explotaci\u00f3n laboral y los abusos sexuales no confirmados, las mujeres permanec\u00edan enganchadas a la secta y no se planteaban una huida o liberaci\u00f3n. \u00abQuien se quejaba, \u00a1a la calle! Un drama para ellas, porque estaban alienadas, aunque quienes lograron salirse denuncian el&nbsp;<strong>lavado de cerebro<\/strong>\u00ab, a\u00f1ade Decarlini, quien escribe que el padre Sebasti\u00e1n muri\u00f3 porque estaba enfermo y Clemente se neg\u00f3 a que le diesen una dieta especial. \u00abUn antiguo miembro encargado del cuidado de los ancianos percibi\u00f3 una desidia absoluta y muy poco inter\u00e9s en prestarles asistencia, por lo que algunos fallecieron\u00bb.<\/p>\n\n\n\n<p id=\"m2852-20-2853\">Tampoco hab\u00eda escape para los hombres, repudiados por sus familias si osaban dejar&nbsp;<strong>El Palmar de Troya<\/strong>. \u00abSi se atrev\u00edan a hacerlo, romp\u00edan la relaci\u00f3n\u00bb, subraya Decarlini. Tambi\u00e9n pesaban las amenazas de la c\u00fapula eclesi\u00e1stica. \u00abJugaban con ellos, los presionaban y les hac\u00edan creer que fuera sus vida desaparecer\u00eda. Unas pr\u00e1cticas intimidatorias que alcanzaban la sublimaci\u00f3n cuando los fieles ten\u00edan dieciocho a\u00f1os, hab\u00edan nacido dentro de la Iglesia palmariana y solo conoc\u00edan eso\u00bb, a\u00f1ade el autor de&nbsp;<em>\u00a1Milagro!<\/em>&nbsp;\u00abPor eso algunos han necesitado ayuda psicol\u00f3gica cuando salieron a un mundo que desconoc\u00edan\u00bb.<\/p>\n\n\n\n<h2 class=\"wp-block-heading\" id=\"m2857-21-2858\">Del \u00e9xtasis del documental al milagro del libro<\/h2>\n\n\n\n<p id=\"m2862-22-2863\">El libro&nbsp;<em>\u00a1Milagro! \u00c9xtasis y sombras en El Palmar de Troya<\/em>&nbsp;llega a las estanter\u00edas un a\u00f1o despu\u00e9s del estreno del documental, que recurre a la ficci\u00f3n para reflejar, por ejemplo, las juergas et\u00edlicas de Clemente, pues solo existen unas im\u00e1genes reales grabadas en v\u00eddeo durante una de sus giras europeas. \u00abEl formato era necesario porque hay muy poco archivo en comparaci\u00f3n con otros trabajos como&nbsp;<em>Wild Wild Country<\/em>&nbsp;y, sin esa escenificaci\u00f3n, ser\u00eda imposible reflejar algunos hechos. Lo fundamental es que el resultado de Israel del Santo y su equipo fue excepcional\u00bb, detalla&nbsp;<strong>Daniel Boluda<\/strong>.<\/p>\n\n\n\n<p id=\"m2867-23-2868\">El subdirector del&nbsp;<a href=\"https:\/\/www.publico.es\/culturas\/series-palmar-troya-convierte-tragicomedia-cuatro-episodios.html\" target=\"_blank\" rel=\"noreferrer noopener\">documental<\/a>&nbsp;ya hab\u00eda abordado el tema, pero consideraba que se qued\u00f3 en la superficie. El fen\u00f3meno no solo traspas\u00f3 las fronteras espa\u00f1olas, sino que tuvo mayor arraigo en el extranjero. \u00abRecaudaron dinero a espuertas porque su sistema de captaci\u00f3n era muy h\u00e1bil: mandaban a delegados a localidades de Europa donde se hab\u00edan producido otras apariciones y all\u00ed relataban que exist\u00eda un pueblo de Espa\u00f1a donde estaban sucediendo&nbsp;<em>en directo<\/em>. Eso les report\u00f3 financiaci\u00f3n entre gente potentada, aunque tambi\u00e9n entre quienes daban m\u00e1s de lo que ten\u00edan\u00bb.<\/p>\n\n\n\n<p id=\"m2872-24-2873\">La historia, seg\u00fan \u00e9l, no se hab\u00eda contado bien del todo. \u00abEs como el Guadiana, que aparece y desaparece cuando surge una noticia interesante. Sin embargo, era necesario un trabajo documental desde sus or\u00edgenes hasta la actualidad, fundamentado en testimonios de personas que lo hab\u00edan vivido de primera mano\u00bb, a\u00f1ade el tambi\u00e9n encargado de realizar las entrevistas. Durante el trabajo de campo, conoci\u00f3 a Louise-Henri Moulins, en su d\u00eda obispo Zacar\u00edas. \u00abTe hablaba de Clemente con una fascinaci\u00f3n tremenda y mucha otra gente reconoc\u00eda que cuando lo ve\u00edan en acci\u00f3n durante los<strong>&nbsp;\u00e9xtasis&nbsp;<\/strong>se quedaba prendada, como si \u00e9l fuera&nbsp;<em>la verdad<\/em>\u00ab, rememora Boluda, cuya conclusi\u00f3n fue clara: la Iglesia palmariana es una secta.<\/p>\n\n\n\n<p id=\"m2877-25-2878\">\u00abLa gente a la que preguntamos no tiene ninguna duda, porque cumple los requisitos, incluidos el uso de t\u00e9cnicas de persuasi\u00f3n coercitiva. Una vez que te convencen, ya no eres libre\u00bb, afirma el guionista. Les inoculan en el cerebro que solo en el Palmar se van a salvar, que fuera de \u00e9l todo es pecado. \u00abA eso s\u00famale la figura de un l\u00edder carism\u00e1tico, que pese a llegar al lugar meses despu\u00e9s de las apariciones tiene unas visiones incre\u00edbles, aderezadas por estigmas espectaculares, hasta que lidera la Iglesia y termina llevando su discurso a la lucha contra el comunismo y a la confrontaci\u00f3n con el Vaticano\u00bb.<\/p>\n\n\n\n<figure class=\"wp-block-image\" id=\"m2882-26-2883\"><a href=\"https:\/\/www.publico.es\/uploads\/2020\/02\/04\/5e39a24f1fdca.jpeg\"><img decoding=\"async\" src=\"https:\/\/www.publico.es\/files\/article_main\/\/files\/crop\/uploads\/2020\/02\/04\/5e39a24f1fdca.r_1614909269588.18-136-1871-1372.jpeg\" alt=\"Gin\u00e9s, el \u00faltimo Papa de El Palmar de Troya, en la serie | Movistar+\"\/><\/a><figcaption>Clemente, el papa Gregorio XVII, en un fotograma del documental &#8216;El Palmar de Troya&#8217;.&nbsp;\u2014 Movistar +<\/figcaption><\/figure>\n\n\n\n<p id=\"m2899-27-2900\">A Clemente, fallecido en 2005 a los 58 a\u00f1os, le sucedieron en la&nbsp;<em>una, santa, cat\u00f3lica, apost\u00f3lica y palmariana<\/em>&nbsp;los&nbsp;<strong>antipapas<\/strong>&nbsp;Manuel Alonso Corral (San Pedro II Magno), Sergio Gin\u00e9s Mar\u00eda (Gregorio XVIII) y el suizo Markus Josef Odermatt (Pedro III). Si la historia de esta Iglesia her\u00e9tica es delirante, la biograf\u00eda de Gin\u00e9s no es menos disparatada. Tras poner fin a su papado en 2016 para casarse por lo civil con su novia, quien fue monja antes de posar desnuda en la portada de la revista&nbsp;<em><a href=\"https:\/\/blogs.publico.es\/henrique-marino\/2018\/01\/09\/cierra-interviu\/\" target=\"_blank\" rel=\"noreferrer noopener\">Intervi\u00fa<\/a><\/em>, asegur\u00f3 que todo hab\u00eda sido un \u00abmontaje\u00bb. Dos a\u00f1os despu\u00e9s, intent\u00f3 robar junto a ella en la bas\u00edlica: enmascarado, trep\u00f3 el muro, se lio a cuchillazos y termin\u00f3 herido en el hospital.<\/p>\n\n\n\n<p id=\"m2904-28-2905\">Algunas voces sostienen que El Palmar de Troya no solo est\u00e1 en decadencia, sino que tambi\u00e9n atraviesa problemas econ\u00f3micos. Eso los ha llevado a promover su labor de&nbsp;<strong>proselitismo<\/strong>&nbsp;para captar fieles a trav\u00e9s de internet, aunque al tiempo tratan de recuperar a miembros que hab\u00edan dejado la congregaci\u00f3n. Otros podr\u00edan estar deseando escapar del templo-prisi\u00f3n, pero son conscientes de que su decisi\u00f3n provocar\u00eda un doble cisma. \u00abSus familias los repudiar\u00edan, porque incluso ahora hay padres que no se hablan con sus hijos, quienes no pueden heredar si no son palmarianos\u00bb, explica Boluda.<\/p>\n\n\n\n<p id=\"m2909-29-2910\">La frontera entre adentro y afuera, seg\u00fan \u00e9l, cada vez es m\u00e1s s\u00f3lida, hasta el punto de que \u00abno pueden convivir con una persona que no profese su fe\u00bb. Medidas que fueron llevadas al extremo por el papa Gin\u00e9s, algo que no extra\u00f1a en un pont\u00edfice que se cas\u00f3 con una monja. Y, en su desesperado intento de meter a la mayor gente posible dentro, Pedro III est\u00e1 ofreciendo casas gratis a los devotos y se ha abierto a las redes sociales, aunque en El Palmar los hermanos carecen de conexi\u00f3n.<\/p>\n\n\n\n<p id=\"m2914-30-2915\">\u00abAntes la red era el diablo, pero ahora tienen una web traducida a diez idiomas, todo sea por sumar fieles y recaudar fondos\u00bb, explica Decarlini, quien cree que en la actualidad resulta dif\u00edcil captar nuevos adeptos. \u00abHoy es complicado que su mensaje cale, de ah\u00ed que el primer caladero sea el de los antiguos miembros que se fueron tras pelearse con Gin\u00e9s. Por eso intentan que regresen las ovejas descarriadas del reba\u00f1o\u00bb. La operaci\u00f3n retorno ha comenzado.<\/p>\n\n\n\n<p>Fuente: https:\/\/www.publico.es\/sociedad\/religion-palmar-troya-secta-papa-iglesia-palmariana.html<\/p>\n","protected":false},"excerpt":{"rendered":"<p>Un contable llamado Clemente se &#8216;apropi\u00f3&#8217; de una aparici\u00f3n mariana ante cuatro ni\u00f1as, fund\u00f3 una Iglesia cism\u00e1tica y se autoproclam\u00f3 [&hellip;]<\/p>\n","protected":false},"author":1,"featured_media":5257,"comment_status":"open","ping_status":"open","sticky":false,"template":"","format":"standard","meta":{"site-sidebar-layout":"default","site-content-layout":"","ast-site-content-layout":"default","site-content-style":"default","site-sidebar-style":"default","ast-global-header-display":"","ast-banner-title-visibility":"","ast-main-header-display":"","ast-hfb-above-header-display":"","ast-hfb-below-header-display":"","ast-hfb-mobile-header-display":"","site-post-title":"","ast-breadcrumbs-content":"","ast-featured-img":"","footer-sml-layout":"","theme-transparent-header-meta":"","adv-header-id-meta":"","stick-header-meta":"","header-above-stick-meta":"","header-main-stick-meta":"","header-below-stick-meta":"","astra-migrate-meta-layouts":"default","ast-page-background-enabled":"default","ast-page-background-meta":{"desktop":{"background-color":"var(--ast-global-color-4)","background-image":"","background-repeat":"repeat","background-position":"center center","background-size":"auto","background-attachment":"scroll","background-type":"","background-media":"","overlay-type":"","overlay-color":"","overlay-opacity":"","overlay-gradient":""},"tablet":{"background-color":"","background-image":"","background-repeat":"repeat","background-position":"center center","background-size":"auto","background-attachment":"scroll","background-type":"","background-media":"","overlay-type":"","overlay-color":"","overlay-opacity":"","overlay-gradient":""},"mobile":{"background-color":"","background-image":"","background-repeat":"repeat","background-position":"center center","background-size":"auto","background-attachment":"scroll","background-type":"","background-media":"","overlay-type":"","overlay-color":"","overlay-opacity":"","overlay-gradient":""}},"ast-content-background-meta":{"desktop":{"background-color":"var(--ast-global-color-5)","background-image":"","background-repeat":"repeat","background-position":"center center","background-size":"auto","background-attachment":"scroll","background-type":"","background-media":"","overlay-type":"","overlay-color":"","overlay-opacity":"","overlay-gradient":""},"tablet":{"background-color":"var(--ast-global-color-5)","background-image":"","background-repeat":"repeat","background-position":"center center","background-size":"auto","background-attachment":"scroll","background-type":"","background-media":"","overlay-type":"","overlay-color":"","overlay-opacity":"","overlay-gradient":""},"mobile":{"background-color":"var(--ast-global-color-5)","background-image":"","background-repeat":"repeat","background-position":"center center","background-size":"auto","background-attachment":"scroll","background-type":"","background-media":"","overlay-type":"","overlay-color":"","overlay-opacity":"","overlay-gradient":""}},"footnotes":""},"categories":[8],"tags":[298,297],"class_list":["post-5256","post","type-post","status-publish","format-standard","has-post-thumbnail","hentry","category-noticias","tag-clemente-falso-papa","tag-el-palmar-de-troya"],"_links":{"self":[{"href":"https:\/\/losperiodistas.com.mx\/portal\/wp-json\/wp\/v2\/posts\/5256","targetHints":{"allow":["GET"]}}],"collection":[{"href":"https:\/\/losperiodistas.com.mx\/portal\/wp-json\/wp\/v2\/posts"}],"about":[{"href":"https:\/\/losperiodistas.com.mx\/portal\/wp-json\/wp\/v2\/types\/post"}],"author":[{"embeddable":true,"href":"https:\/\/losperiodistas.com.mx\/portal\/wp-json\/wp\/v2\/users\/1"}],"replies":[{"embeddable":true,"href":"https:\/\/losperiodistas.com.mx\/portal\/wp-json\/wp\/v2\/comments?post=5256"}],"version-history":[{"count":1,"href":"https:\/\/losperiodistas.com.mx\/portal\/wp-json\/wp\/v2\/posts\/5256\/revisions"}],"predecessor-version":[{"id":5258,"href":"https:\/\/losperiodistas.com.mx\/portal\/wp-json\/wp\/v2\/posts\/5256\/revisions\/5258"}],"wp:featuredmedia":[{"embeddable":true,"href":"https:\/\/losperiodistas.com.mx\/portal\/wp-json\/wp\/v2\/media\/5257"}],"wp:attachment":[{"href":"https:\/\/losperiodistas.com.mx\/portal\/wp-json\/wp\/v2\/media?parent=5256"}],"wp:term":[{"taxonomy":"category","embeddable":true,"href":"https:\/\/losperiodistas.com.mx\/portal\/wp-json\/wp\/v2\/categories?post=5256"},{"taxonomy":"post_tag","embeddable":true,"href":"https:\/\/losperiodistas.com.mx\/portal\/wp-json\/wp\/v2\/tags?post=5256"}],"curies":[{"name":"wp","href":"https:\/\/api.w.org\/{rel}","templated":true}]}}