{"id":52550,"date":"2023-06-05T05:21:26","date_gmt":"2023-06-05T10:21:26","guid":{"rendered":"http:\/\/losperiodistas.com.mx\/portal\/?p=52550"},"modified":"2023-06-05T05:21:29","modified_gmt":"2023-06-05T10:21:29","slug":"tras-86-anos-pri-pierde-gubernatura-del-estado-de-mexico-el-economista","status":"publish","type":"post","link":"https:\/\/losperiodistas.com.mx\/portal\/tras-86-anos-pri-pierde-gubernatura-del-estado-de-mexico-el-economista\/","title":{"rendered":"Tras 86 a\u00f1os, PRI pierde gubernatura del Estado de M\u00e9xico | El Economista"},"content":{"rendered":"\n<p class=\"has-background has-medium-font-size\" style=\"background-color:#f86a6a\">La participaci\u00f3n ciudadana en los comicios se ubic\u00f3 entre 48.7 y 50.2%.<\/p>\n\n\n\n<p><\/p>\n\n\n\n<figure class=\"wp-block-image size-large is-style-default\"><img fetchpriority=\"high\" decoding=\"async\" width=\"323\" height=\"1024\" src=\"https:\/\/losperiodistas.com.mx\/portal\/wp-content\/uploads\/2023\/06\/edomex_050623w.jpg_174344788-323x1024.jpg\" alt=\"\" class=\"wp-image-52551\" srcset=\"https:\/\/losperiodistas.com.mx\/portal\/wp-content\/uploads\/2023\/06\/edomex_050623w.jpg_174344788-323x1024.jpg 323w, https:\/\/losperiodistas.com.mx\/portal\/wp-content\/uploads\/2023\/06\/edomex_050623w.jpg_174344788-768x2438.jpg 768w, https:\/\/losperiodistas.com.mx\/portal\/wp-content\/uploads\/2023\/06\/edomex_050623w.jpg_174344788-484x1536.jpg 484w\" sizes=\"(max-width: 323px) 100vw, 323px\" \/><\/figure>\n\n\n\n<p><\/p>\n\n\n\n<p class=\"has-vivid-red-color has-text-color has-medium-font-size\"><strong>JORGE MONROY \/ ARTURO ROJAS \/ EL ECONOMISTA<\/strong><\/p>\n\n\n\n<p>Toluca, Estado de M\u00e9xico.- Con una participaci\u00f3n estimada entre 48.7% y 50.2%, los habitantes del Estado de M\u00e9xico salieron a votar este domingo 4 de junio para elegir a su primer gobernadora. Delfina G\u00f3mez \u00c1lvarez, candidata de la coalici\u00f3n Morena, PT y PVEM, se perfil\u00f3 como la ganadora de la contienda.<\/p>\n\n\n\n<p>El conteo r\u00e1pido del Instituto Nacional Electoral (INE) estim\u00f3 de una muestra de 617 casillas, que la participaci\u00f3n en esta elecci\u00f3n fue de entre 48.7 y 50.2 por ciento.<\/p>\n\n\n\n<p>Arroj\u00f3 que la candidata de la alianza Va por el Estado de M\u00e9xico, Alejandra del Moral, obtuvo entre 43 y 45.2% de los votos, mientras que la candidata de la coalici\u00f3n Juntos hacemos Historia, Delfina G\u00f3mez \u00c1lvarez, entre 52.1 y 54.2% del total de los votos.<\/p>\n\n\n\n<p>Los resultados oficiales se conocer\u00e1n a partir del pr\u00f3ximo mi\u00e9rcoles cuando se lleven a cabo los c\u00f3mputos distritales.<\/p>\n\n\n\n<p>En el Estado de M\u00e9xico, la entidad m\u00e1s grande del pa\u00eds con 12.6 millones de votantes (casi 13% de la lista nacional), se instalaron 20,442 casillas en los 125 municipios de la entidad. El Instituto Electoral del Estado de M\u00e9xico (IEEM) mencion\u00f3 que \u00fanicamente no fue instalada una casilla en Coatepec de Harinas por un conflicto social local.<\/p>\n\n\n\n<p>La presidenta del Instituto Electoral del Estado de M\u00e9xico (IEEM), Amalia Pulido G\u00f3mez, calific\u00f3 esta elecci\u00f3n como \u201creivindicatoria\u201d, por ser una entidad que siempre ha sido gobernado por varones, y ayer en las boletas dos mujeres compitieron por el cargo.<\/p>\n\n\n\n<h2 class=\"wp-block-heading\">Reconocimiento<\/h2>\n\n\n\n<p>Aunque luego del cierre de las casillas electorales se declar\u00f3 triunfadora, la candidata de la alianza Va por M\u00e9xico a la gubernatura del Estado de M\u00e9xico, Alejandra del Moral Vela, reconoci\u00f3 el triunfo electoral de su contrincante de Morena, Delfina G\u00f3mez \u00c1lvarez.<\/p>\n\n\n\n<p>\u201cLa ciudadan\u00eda mexiquense se ha expresado con toda voluntad en las urnas: me compromet\u00ed a ser respetuosa de la autoridad electoral y reconocer los resultados. El conteo r\u00e1pido, los resultados preliminares, no me favorecen, y reconozco el car\u00e1cter democr\u00e1tico de los mexiquenses, reconozco a la ciudadan\u00eda por su participaci\u00f3n.<\/p>\n\n\n\n<p>\u201cSaludo a la maestra Delfina G\u00f3mez \u00c1lvarez que ser\u00e1 la pr\u00f3xima gobernadora del Estado de M\u00e9xico, y le deseo todo el \u00e9xito por el bien de todas las familias del Estado de M\u00e9xico. Para saber ganar hay que saber perder. (\u2026) Luch\u00e9 con todas mis fuerzas, no escatim\u00e9 un solo esfuerzo. Estoy en paz, tengo la conciencia tranquila, la frente en alto, estoy profundamente orgullosa del ej\u00e9rcito aliancista que me abraz\u00f3 y me permiti\u00f3 ser su candidata\u201d, expres\u00f3.<\/p>\n\n\n\n<h2 class=\"wp-block-heading\">\u201cGobernar para todos\u201d<\/h2>\n\n\n\n<p>Por su parte, Delfina G\u00f3mez, agradeci\u00f3 a los ciudadanos, colaboradores y mexiquenses en general que hicieron posible su victoria.<\/p>\n\n\n\n<p class=\"has-text-align-center\"><strong><em>\u00abA todos los mexiquenses que me dieron su confianza, gracias, \u00a1lo logramos! Y esto no habr\u00eda sido posible sin todos ustedes\u201d, dijo la abanderada de Morena, Partido del Trabajo y Partido Verde Ecologista de M\u00e9xico.<\/em><\/strong><\/p>\n\n\n\n<p>Asegur\u00f3 que va a trabajar por el bienestar de todos. \u201cVamos a gobernar para todos en los pr\u00f3ximos meses y a\u00f1os.<\/p>\n\n\n\n<p>\u201cLes mostrar\u00e9 con hechos lo que por mucho tiempo nos negaron, un gobierno honesto y a la altura de los mexiquenses y con esto les pido con humildad que me den la oportunidad para demostrar que hoy tienen una mejor opci\u00f3n y con esto quiero invitarlos a todos los mexiquenses a trabajar de manera unida y organizada como lo sabemos hacer\u201d.<\/p>\n\n\n\n<p>Declar\u00f3 en conferencia de prensa, al terminar la jornada electoral pasadas las 6 de la tarde de ayer, que ser la primera mujer gobernadora de la entidad es un motivo para celebrar.<\/p>\n\n\n\n<p>Asegur\u00f3 que su victoria es para las familias trabajadoras; de las mujeres que han luchado por a\u00f1os para que sus derechos sean reconocidos; de los pueblos originarios que han resistido una y otra vez, de los campesinos que les hab\u00edan dado la espalda.<\/p>\n\n\n\n<p>\u201cEsta victoria es parte de un proceso que comenz\u00f3 hace a\u00f1os (&#8230;) Por ello agradezco mucho la confianza que se ha dado y desde aqu\u00ed reafirm\u00f3 mi compromiso a profundizar el proceso de la cuarta transformaci\u00f3n y a gobernar bajo los valores de humildad y entrega que caracterizan a este movimiento\u201d.<\/p>\n\n\n\n<p>Por otro lado, argument\u00f3 que el \u00fanico detalle que falta para consolidar su victoria en la entidad es que los representantes de casillas no dejen las urnas; pues, aunque coment\u00f3 que sus simpatizantes pueden empezar a celebrar, tienen que aguardar a que est\u00e9n contabilizados todos los votos.<\/p>\n\n\n\n<p>Al cierre de esta edici\u00f3n, con el 58% de las actas computadas en el Programa de Resultados Electorales Preliminares (PREP), G\u00f3mez ten\u00eda 53.1% de la votaci\u00f3n por 43.9% de Del Moral.<\/p>\n\n\n\n<p>La participaci\u00f3n ciudadana era de 48.8%, seg\u00fan los resultados del PREP.<\/p>\n\n\n\n<p><a href=\"mailto:politica@eleconomista.mx\">politica@eleconomista.mx<\/a><\/p>\n","protected":false},"excerpt":{"rendered":"<p>La participaci\u00f3n ciudadana en los comicios se ubic\u00f3 entre 48.7 y 50.2%. JORGE MONROY \/ ARTURO ROJAS \/ EL ECONOMISTA [&hellip;]<\/p>\n","protected":false},"author":1,"featured_media":52551,"comment_status":"open","ping_status":"open","sticky":false,"template":"","format":"standard","meta":{"site-sidebar-layout":"default","site-content-layout":"","ast-site-content-layout":"default","site-content-style":"default","site-sidebar-style":"default","ast-global-header-display":"","ast-banner-title-visibility":"","ast-main-header-display":"","ast-hfb-above-header-display":"","ast-hfb-below-header-display":"","ast-hfb-mobile-header-display":"","site-post-title":"","ast-breadcrumbs-content":"","ast-featured-img":"","footer-sml-layout":"","theme-transparent-header-meta":"","adv-header-id-meta":"","stick-header-meta":"","header-above-stick-meta":"","header-main-stick-meta":"","header-below-stick-meta":"","astra-migrate-meta-layouts":"default","ast-page-background-enabled":"default","ast-page-background-meta":{"desktop":{"background-color":"var(--ast-global-color-4)","background-image":"","background-repeat":"repeat","background-position":"center center","background-size":"auto","background-attachment":"scroll","background-type":"","background-media":"","overlay-type":"","overlay-color":"","overlay-opacity":"","overlay-gradient":""},"tablet":{"background-color":"","background-image":"","background-repeat":"repeat","background-position":"center center","background-size":"auto","background-attachment":"scroll","background-type":"","background-media":"","overlay-type":"","overlay-color":"","overlay-opacity":"","overlay-gradient":""},"mobile":{"background-color":"","background-image":"","background-repeat":"repeat","background-position":"center center","background-size":"auto","background-attachment":"scroll","background-type":"","background-media":"","overlay-type":"","overlay-color":"","overlay-opacity":"","overlay-gradient":""}},"ast-content-background-meta":{"desktop":{"background-color":"var(--ast-global-color-5)","background-image":"","background-repeat":"repeat","background-position":"center center","background-size":"auto","background-attachment":"scroll","background-type":"","background-media":"","overlay-type":"","overlay-color":"","overlay-opacity":"","overlay-gradient":""},"tablet":{"background-color":"var(--ast-global-color-5)","background-image":"","background-repeat":"repeat","background-position":"center center","background-size":"auto","background-attachment":"scroll","background-type":"","background-media":"","overlay-type":"","overlay-color":"","overlay-opacity":"","overlay-gradient":""},"mobile":{"background-color":"var(--ast-global-color-5)","background-image":"","background-repeat":"repeat","background-position":"center center","background-size":"auto","background-attachment":"scroll","background-type":"","background-media":"","overlay-type":"","overlay-color":"","overlay-opacity":"","overlay-gradient":""}},"footnotes":""},"categories":[8],"tags":[13332,16784,16785],"class_list":["post-52550","post","type-post","status-publish","format-standard","has-post-thumbnail","hentry","category-noticias","tag-delfina-gomez","tag-edomex-morena","tag-pri-pierde-edomex"],"_links":{"self":[{"href":"https:\/\/losperiodistas.com.mx\/portal\/wp-json\/wp\/v2\/posts\/52550","targetHints":{"allow":["GET"]}}],"collection":[{"href":"https:\/\/losperiodistas.com.mx\/portal\/wp-json\/wp\/v2\/posts"}],"about":[{"href":"https:\/\/losperiodistas.com.mx\/portal\/wp-json\/wp\/v2\/types\/post"}],"author":[{"embeddable":true,"href":"https:\/\/losperiodistas.com.mx\/portal\/wp-json\/wp\/v2\/users\/1"}],"replies":[{"embeddable":true,"href":"https:\/\/losperiodistas.com.mx\/portal\/wp-json\/wp\/v2\/comments?post=52550"}],"version-history":[{"count":1,"href":"https:\/\/losperiodistas.com.mx\/portal\/wp-json\/wp\/v2\/posts\/52550\/revisions"}],"predecessor-version":[{"id":52552,"href":"https:\/\/losperiodistas.com.mx\/portal\/wp-json\/wp\/v2\/posts\/52550\/revisions\/52552"}],"wp:featuredmedia":[{"embeddable":true,"href":"https:\/\/losperiodistas.com.mx\/portal\/wp-json\/wp\/v2\/media\/52551"}],"wp:attachment":[{"href":"https:\/\/losperiodistas.com.mx\/portal\/wp-json\/wp\/v2\/media?parent=52550"}],"wp:term":[{"taxonomy":"category","embeddable":true,"href":"https:\/\/losperiodistas.com.mx\/portal\/wp-json\/wp\/v2\/categories?post=52550"},{"taxonomy":"post_tag","embeddable":true,"href":"https:\/\/losperiodistas.com.mx\/portal\/wp-json\/wp\/v2\/tags?post=52550"}],"curies":[{"name":"wp","href":"https:\/\/api.w.org\/{rel}","templated":true}]}}