{"id":52538,"date":"2023-06-04T19:36:43","date_gmt":"2023-06-05T00:36:43","guid":{"rendered":"http:\/\/losperiodistas.com.mx\/portal\/?p=52538"},"modified":"2023-06-04T19:36:44","modified_gmt":"2023-06-05T00:36:44","slug":"el-sello-de-la-casa","status":"publish","type":"post","link":"https:\/\/losperiodistas.com.mx\/portal\/el-sello-de-la-casa\/","title":{"rendered":"El sello de la casa"},"content":{"rendered":"\n<p>#PorSoleares <em>\u00bfEl gobernador de Puebla hizo proselitismo para Sheinbaum&#8230; har\u00e1 los mismo con Ad\u00e1n el 10 de junio?<\/em><\/p>\n\n\n\n<p><\/p>\n\n\n\n<figure class=\"wp-block-embed is-type-video is-provider-youtube wp-block-embed-youtube wp-embed-aspect-16-9 wp-has-aspect-ratio\"><div class=\"wp-block-embed__wrapper\">\n<iframe title=\"El sello de la casa | junio 4 2023   HD 720p\" width=\"500\" height=\"281\" src=\"https:\/\/www.youtube.com\/embed\/0UDmbQ1cp4A?feature=oembed\" frameborder=\"0\" allow=\"accelerometer; autoplay; clipboard-write; encrypted-media; gyroscope; picture-in-picture; web-share\" referrerpolicy=\"strict-origin-when-cross-origin\" allowfullscreen><\/iframe>\n<\/div><\/figure>\n\n\n\n<p><\/p>\n\n\n\n<p><\/p>\n\n\n\n<p class=\"has-vivid-red-color has-text-color\" style=\"font-size:26px\"><strong><em>Por Jes\u00fas Manuel Hern\u00e1ndez<\/em><\/strong><\/p>\n\n\n\n<p>Hay fechas que no se olvidan, un nacimiento, una muerte, un logro alcanzado, una postulaci\u00f3n a un cargo, una tragedia\u2026 Para el gobernador Sergio Salom\u00f3n C\u00e9spedes Peregrina los n\u00fameros 14, 17 y 3, deben tener un alto significado en su agenda personal y en consecuencia pol\u00edtica, y precisamente en ese orden.<\/p>\n\n\n\n<p>El <strong>14 de diciembre<\/strong> el Congreso del Estado le declar\u00f3 Gobernador Sustituto en medio de una verdadera rebeli\u00f3n de los legisladores a los intereses nacionales de las corcholatas del centro y gracias a la <strong>operaci\u00f3n log\u00edstica de Julio Huerta<\/strong>, al m\u00e1s puro estilo del finado gobernador Barbosa de quien hered\u00f3 los hilos de las madejas, los amarres, los acuerdos.<\/p>\n\n\n\n<p>El 14 de diciembre no se le olvidar\u00e1 nunca a C\u00e9spedes.<\/p>\n\n\n\n<p>Otra fecha importante, important\u00edsima, el <strong>17 de abril<\/strong> cuando el gobernador acudi\u00f3 a una cita privada con el presidente de M\u00e9xico en Palacio Nacional, la reuni\u00f3n dur\u00f3 poco m\u00e1s de una hora. \u00bfDe qu\u00e9 hablaron? Era el cuestionamiento en los c\u00edrculos cercanos al poblano, surgieron especulaciones y algunas apuntaron a barajar algunos nombres de pol\u00edticos de aqu\u00ed y de all\u00e1 que muy pronto empezaron a ser balconeados, por ejemplo Rodrigo Abdala recibi\u00f3 desde esa fecha invitaciones para acompa\u00f1ar al gobernador en sus giras.<\/p>\n\n\n\n<p>Ese mismo d\u00eda, 17 de abril, C\u00e9spedes se reuni\u00f3 con un personaje de la pol\u00edtica nacional con profundo conocimiento de Puebla, Manuel Bartlett D\u00edaz. \u00bfDe qu\u00e9 hablaron? Las especulaciones se dirigieron a un tema central, los candidatos de Puebla para el 2024.<\/p>\n\n\n\n<p>Y finalmente el <strong>3 de junio<\/strong> el gobernador escribi\u00f3 en su agenda otra fecha importante, <strong>el apoyo p\u00fablico a favor de la precandidata<\/strong>, aspirante, corcholata, para muchos la favorita, Claudia Sheinbaum en <strong>un acto al m\u00e1s puro estilo de la casa<\/strong>, con el sello de Julio Huerta nuevamente, la operaci\u00f3n fue ejecutada sin reparos.<\/p>\n\n\n\n<p>Para los observadores la presencia del gobernador en un acto proselitista <strong>contraviene las disposiciones del INE<\/strong>, para los aspirantes presidenciales es una clara se\u00f1al de marcar un espacio, tomar distancia, y quiz\u00e1 de atender a la l\u00ednea del 17 de abril.<\/p>\n\n\n\n<p>Curioso el mensaje de Claudia Sheinbaum a los poblanos reunidos en <strong>escenarios un tanto cuanto tradicionalmente mis\u00f3ginos<\/strong>: \u201cLas mujeres tambi\u00e9n podemos gobernar y no necesitamos que un hombre est\u00e9 atr\u00e1s de nosotras para dar resultados\u201d. Inmediatamente empezaron los rumores, si es Claudia en M\u00e9xico <strong>entonces \u00bfOlivia ser\u00e1 en Puebla?<\/strong><\/p>\n\n\n\n<p>Y a unos cuantos kil\u00f3metros los \u201c<strong>Nachistas<\/strong>\u201d anunciaron la visita de Ad\u00e1n Augusto L\u00f3pez Hern\u00e1ndez para el 10 de junio, precisamente cuando se cumplir\u00e1n 52 a\u00f1os de la masacre del Corpus Christi donde miembros del ej\u00e9rcito asesinaron a m\u00e1s de 120 j\u00f3venes estudiantes.<\/p>\n\n\n\n<p>Y las preguntas quedan en el aire, de qu\u00e9 hablaron Sergio C\u00e9spedes y el Presidente, y luego con Manuel Bartlett\u2026 \u00bfDe Claudia, de Rodrigo, de Julio\u2026?<\/p>\n\n\n\n<p>Interesantes conclusiones se derivan de la reflexi\u00f3n, por lo pronto habr\u00e1 que estar pendientes el pr\u00f3ximo s\u00e1bado si <strong>el sello de la casa se repite <\/strong>en la recepci\u00f3n al Secretario de Gobernaci\u00f3n incluida la movilizaci\u00f3n y asistencia del mism\u00edsimo gobernador.<\/p>\n\n\n\n<p>Por cierto la oposici\u00f3n ya se sum\u00f3 tambi\u00e9n al sello de la casa\u2026<\/p>\n\n\n\n<p>O por lo menos, as\u00ed me lo parece.<\/p>\n\n\n\n<p><a href=\"mailto:losperiodistas.com.mx@gmail.com\">losperiodistas.com.mx@gmail.com<\/a><\/p>\n","protected":false},"excerpt":{"rendered":"<p>#PorSoleares \u00bfEl gobernador de Puebla hizo proselitismo para Sheinbaum&#8230; har\u00e1 los mismo con Ad\u00e1n el 10 de junio? Por Jes\u00fas [&hellip;]<\/p>\n","protected":false},"author":1,"featured_media":52539,"comment_status":"open","ping_status":"open","sticky":false,"template":"","format":"standard","meta":{"site-sidebar-layout":"default","site-content-layout":"","ast-site-content-layout":"default","site-content-style":"default","site-sidebar-style":"default","ast-global-header-display":"","ast-banner-title-visibility":"","ast-main-header-display":"","ast-hfb-above-header-display":"","ast-hfb-below-header-display":"","ast-hfb-mobile-header-display":"","site-post-title":"","ast-breadcrumbs-content":"","ast-featured-img":"","footer-sml-layout":"","theme-transparent-header-meta":"","adv-header-id-meta":"","stick-header-meta":"","header-above-stick-meta":"","header-main-stick-meta":"","header-below-stick-meta":"","astra-migrate-meta-layouts":"default","ast-page-background-enabled":"default","ast-page-background-meta":{"desktop":{"background-color":"var(--ast-global-color-4)","background-image":"","background-repeat":"repeat","background-position":"center center","background-size":"auto","background-attachment":"scroll","background-type":"","background-media":"","overlay-type":"","overlay-color":"","overlay-opacity":"","overlay-gradient":""},"tablet":{"background-color":"","background-image":"","background-repeat":"repeat","background-position":"center center","background-size":"auto","background-attachment":"scroll","background-type":"","background-media":"","overlay-type":"","overlay-color":"","overlay-opacity":"","overlay-gradient":""},"mobile":{"background-color":"","background-image":"","background-repeat":"repeat","background-position":"center center","background-size":"auto","background-attachment":"scroll","background-type":"","background-media":"","overlay-type":"","overlay-color":"","overlay-opacity":"","overlay-gradient":""}},"ast-content-background-meta":{"desktop":{"background-color":"var(--ast-global-color-5)","background-image":"","background-repeat":"repeat","background-position":"center center","background-size":"auto","background-attachment":"scroll","background-type":"","background-media":"","overlay-type":"","overlay-color":"","overlay-opacity":"","overlay-gradient":""},"tablet":{"background-color":"var(--ast-global-color-5)","background-image":"","background-repeat":"repeat","background-position":"center center","background-size":"auto","background-attachment":"scroll","background-type":"","background-media":"","overlay-type":"","overlay-color":"","overlay-opacity":"","overlay-gradient":""},"mobile":{"background-color":"var(--ast-global-color-5)","background-image":"","background-repeat":"repeat","background-position":"center center","background-size":"auto","background-attachment":"scroll","background-type":"","background-media":"","overlay-type":"","overlay-color":"","overlay-opacity":"","overlay-gradient":""}},"footnotes":""},"categories":[8,5],"tags":[1505,16783,73,10764,12221,13875],"class_list":["post-52538","post","type-post","status-publish","format-standard","has-post-thumbnail","hentry","category-noticias","category-por-soleares","tag-claudia-sheinbaum","tag-juiohuerta","tag-miguel-barbosa","tag-morena-2024","tag-nacho-mier","tag-sergio-salomon-cespedes"],"_links":{"self":[{"href":"https:\/\/losperiodistas.com.mx\/portal\/wp-json\/wp\/v2\/posts\/52538","targetHints":{"allow":["GET"]}}],"collection":[{"href":"https:\/\/losperiodistas.com.mx\/portal\/wp-json\/wp\/v2\/posts"}],"about":[{"href":"https:\/\/losperiodistas.com.mx\/portal\/wp-json\/wp\/v2\/types\/post"}],"author":[{"embeddable":true,"href":"https:\/\/losperiodistas.com.mx\/portal\/wp-json\/wp\/v2\/users\/1"}],"replies":[{"embeddable":true,"href":"https:\/\/losperiodistas.com.mx\/portal\/wp-json\/wp\/v2\/comments?post=52538"}],"version-history":[{"count":1,"href":"https:\/\/losperiodistas.com.mx\/portal\/wp-json\/wp\/v2\/posts\/52538\/revisions"}],"predecessor-version":[{"id":52540,"href":"https:\/\/losperiodistas.com.mx\/portal\/wp-json\/wp\/v2\/posts\/52538\/revisions\/52540"}],"wp:featuredmedia":[{"embeddable":true,"href":"https:\/\/losperiodistas.com.mx\/portal\/wp-json\/wp\/v2\/media\/52539"}],"wp:attachment":[{"href":"https:\/\/losperiodistas.com.mx\/portal\/wp-json\/wp\/v2\/media?parent=52538"}],"wp:term":[{"taxonomy":"category","embeddable":true,"href":"https:\/\/losperiodistas.com.mx\/portal\/wp-json\/wp\/v2\/categories?post=52538"},{"taxonomy":"post_tag","embeddable":true,"href":"https:\/\/losperiodistas.com.mx\/portal\/wp-json\/wp\/v2\/tags?post=52538"}],"curies":[{"name":"wp","href":"https:\/\/api.w.org\/{rel}","templated":true}]}}