{"id":52535,"date":"2023-06-04T19:30:50","date_gmt":"2023-06-05T00:30:50","guid":{"rendered":"http:\/\/losperiodistas.com.mx\/portal\/?p=52535"},"modified":"2023-06-04T19:30:52","modified_gmt":"2023-06-05T00:30:52","slug":"cierran-casillas-en-el-edomex-alejandra-del-moral-y-delfina-gomez-se-declaran-ganadoras-forbes","status":"publish","type":"post","link":"https:\/\/losperiodistas.com.mx\/portal\/cierran-casillas-en-el-edomex-alejandra-del-moral-y-delfina-gomez-se-declaran-ganadoras-forbes\/","title":{"rendered":"Cierran casillas en el Edomex; Alejandra Del Moral y Delfina G\u00f3mez se declaran ganadoras | Forbes"},"content":{"rendered":"\n<p class=\"has-background has-medium-font-size\" style=\"background-color:#f54a4a\"><em>Tras el cierre de casillas, Alejandra del Moral de la Alianza Va Por M\u00e9xico y Delfina G\u00f3mez de Morena, PT y PVEM se declararon ganadoras de la elecci\u00f3n en Edomex.<\/em><\/p>\n\n\n\n<p><\/p>\n\n\n\n<figure class=\"wp-block-image size-large is-style-default\"><img fetchpriority=\"high\" decoding=\"async\" width=\"1024\" height=\"578\" src=\"https:\/\/losperiodistas.com.mx\/portal\/wp-content\/uploads\/2023\/06\/Captura-de-Pantalla-2023-06-04-a-las-18.24.45-1024x578.jpg\" alt=\"\" class=\"wp-image-52536\" srcset=\"https:\/\/losperiodistas.com.mx\/portal\/wp-content\/uploads\/2023\/06\/Captura-de-Pantalla-2023-06-04-a-las-18.24.45-1024x578.jpg 1024w, https:\/\/losperiodistas.com.mx\/portal\/wp-content\/uploads\/2023\/06\/Captura-de-Pantalla-2023-06-04-a-las-18.24.45-300x169.jpg 300w, https:\/\/losperiodistas.com.mx\/portal\/wp-content\/uploads\/2023\/06\/Captura-de-Pantalla-2023-06-04-a-las-18.24.45-768x434.jpg 768w, https:\/\/losperiodistas.com.mx\/portal\/wp-content\/uploads\/2023\/06\/Captura-de-Pantalla-2023-06-04-a-las-18.24.45-1536x867.jpg 1536w, https:\/\/losperiodistas.com.mx\/portal\/wp-content\/uploads\/2023\/06\/Captura-de-Pantalla-2023-06-04-a-las-18.24.45.jpg 1718w\" sizes=\"(max-width: 1024px) 100vw, 1024px\" \/><figcaption>Delfina G\u00f3mez y Alejandra del Moral. Foto: Forbes Staff.<\/figcaption><\/figure>\n\n\n\n<p><\/p>\n\n\n\n<p class=\"has-vivid-red-color has-text-color has-medium-font-size\"><strong>YARED DE LA ROSA \/ EMMANUEL CARRILLO \/ FORBES<\/strong><\/p>\n\n\n\n<p>Minutos despu\u00e9s del cierre de casillas en el Estado de M\u00e9xico, las candidatas de la Alianza Va por M\u00e9xico, Alejandra del Moral, as\u00ed como de la Coalici\u00f3n Morena, PT y PVEM, Delfina G\u00f3mez, se declararon ganadoras de la elecci\u00f3n a la gubernatura del estado sustentadas en sus propias encuestas de salida.<\/p>\n\n\n\n<p>En primer lugar, la candidata Alejandra del Moral de la Alianza Va por M\u00e9xico, afirm\u00f3 que gan\u00f3 la elecci\u00f3n y llam\u00f3 a sus simpatizantes a estar atentos al resultado que difunda la autoridad electoral.<\/p>\n\n\n\n<p>Arropada por los liderazgos nacionales del PAN, PRI y el PRD, Del Moral sostuvo que la alianza logr\u00f3 un 100% de la representaci\u00f3n en las casillas instaladas en la entidad con lo cual pueden sostener la victoria en los comicios.<\/p>\n\n\n\n<p>\u00abEstoy muy contenta, muy entusiasmada tenemos el 100% de representaci\u00f3n electoral, esta coalici\u00f3n logr\u00f3 la representaci\u00f3n en todas las casillas. Con esta informaci\u00f3n de nuestros representantes les decimos que ganamos esta elecci\u00f3n del Estado de M\u00e9xico\u201d, afirm\u00f3 la candidata priista en un breve mensajes.<\/p>\n\n\n\n<p>En tanto, el dirigente de Morena, Mario Delgado, asegur\u00f3 que Delfina G\u00f3mez gan\u00f3 la gubernatura del Estado de M\u00e9xico.<\/p>\n\n\n\n<p>\u201c(Delfina G\u00f3mez) gan\u00f3 de manera contundente y por m\u00e1s de dos d\u00edgitos la gubernatura del Estado de M\u00e9xico\u201d, dijo Mario Delgado.<\/p>\n\n\n\n<p>En conferencia, coment\u00f3 que las encuestas de salida le dan ventaja hasta por 17 puntos con Alejandra del Moral, contendiente del PAN, PRI, PRD.<\/p>\n\n\n\n<p>Adem\u00e1s, reconoci\u00f3 al PT y al PVEM por apoyar a la candidata morenista.<\/p>\n\n\n\n<p>Fuente: <a href=\"https:\/\/www.forbes.com.mx\/cierran-casillas-en-el-edomex-alejandra-del-moral-y-delfina-gomez-se-declaran-ganadoras\/\">https:\/\/www.forbes.com.mx\/cierran-casillas-en-el-edomex-alejandra-del-moral-y-delfina-gomez-se-declaran-ganadoras\/<\/a><\/p>\n","protected":false},"excerpt":{"rendered":"<p>Tras el cierre de casillas, Alejandra del Moral de la Alianza Va Por M\u00e9xico y Delfina G\u00f3mez de Morena, PT [&hellip;]<\/p>\n","protected":false},"author":1,"featured_media":52536,"comment_status":"open","ping_status":"open","sticky":false,"template":"","format":"standard","meta":{"site-sidebar-layout":"default","site-content-layout":"","ast-site-content-layout":"default","site-content-style":"default","site-sidebar-style":"default","ast-global-header-display":"","ast-banner-title-visibility":"","ast-main-header-display":"","ast-hfb-above-header-display":"","ast-hfb-below-header-display":"","ast-hfb-mobile-header-display":"","site-post-title":"","ast-breadcrumbs-content":"","ast-featured-img":"","footer-sml-layout":"","theme-transparent-header-meta":"","adv-header-id-meta":"","stick-header-meta":"","header-above-stick-meta":"","header-main-stick-meta":"","header-below-stick-meta":"","astra-migrate-meta-layouts":"default","ast-page-background-enabled":"default","ast-page-background-meta":{"desktop":{"background-color":"var(--ast-global-color-4)","background-image":"","background-repeat":"repeat","background-position":"center center","background-size":"auto","background-attachment":"scroll","background-type":"","background-media":"","overlay-type":"","overlay-color":"","overlay-opacity":"","overlay-gradient":""},"tablet":{"background-color":"","background-image":"","background-repeat":"repeat","background-position":"center center","background-size":"auto","background-attachment":"scroll","background-type":"","background-media":"","overlay-type":"","overlay-color":"","overlay-opacity":"","overlay-gradient":""},"mobile":{"background-color":"","background-image":"","background-repeat":"repeat","background-position":"center center","background-size":"auto","background-attachment":"scroll","background-type":"","background-media":"","overlay-type":"","overlay-color":"","overlay-opacity":"","overlay-gradient":""}},"ast-content-background-meta":{"desktop":{"background-color":"var(--ast-global-color-5)","background-image":"","background-repeat":"repeat","background-position":"center center","background-size":"auto","background-attachment":"scroll","background-type":"","background-media":"","overlay-type":"","overlay-color":"","overlay-opacity":"","overlay-gradient":""},"tablet":{"background-color":"var(--ast-global-color-5)","background-image":"","background-repeat":"repeat","background-position":"center center","background-size":"auto","background-attachment":"scroll","background-type":"","background-media":"","overlay-type":"","overlay-color":"","overlay-opacity":"","overlay-gradient":""},"mobile":{"background-color":"var(--ast-global-color-5)","background-image":"","background-repeat":"repeat","background-position":"center center","background-size":"auto","background-attachment":"scroll","background-type":"","background-media":"","overlay-type":"","overlay-color":"","overlay-opacity":"","overlay-gradient":""}},"footnotes":""},"categories":[8],"tags":[13330,13332,14691,11834],"class_list":["post-52535","post","type-post","status-publish","format-standard","has-post-thumbnail","hentry","category-noticias","tag-alejandra-del-moral","tag-delfina-gomez","tag-elecciones-2023-2","tag-estado-de-mexico"],"_links":{"self":[{"href":"https:\/\/losperiodistas.com.mx\/portal\/wp-json\/wp\/v2\/posts\/52535","targetHints":{"allow":["GET"]}}],"collection":[{"href":"https:\/\/losperiodistas.com.mx\/portal\/wp-json\/wp\/v2\/posts"}],"about":[{"href":"https:\/\/losperiodistas.com.mx\/portal\/wp-json\/wp\/v2\/types\/post"}],"author":[{"embeddable":true,"href":"https:\/\/losperiodistas.com.mx\/portal\/wp-json\/wp\/v2\/users\/1"}],"replies":[{"embeddable":true,"href":"https:\/\/losperiodistas.com.mx\/portal\/wp-json\/wp\/v2\/comments?post=52535"}],"version-history":[{"count":1,"href":"https:\/\/losperiodistas.com.mx\/portal\/wp-json\/wp\/v2\/posts\/52535\/revisions"}],"predecessor-version":[{"id":52537,"href":"https:\/\/losperiodistas.com.mx\/portal\/wp-json\/wp\/v2\/posts\/52535\/revisions\/52537"}],"wp:featuredmedia":[{"embeddable":true,"href":"https:\/\/losperiodistas.com.mx\/portal\/wp-json\/wp\/v2\/media\/52536"}],"wp:attachment":[{"href":"https:\/\/losperiodistas.com.mx\/portal\/wp-json\/wp\/v2\/media?parent=52535"}],"wp:term":[{"taxonomy":"category","embeddable":true,"href":"https:\/\/losperiodistas.com.mx\/portal\/wp-json\/wp\/v2\/categories?post=52535"},{"taxonomy":"post_tag","embeddable":true,"href":"https:\/\/losperiodistas.com.mx\/portal\/wp-json\/wp\/v2\/tags?post=52535"}],"curies":[{"name":"wp","href":"https:\/\/api.w.org\/{rel}","templated":true}]}}