{"id":52532,"date":"2023-06-04T19:15:09","date_gmt":"2023-06-05T00:15:09","guid":{"rendered":"http:\/\/losperiodistas.com.mx\/portal\/?p=52532"},"modified":"2023-06-04T19:15:11","modified_gmt":"2023-06-05T00:15:11","slug":"fallece-el-periodista-ricardo-rocha-a-los-76-anos","status":"publish","type":"post","link":"https:\/\/losperiodistas.com.mx\/portal\/fallece-el-periodista-ricardo-rocha-a-los-76-anos\/","title":{"rendered":"Fallece el periodista Ricardo Rocha a los 76 a\u00f1os\u00a0"},"content":{"rendered":"\n<figure class=\"wp-block-image size-large is-style-default\"><img fetchpriority=\"high\" decoding=\"async\" width=\"1024\" height=\"912\" src=\"https:\/\/losperiodistas.com.mx\/portal\/wp-content\/uploads\/2023\/06\/ricardo-rocha-1024x912.jpeg\" alt=\"\" class=\"wp-image-52533\" srcset=\"https:\/\/losperiodistas.com.mx\/portal\/wp-content\/uploads\/2023\/06\/ricardo-rocha-1024x912.jpeg 1024w, https:\/\/losperiodistas.com.mx\/portal\/wp-content\/uploads\/2023\/06\/ricardo-rocha-300x267.jpeg 300w, https:\/\/losperiodistas.com.mx\/portal\/wp-content\/uploads\/2023\/06\/ricardo-rocha-768x684.jpeg 768w, https:\/\/losperiodistas.com.mx\/portal\/wp-content\/uploads\/2023\/06\/ricardo-rocha.jpeg 1284w\" sizes=\"(max-width: 1024px) 100vw, 1024px\" \/><\/figure>\n\n\n\n<p><\/p>\n\n\n\n<p><\/p>\n\n\n\n<p class=\"has-vivid-red-color has-text-color has-medium-font-size\"><strong>ROCHA INORMA \/ REDACCI\u00d3N<\/strong><\/p>\n\n\n\n<p><strong>El periodista y conductor de televisi\u00f3n Ricardo Rocha Reynaga falleci\u00f3 a los 76 a\u00f1os<\/strong>, as\u00ed lo confirm\u00f3 este domingo su hijo, el tambi\u00e9n periodista Jorge Armando Rocha, por medio de un mensaje de Twitter.<\/p>\n\n\n\n<p>\u00abPap\u00e1 abre tus alas, fuiste bueno, un hombre muy digno con los mejores valores. Abriste brecha cuando el sistema lo ten\u00eda controlado. Dejas gran escuela period\u00edstica. Ayudaste a todo aquel que se te acerc\u00f3. Te vamos a alcanzar. Te amo. Que Dios te bendiga siempre, con \u00e9l est\u00e1s\u00bb, escribi\u00f3 el conductor.<\/p>\n\n\n\n<figure class=\"wp-block-embed is-type-rich is-provider-twitter wp-block-embed-twitter\"><div class=\"wp-block-embed__wrapper\">\nhttps:\/\/twitter.com\/rochaperiodista\/status\/1665474197710069760?ref_src=twsrc%5Etfw%7Ctwcamp%5Etweetembed%7Ctwterm%5E1665474197710069760%7Ctwgr%5E11351867d7be1da861d9faa7943132622a87d5b9%7Ctwcon%5Es1_c10&#038;ref_url=https%3A%2F%2Fwww.rochainforma.com%2Ffallece-el-periodista-ricardo-rocha-a-los-76-anos%2F\n<\/div><\/figure>\n\n\n\n<p>De igual forma, el comunicador Joaqu\u00edn L\u00f3pez D\u00f3riga lament\u00f3 la noticia.<\/p>\n\n\n\n<p>\u201cLamento informarles el fallecimiento de mi querido compadre y compa\u00f1ero de tantos a\u00f1os @RicardoRocha_MX Descansa en paz, compadre querido. A tus hijos mi abrazo con dolor. Te vamos a extra\u00f1ar\u201d, public\u00f3 en Twitter.<\/p>\n\n\n\n<figure class=\"wp-block-embed is-type-rich is-provider-twitter wp-block-embed-twitter\"><div class=\"wp-block-embed__wrapper\">\n<blockquote class=\"twitter-tweet\" data-width=\"500\" data-dnt=\"true\"><p lang=\"es\" dir=\"ltr\">Lamento informarles el fallecimiento de mi querido compadre y compa\u00f1ero de tantos a\u00f1os <a href=\"https:\/\/twitter.com\/RicardoRocha_MX?ref_src=twsrc%5Etfw\">@RicardoRocha_MX<\/a> Descansa en paz, compadre querido. A tus hijos mi abrazo con dolor. Te vamos a extra\u00f1ar <a href=\"https:\/\/t.co\/aWmOSHYuXJ\">pic.twitter.com\/aWmOSHYuXJ<\/a><\/p>&mdash; Joaqu\u00edn L\u00f3pez-D\u00f3riga (@lopezdoriga) <a href=\"https:\/\/twitter.com\/lopezdoriga\/status\/1665472379508629504?ref_src=twsrc%5Etfw\">June 4, 2023<\/a><\/blockquote><script async src=\"https:\/\/platform.twitter.com\/widgets.js\" charset=\"utf-8\"><\/script>\n<\/div><\/figure>\n\n\n\n<p>Diversos periodistas, medios del pa\u00eds y personalidades del espect\u00e1culo publicaron mensajes en redes sociales tras la noticia de la muerte del comunicador.<br><br><strong>Trayectoria<\/strong><br><br>Ricardo Rocha naci\u00f3 el 27 de marzo de 1947 en la Ciudad de M\u00e9xico. Era habitante del \u201cBarrio bravo\u201d de Tepito.<br><br>En el a\u00f1o de 1968 ingres\u00f3 a la Universidad Nacional Aut\u00f3noma de M\u00e9xico (UNAM) para estudiar administraci\u00f3n de empresas; sin embargo, antes de terminar la carrera, decidi\u00f3 dedicarse al periodismo.<br><br>Adem\u00e1s de ser conductor de programas de televisi\u00f3n y de radio exitosos, ejerci\u00f3 como redactor, reportero, corresponsal de guerra y productor.<br><br>En 1977 fue reconocido con el Premio Nacional de Periodismo por su trabajo al cubrir la Revoluci\u00f3n Sandinista en Nicaragua.<br><br>Tambi\u00e9n dise\u00f1\u00f3 y condujo programas \u201cPara gente grande\u201d, \u201cEn Vivo\u201d y \u201cAnimal Nocturno\u201d, \u201cReporte 13\u201d; fue coautor de \u201cYo corresponsal de guerra\u201d y autor de \u201cConversaciones para gente grande\u201d.<br><br>En 1997 cre\u00f3 el concepto \u201cDetr\u00e1s de la Noticia\u201d y en 1999 lo consolid\u00f3 como agencia informativa (DDN).<\/p>\n\n\n\n<figure class=\"wp-block-image is-style-default\"><a href=\"data:image\/gif;base64,R0lGODlhAQABAIAAAAAAAP\/\/\/yH5BAEAAAAALAAAAAABAAEAAAIBRAA7\"><img decoding=\"async\" src=\"https:\/\/www.rochainforma.com\/wp-content\/uploads\/2023\/06\/ricardo-rocha_1-860x1024.jpg\" alt=\"\" class=\"wp-image-67656\"\/><\/a><\/figure>\n\n\n\n<p>Desde 2001 y hasta la actualidad colabor\u00f3 con \u201cEl Universal\u201d, adem\u00e1s conduc\u00eda el programa de noticias y comentarios pol\u00edticos \u201cDetr\u00e1s de la Noticia\u201d, a trav\u00e9s de la frecuencia 104.1 de FM todas las ma\u00f1anas de lunes a viernes por Radio F\u00f3rmula.<\/p>\n\n\n\n<p>Fuente: <a href=\"https:\/\/www.rochainforma.com\/fallece-el-periodista-ricardo-rocha-a-los-76-anos\/\">https:\/\/www.rochainforma.com\/fallece-el-periodista-ricardo-rocha-a-los-76-anos\/<\/a><\/p>\n","protected":false},"excerpt":{"rendered":"<p>ROCHA INORMA \/ REDACCI\u00d3N El periodista y conductor de televisi\u00f3n Ricardo Rocha Reynaga falleci\u00f3 a los 76 a\u00f1os, as\u00ed lo [&hellip;]<\/p>\n","protected":false},"author":1,"featured_media":52533,"comment_status":"open","ping_status":"open","sticky":false,"template":"","format":"standard","meta":{"site-sidebar-layout":"default","site-content-layout":"","ast-site-content-layout":"default","site-content-style":"default","site-sidebar-style":"default","ast-global-header-display":"","ast-banner-title-visibility":"","ast-main-header-display":"","ast-hfb-above-header-display":"","ast-hfb-below-header-display":"","ast-hfb-mobile-header-display":"","site-post-title":"","ast-breadcrumbs-content":"","ast-featured-img":"","footer-sml-layout":"","theme-transparent-header-meta":"","adv-header-id-meta":"","stick-header-meta":"","header-above-stick-meta":"","header-main-stick-meta":"","header-below-stick-meta":"","astra-migrate-meta-layouts":"default","ast-page-background-enabled":"default","ast-page-background-meta":{"desktop":{"background-color":"var(--ast-global-color-4)","background-image":"","background-repeat":"repeat","background-position":"center center","background-size":"auto","background-attachment":"scroll","background-type":"","background-media":"","overlay-type":"","overlay-color":"","overlay-opacity":"","overlay-gradient":""},"tablet":{"background-color":"","background-image":"","background-repeat":"repeat","background-position":"center center","background-size":"auto","background-attachment":"scroll","background-type":"","background-media":"","overlay-type":"","overlay-color":"","overlay-opacity":"","overlay-gradient":""},"mobile":{"background-color":"","background-image":"","background-repeat":"repeat","background-position":"center center","background-size":"auto","background-attachment":"scroll","background-type":"","background-media":"","overlay-type":"","overlay-color":"","overlay-opacity":"","overlay-gradient":""}},"ast-content-background-meta":{"desktop":{"background-color":"var(--ast-global-color-5)","background-image":"","background-repeat":"repeat","background-position":"center center","background-size":"auto","background-attachment":"scroll","background-type":"","background-media":"","overlay-type":"","overlay-color":"","overlay-opacity":"","overlay-gradient":""},"tablet":{"background-color":"var(--ast-global-color-5)","background-image":"","background-repeat":"repeat","background-position":"center center","background-size":"auto","background-attachment":"scroll","background-type":"","background-media":"","overlay-type":"","overlay-color":"","overlay-opacity":"","overlay-gradient":""},"mobile":{"background-color":"var(--ast-global-color-5)","background-image":"","background-repeat":"repeat","background-position":"center center","background-size":"auto","background-attachment":"scroll","background-type":"","background-media":"","overlay-type":"","overlay-color":"","overlay-opacity":"","overlay-gradient":""}},"footnotes":""},"categories":[8],"tags":[16782],"class_list":["post-52532","post","type-post","status-publish","format-standard","has-post-thumbnail","hentry","category-noticias","tag-ricardo-rocha"],"_links":{"self":[{"href":"https:\/\/losperiodistas.com.mx\/portal\/wp-json\/wp\/v2\/posts\/52532","targetHints":{"allow":["GET"]}}],"collection":[{"href":"https:\/\/losperiodistas.com.mx\/portal\/wp-json\/wp\/v2\/posts"}],"about":[{"href":"https:\/\/losperiodistas.com.mx\/portal\/wp-json\/wp\/v2\/types\/post"}],"author":[{"embeddable":true,"href":"https:\/\/losperiodistas.com.mx\/portal\/wp-json\/wp\/v2\/users\/1"}],"replies":[{"embeddable":true,"href":"https:\/\/losperiodistas.com.mx\/portal\/wp-json\/wp\/v2\/comments?post=52532"}],"version-history":[{"count":1,"href":"https:\/\/losperiodistas.com.mx\/portal\/wp-json\/wp\/v2\/posts\/52532\/revisions"}],"predecessor-version":[{"id":52534,"href":"https:\/\/losperiodistas.com.mx\/portal\/wp-json\/wp\/v2\/posts\/52532\/revisions\/52534"}],"wp:featuredmedia":[{"embeddable":true,"href":"https:\/\/losperiodistas.com.mx\/portal\/wp-json\/wp\/v2\/media\/52533"}],"wp:attachment":[{"href":"https:\/\/losperiodistas.com.mx\/portal\/wp-json\/wp\/v2\/media?parent=52532"}],"wp:term":[{"taxonomy":"category","embeddable":true,"href":"https:\/\/losperiodistas.com.mx\/portal\/wp-json\/wp\/v2\/categories?post=52532"},{"taxonomy":"post_tag","embeddable":true,"href":"https:\/\/losperiodistas.com.mx\/portal\/wp-json\/wp\/v2\/tags?post=52532"}],"curies":[{"name":"wp","href":"https:\/\/api.w.org\/{rel}","templated":true}]}}