{"id":5250,"date":"2021-03-05T08:34:06","date_gmt":"2021-03-05T14:34:06","guid":{"rendered":"http:\/\/losperiodistas.com.mx\/portal\/?p=5250"},"modified":"2021-03-05T09:04:26","modified_gmt":"2021-03-05T15:04:26","slug":"actividades-virtuales-en-el-dia-internacional-de-la-mujer","status":"publish","type":"post","link":"https:\/\/losperiodistas.com.mx\/portal\/actividades-virtuales-en-el-dia-internacional-de-la-mujer\/","title":{"rendered":"Actividades virtuales en el D\u00eda Internacional de la Mujer"},"content":{"rendered":"\n<p style=\"font-size:18px\"><em>Ayuntamiento de Puebla organiza eventos para el 8 de marzo<\/em><\/p>\n\n\n\n<p class=\"has-vivid-cyan-blue-color has-text-color has-medium-font-size\">REDACCI\u00d3N<\/p>\n\n\n\n<p>El Ayuntamiento de Puebla inform\u00f3 sobre las actividades que llevar\u00e1n a cabo diferentes dependencias en el marco del D\u00eda Internacional de la Mujeres, que se conmemora el 8 de marzo.<\/p>\n\n\n\n<p>En rueda de prensa, la Presidenta Municipal, Claudia Rivera Vivanco, enfatiz\u00f3 que la administraci\u00f3n que preside tiene como uno de sus ejes transversales la igualdad sustantiva de g\u00e9nero, por lo que las actividades a realizar tendr\u00e1n este enfoque.<\/p>\n\n\n\n<p>Por parte de la Secretar\u00eda de Igualdad Sustantiva de G\u00e9nero, se llevar\u00e1n a cabo talleres, mesas de di\u00e1logo, exposiciones art\u00edsticas, obras de teatro y conciertos, del 8 al 15 de marzo y se contar\u00e1 con la participaci\u00f3n de colectivas, asociaciones civiles, la Red Mexicana de Payasas, Mare Advertencia L\u00edrica, entre otras.<\/p>\n\n\n\n<p>De igual forma, de las siete direcciones del Sistema Municipal DIF, del 5 al 12 de marzo, se realizar\u00e1n actividades virtuales de empoderamiento, concientizaci\u00f3n y reflexi\u00f3n de los derechos de las mujeres, as\u00ed como las problem\u00e1ticas y necesidades que experimentan en sus diferentes edades.<\/p>\n\n\n\n<p>A estas actividades virtuales se suman los institutos de la Juventud, el de Arte y Cultura; las secretar\u00edas de Desarrollo Urbano y Sustentabilidad, Protecci\u00f3n Civil y Gesti\u00f3n Integral de Riesgos, Desarrollo Econ\u00f3mico; la Gerencia del Centro Hist\u00f3rico e Industrial de Abastos, a trav\u00e9s de sus p\u00e1ginas oficiales de Facebook o mediante reuniones en plataformas como ZOOM o Google Meet.<\/p>\n\n\n\n<p>Adem\u00e1s, como parte de las actividades recurrentes, el Cuerpo Edilicio Poblano otorgar\u00e1 el Premio Municipal Natalia Serd\u00e1n a aquellas mujeres que hayan contribuido en la promoci\u00f3n de los derechos humanos, la igualdad de g\u00e9nero o labor destacada en la ciencia o t\u00e9cnica. Para ello, se podr\u00e1 revisar la convocatoria a partir del 8 de marzo y hasta el 15 de marzo.<\/p>\n\n\n\n<p>Para m\u00e1s informaci\u00f3n, consultar las redes sociales del Ayuntamiento de Puebla, @PueblaAyto, de la Secretar\u00eda para la Igualdad Sustantiva de G\u00e9nero, @PueblaMujeres, o del Sistema Municipal DIF. @SMDIFPue.<\/p>\n\n\n\n<p>En esta rueda de prensa estuvieron presentes Vianeth Rojas Arenas, encargada de despacho de la Secretar\u00eda para la Igualdad Sustantiva de G\u00e9nero; Silvia Jaime Hern\u00e1ndez, directora del Sistema Municipal DIF; Dami\u00e1n Romero Su\u00e1rez, secretario del Ayuntamiento; y Argelia Arriaga, Presidenta Municipal suplente.<\/p>\n\n\n\n<p>Fuente: https:\/\/www.pueblacapital.gob.mx\/noticias\/noticias-destacadas\/item\/14879-con-actividades-virtuales-ayuntamiento-de-puebla-conmemorara-el-dia-internacional-de-la-mujer<\/p>\n","protected":false},"excerpt":{"rendered":"<p>Ayuntamiento de Puebla organiza eventos para el 8 de marzo REDACCI\u00d3N El Ayuntamiento de Puebla inform\u00f3 sobre las actividades que [&hellip;]<\/p>\n","protected":false},"author":1,"featured_media":5251,"comment_status":"open","ping_status":"open","sticky":false,"template":"","format":"standard","meta":{"site-sidebar-layout":"default","site-content-layout":"","ast-site-content-layout":"default","site-content-style":"default","site-sidebar-style":"default","ast-global-header-display":"","ast-banner-title-visibility":"","ast-main-header-display":"","ast-hfb-above-header-display":"","ast-hfb-below-header-display":"","ast-hfb-mobile-header-display":"","site-post-title":"","ast-breadcrumbs-content":"","ast-featured-img":"","footer-sml-layout":"","theme-transparent-header-meta":"","adv-header-id-meta":"","stick-header-meta":"","header-above-stick-meta":"","header-main-stick-meta":"","header-below-stick-meta":"","astra-migrate-meta-layouts":"default","ast-page-background-enabled":"default","ast-page-background-meta":{"desktop":{"background-color":"var(--ast-global-color-4)","background-image":"","background-repeat":"repeat","background-position":"center center","background-size":"auto","background-attachment":"scroll","background-type":"","background-media":"","overlay-type":"","overlay-color":"","overlay-opacity":"","overlay-gradient":""},"tablet":{"background-color":"","background-image":"","background-repeat":"repeat","background-position":"center center","background-size":"auto","background-attachment":"scroll","background-type":"","background-media":"","overlay-type":"","overlay-color":"","overlay-opacity":"","overlay-gradient":""},"mobile":{"background-color":"","background-image":"","background-repeat":"repeat","background-position":"center center","background-size":"auto","background-attachment":"scroll","background-type":"","background-media":"","overlay-type":"","overlay-color":"","overlay-opacity":"","overlay-gradient":""}},"ast-content-background-meta":{"desktop":{"background-color":"var(--ast-global-color-5)","background-image":"","background-repeat":"repeat","background-position":"center center","background-size":"auto","background-attachment":"scroll","background-type":"","background-media":"","overlay-type":"","overlay-color":"","overlay-opacity":"","overlay-gradient":""},"tablet":{"background-color":"var(--ast-global-color-5)","background-image":"","background-repeat":"repeat","background-position":"center center","background-size":"auto","background-attachment":"scroll","background-type":"","background-media":"","overlay-type":"","overlay-color":"","overlay-opacity":"","overlay-gradient":""},"mobile":{"background-color":"var(--ast-global-color-5)","background-image":"","background-repeat":"repeat","background-position":"center center","background-size":"auto","background-attachment":"scroll","background-type":"","background-media":"","overlay-type":"","overlay-color":"","overlay-opacity":"","overlay-gradient":""}},"footnotes":""},"categories":[8],"tags":[292,293],"class_list":["post-5250","post","type-post","status-publish","format-standard","has-post-thumbnail","hentry","category-noticias","tag-8m","tag-dia-internacional-de-la-mujer-puebla"],"_links":{"self":[{"href":"https:\/\/losperiodistas.com.mx\/portal\/wp-json\/wp\/v2\/posts\/5250","targetHints":{"allow":["GET"]}}],"collection":[{"href":"https:\/\/losperiodistas.com.mx\/portal\/wp-json\/wp\/v2\/posts"}],"about":[{"href":"https:\/\/losperiodistas.com.mx\/portal\/wp-json\/wp\/v2\/types\/post"}],"author":[{"embeddable":true,"href":"https:\/\/losperiodistas.com.mx\/portal\/wp-json\/wp\/v2\/users\/1"}],"replies":[{"embeddable":true,"href":"https:\/\/losperiodistas.com.mx\/portal\/wp-json\/wp\/v2\/comments?post=5250"}],"version-history":[{"count":1,"href":"https:\/\/losperiodistas.com.mx\/portal\/wp-json\/wp\/v2\/posts\/5250\/revisions"}],"predecessor-version":[{"id":5252,"href":"https:\/\/losperiodistas.com.mx\/portal\/wp-json\/wp\/v2\/posts\/5250\/revisions\/5252"}],"wp:featuredmedia":[{"embeddable":true,"href":"https:\/\/losperiodistas.com.mx\/portal\/wp-json\/wp\/v2\/media\/5251"}],"wp:attachment":[{"href":"https:\/\/losperiodistas.com.mx\/portal\/wp-json\/wp\/v2\/media?parent=5250"}],"wp:term":[{"taxonomy":"category","embeddable":true,"href":"https:\/\/losperiodistas.com.mx\/portal\/wp-json\/wp\/v2\/categories?post=5250"},{"taxonomy":"post_tag","embeddable":true,"href":"https:\/\/losperiodistas.com.mx\/portal\/wp-json\/wp\/v2\/tags?post=5250"}],"curies":[{"name":"wp","href":"https:\/\/api.w.org\/{rel}","templated":true}]}}