{"id":5240,"date":"2021-03-05T08:35:44","date_gmt":"2021-03-05T14:35:44","guid":{"rendered":"http:\/\/losperiodistas.com.mx\/portal\/?p=5240"},"modified":"2021-03-05T08:35:47","modified_gmt":"2021-03-05T14:35:47","slug":"el-nuevo-haas-el-equipo-americano-de-colores-rusos-y-su-piloto-manos-largas-el-confidencial","status":"publish","type":"post","link":"https:\/\/losperiodistas.com.mx\/portal\/el-nuevo-haas-el-equipo-americano-de-colores-rusos-y-su-piloto-manos-largas-el-confidencial\/","title":{"rendered":"El &#8216;nuevo&#8217; Haas, el equipo americano de colores rusos y su piloto &#8216;manos largas&#8217; | El Confidencial"},"content":{"rendered":"\n<p style=\"font-size:18px\"><em>Haas presentaba los colores de su nuevo patrocinador ruso, la empresa del padre de Nikita Mazepin, protagonista de un sonado esc\u00e1ndalo en diciembre. Tambi\u00e9n debuta Mick, el hijo de Michael Schumacher<\/em><\/p>\n\n\n\n<p class=\"has-vivid-cyan-blue-color has-text-color has-medium-font-size\">JAVIER RUBIO \/ EL CONFIDENCIAL<\/p>\n\n\n\n<p>Es aspirante a farolillo rojo de la F\u00f3rmula 1, pero tambi\u00e9n una escuadra para dar que hablar aunque los resultados se desmayen en 2021. Con Haas vuelve el apellido&nbsp;<strong>Schumacher&nbsp;<\/strong>y desembarca&nbsp;<strong>Nikita Mazepin&nbsp;<\/strong>con los millones de su multimillonario padre, cuyo patrocinador ha decorado el monoplaza americano con los colores de su bandera. Y para ello han debido sortear la prohibici\u00f3n de exhibir la bandera o s\u00edmbolos de Rusia. Por si fuera poco, a&nbsp;<strong>Nikita le precede el esc\u00e1ndalo provocado por en las redes sociales&nbsp;<\/strong>a finales de la pasada temporada con un v\u00eddeo en el que intentaba tocar el pecho a una amiga.<\/p>\n\n\n\n<p>El jueves, Haas no present\u00f3 su nuevo monoplaza, sino tan solo los nuevos colores y patrocinadores. El pasado a\u00f1o, el equipo termin\u00f3 noveno en la clasificaci\u00f3n general, y este a\u00f1o apunta a empeorarlo. No solo cuenta con dos pilotos j\u00f3venes y sin experiencia. Desde el propio Haas reconocen que practicamente tiran la toalla para evolucionar el actual monoplaza en 2021. \u201cHacemos esto con las expectativas de que, si este a\u00f1o invertimos mucho tiempo, dinero, tokens, tiempo en el t\u00fanel de viento&#8230;es solo para un a\u00f1o. Empezamos tarde el a\u00f1o pasado, y no fue nuestro mejor coche\u201d, apunta el inefable&nbsp;<strong>Gunther Steiner,<\/strong>&nbsp;responsable del equipo, \u201c<strong>as\u00ed que, si juntas todo, no ten\u00eda sentido invertir en el corto plazo,&nbsp;<\/strong>es m\u00e1s importante invertir en el medio y largo plazo, en el reglamento de 2022\u201d. Ante todo, las manos por delante y las cosas claras.<\/p>\n\n\n\n<p><strong><a href=\"https:\/\/www.elconfidencial.com\/deportes\/formula-1\/2018-10-15\/f1-mick-schumacher-f3-mercedes-ferrari-campeon_1630477\/\">Mick\u00a0Schumacher<\/a>\u00a0<\/strong>llega a la F\u00f3rmula 1, aunque el gran valor deportivo y emocional ced\u00eda protagonismo ante Nikita Mazepin por partida doble: el famoso v\u00eddeo,\u00a0<strong>y el patrocinio\u00a0de Uralkali, la empresa propiedad de su padre Dmitry,<\/strong>\u00a0en otro remedo de los Stroll. El multimillonario ruso tambi\u00e9n ha sondeado sin \u00e9xito hasta el momento la compra de un equipo de F\u00f3rmula 1. Mientras tanto, ha financiado la carrera de su hijo hasta la F\u00f3rmula 1. Un respaldo que posiblemente le haya salvado el asiento tras el esc\u00e1ndalo del pasado diciembre, pero que tambi\u00e9n reson\u00f3 en la presentaci\u00f3n del Haas.<\/p>\n\n\n\n<figure class=\"wp-block-embed-twitter wp-block-embed is-type-rich is-provider-twitter\"><div class=\"wp-block-embed__wrapper\">\nhttps:\/\/twitter.com\/HaasF1Team\/status\/1367386180388593664?s=20\n<\/div><\/figure>\n\n\n\n<h2 class=\"wp-block-heading\">El manto de silencio<\/h2>\n\n\n\n<p>A primeros de noviembre apareci\u00f3 en Instagram un v\u00eddeo en el que Nikita intentaba manosear a una amiga, Andrea D\u2019Ival. Reciente su fichaje por Haas, la embarazosa situaci\u00f3n fue gestionada torpemente por el propio piloto. Ante quienes ped\u00edan su cabeza por tal comportamiento en el actual contexto de valores inclusivos y de igualdad que tanto defiende la F\u00f3rmula 1,\u00a0<strong>el equipo dej\u00f3 caer un manto de silencio<\/strong>\u00a0para gestionar internamente la historia. Ahora que se conoce el alcance del patrocinio de Uralkali, se entiende el valor estrat\u00e9gico y financiero para un equipo que pretende pasar de puntillas durante la presente temporada y con el mejor agujero econ\u00f3mico posible.<\/p>\n\n\n\n<figure class=\"wp-block-image size-large\"><img fetchpriority=\"high\" decoding=\"async\" width=\"1024\" height=\"576\" src=\"https:\/\/losperiodistas.com.mx\/portal\/wp-content\/uploads\/2021\/03\/nikita-mazepin-foto-ep-1024x576.jpg\" alt=\"\" class=\"wp-image-5241\" srcset=\"https:\/\/losperiodistas.com.mx\/portal\/wp-content\/uploads\/2021\/03\/nikita-mazepin-foto-ep-1024x576.jpg 1024w, https:\/\/losperiodistas.com.mx\/portal\/wp-content\/uploads\/2021\/03\/nikita-mazepin-foto-ep-300x169.jpg 300w, https:\/\/losperiodistas.com.mx\/portal\/wp-content\/uploads\/2021\/03\/nikita-mazepin-foto-ep-768x432.jpg 768w, https:\/\/losperiodistas.com.mx\/portal\/wp-content\/uploads\/2021\/03\/nikita-mazepin-foto-ep.jpg 1200w\" sizes=\"(max-width: 1024px) 100vw, 1024px\" \/><figcaption>Nikita Mazepin debuta en la F\u00f3rmula 1 con Haas, con pol\u00e9mica en redes sociales incluidas<\/figcaption><\/figure>\n\n\n\n<p>A Mazepin le acompa\u00f1aba su pol\u00e9mico y agresivo comportamiento en pista como piloto.<a href=\"https:\/\/www.vanitatis.elconfidencial.com\/celebrities\/2016-12-02\/la-pareja-que-escandaliza-rusia-una-modelo-de-24-anos-sale-con-un-heredero-de-17_1298596\/\">&nbsp;Su fama de \u2018ni\u00f1ato\u2019<\/a>&nbsp;consentido se dispar\u00f3 tras el episodio del v\u00eddeo. Por primera vez, Mazepin se enfrentaba a la prensa el jueves. \u201cNo hay confusi\u00f3n por mi parte, asumo toda la responsabilidad de mis acciones\u201d, declaraba en la rueda de prensa. \u00abHe aprendido. Y sobre el subir el v\u00eddeo en las redes sociales, puedo decir que no fueron mis manos las que lo subieron\u201d. Mazepin agradeci\u00f3 la comprensi\u00f3n del equipo, \u201cla paciencia para aprender sobre ello\u201d&nbsp;<strong>entre una larga letan\u00eda de golpes de pecho<\/strong>. Su equipo, efectivamente, estaba obligado a derrochar una enorme compresi\u00f3n. Se comprend\u00eda con la nueva decoraci\u00f3n del Haas. Porque el monoplaza de 2021 solo se ver\u00e1 antes de los entrenamientos de Bahrein, la pr\u00f3xima semana.<\/p>\n\n\n\n<h2 class=\"wp-block-heading\">Colores rusos en coche americano<\/h2>\n\n\n\n<p><strong>La paradoja de un equipo americano con los colores rusos que aliviar\u00e1n&nbsp;<\/strong>la carga financiera del descenso de ingresos por resultados y de distribuci\u00f3n de la F\u00f3rmula 1. De aqu\u00ed tambi\u00e9n la hibernaci\u00f3n t\u00e9cnica del equipo con el actual monoplaza. Por ello, Haas no solo ha debido ejercitar la paciencia ante la tormenta de imagen provocada por un piloto que ni siquiera hab\u00eda debutado. Tambi\u00e9n sortea legalmente las sanciones impuestas por la Corte de Arbitraje del Deporte a instancias de la WADA (World Antidoping Agency) a los deportistas rusos por sus pr\u00e1cticas de dopaje en los Juegos de Invierno de 2014. La sanci\u00f3n se extend\u00eda a las actividades bajo jurisdicci\u00f3n de la FIA y sus campeonatos automovil\u00edsticos. Seg\u00f9n dicha sanci\u00f3n, durante dos a\u00f1os los deportistas rusos no pueden exhibir ninguna bandera o s\u00edmbolo nacional relativo a Rusia ante la lenidad y complicidad de sus autoridades con las pr\u00e1cticas de dopaje de sus representantes.<\/p>\n\n\n\n<p>\u201cEl a\u00f1o pasado ya ten\u00edamos esta librea antes de que surgiera el tema de la WADA. Obviamente. No podemos utilizar la bandera rusa como tal, pero puedes usar colores en el coche. Es el atleta el que no puede llevarla, y no el equipo. El equipo es un equipo americano\u201d. Es posible que antes empiece a contraerse el Universo que Mazepin gane un gran premio con Haas en 2021 pero, de revertirse el \u2018Big Bang\u2019,&nbsp;<strong>el ruso no podr\u00eda figurar como deportista ruso ni escuchar el himno nacional.<\/strong><\/p>\n\n\n\n<h2 class=\"wp-block-heading\">Pensando solo en 2022<\/h2>\n\n\n\n<p>Respecto al monoplaza, Steiner confirmaba que el equipo tan solo adaptar\u00eda su montura del pasado a\u00f1o a los nuevos requerimientos aerodin\u00e1micos de la FIA, as\u00ed como introducir\u00e1 algunas modificaciones en la carrocer\u00eda debido a los cambios de Ferrari en su nueva unidad de potencia, que deber\u00edan incrementar sustancialmente su potencia frente al pasado a\u00f1o.<a href=\"https:\/\/www.elconfidencial.com\/deportes\/formula-1\/2017-11-03\/f1-gunther-steiner-ninera-pilotos-azote-rivales-hombre-duro_1471523\/\">&nbsp;Gunther Steiner t<\/a>ambi\u00e9n apuntaba que parte de los cambios aerodin\u00e1micos ser\u00e1n evoluciones del pasado a\u00f1o que quedaron en el dique seco por razones econ\u00f3micas, eso s\u00ed, ahora condicionadas por la \u2018tijera\u2019 aerodin\u00e1mica de la FIA para 2021.<\/p>\n\n\n\n<p>\u201cNo creo que luchemos en mitad de la tabla, pero no vamos a ir diciendo que quedaremos \u00faltimos. No va a ocurrir. No ocurrir\u00e1 mientras est\u00e9 aqu\u00ed, siempre quieres exprimir lo que haya\u201d afirmaba un desafiante Steiner. Pero con semejante planteamiento t\u00e9cnico y dos pilotos novatos, Haas afronta una dura temporada.\u00a0<strong>Ah, el otro piloto se llama Mick Schumacher, hijo de uno de los campeones m\u00e1s grandes de la historia de la F\u00f3rmula 1,\u00a0<\/strong>pero Haas fue m\u00e1s noticia por otros temas. No precisamente su nuevo monoplaza.<\/p>\n\n\n\n<p>Fuente: https:\/\/www.elconfidencial.com\/deportes\/formula-1\/2021-03-05\/haas-steiner-schumacher-mazepin_2978376\/<\/p>\n","protected":false},"excerpt":{"rendered":"<p>Haas presentaba los colores de su nuevo patrocinador ruso, la empresa del padre de Nikita Mazepin, protagonista de un sonado [&hellip;]<\/p>\n","protected":false},"author":1,"featured_media":5242,"comment_status":"open","ping_status":"open","sticky":false,"template":"","format":"standard","meta":{"site-sidebar-layout":"default","site-content-layout":"","ast-site-content-layout":"default","site-content-style":"default","site-sidebar-style":"default","ast-global-header-display":"","ast-banner-title-visibility":"","ast-main-header-display":"","ast-hfb-above-header-display":"","ast-hfb-below-header-display":"","ast-hfb-mobile-header-display":"","site-post-title":"","ast-breadcrumbs-content":"","ast-featured-img":"","footer-sml-layout":"","theme-transparent-header-meta":"","adv-header-id-meta":"","stick-header-meta":"","header-above-stick-meta":"","header-main-stick-meta":"","header-below-stick-meta":"","astra-migrate-meta-layouts":"default","ast-page-background-enabled":"default","ast-page-background-meta":{"desktop":{"background-color":"var(--ast-global-color-4)","background-image":"","background-repeat":"repeat","background-position":"center center","background-size":"auto","background-attachment":"scroll","background-type":"","background-media":"","overlay-type":"","overlay-color":"","overlay-opacity":"","overlay-gradient":""},"tablet":{"background-color":"","background-image":"","background-repeat":"repeat","background-position":"center center","background-size":"auto","background-attachment":"scroll","background-type":"","background-media":"","overlay-type":"","overlay-color":"","overlay-opacity":"","overlay-gradient":""},"mobile":{"background-color":"","background-image":"","background-repeat":"repeat","background-position":"center center","background-size":"auto","background-attachment":"scroll","background-type":"","background-media":"","overlay-type":"","overlay-color":"","overlay-opacity":"","overlay-gradient":""}},"ast-content-background-meta":{"desktop":{"background-color":"var(--ast-global-color-5)","background-image":"","background-repeat":"repeat","background-position":"center center","background-size":"auto","background-attachment":"scroll","background-type":"","background-media":"","overlay-type":"","overlay-color":"","overlay-opacity":"","overlay-gradient":""},"tablet":{"background-color":"var(--ast-global-color-5)","background-image":"","background-repeat":"repeat","background-position":"center center","background-size":"auto","background-attachment":"scroll","background-type":"","background-media":"","overlay-type":"","overlay-color":"","overlay-opacity":"","overlay-gradient":""},"mobile":{"background-color":"var(--ast-global-color-5)","background-image":"","background-repeat":"repeat","background-position":"center center","background-size":"auto","background-attachment":"scroll","background-type":"","background-media":"","overlay-type":"","overlay-color":"","overlay-opacity":"","overlay-gradient":""}},"footnotes":""},"categories":[8],"tags":[285,282,284,283],"class_list":["post-5240","post","type-post","status-publish","format-standard","has-post-thumbnail","hentry","category-noticias","tag-f1-2021","tag-haas","tag-mick-schumacher","tag-nikita-mazepin"],"_links":{"self":[{"href":"https:\/\/losperiodistas.com.mx\/portal\/wp-json\/wp\/v2\/posts\/5240","targetHints":{"allow":["GET"]}}],"collection":[{"href":"https:\/\/losperiodistas.com.mx\/portal\/wp-json\/wp\/v2\/posts"}],"about":[{"href":"https:\/\/losperiodistas.com.mx\/portal\/wp-json\/wp\/v2\/types\/post"}],"author":[{"embeddable":true,"href":"https:\/\/losperiodistas.com.mx\/portal\/wp-json\/wp\/v2\/users\/1"}],"replies":[{"embeddable":true,"href":"https:\/\/losperiodistas.com.mx\/portal\/wp-json\/wp\/v2\/comments?post=5240"}],"version-history":[{"count":1,"href":"https:\/\/losperiodistas.com.mx\/portal\/wp-json\/wp\/v2\/posts\/5240\/revisions"}],"predecessor-version":[{"id":5243,"href":"https:\/\/losperiodistas.com.mx\/portal\/wp-json\/wp\/v2\/posts\/5240\/revisions\/5243"}],"wp:featuredmedia":[{"embeddable":true,"href":"https:\/\/losperiodistas.com.mx\/portal\/wp-json\/wp\/v2\/media\/5242"}],"wp:attachment":[{"href":"https:\/\/losperiodistas.com.mx\/portal\/wp-json\/wp\/v2\/media?parent=5240"}],"wp:term":[{"taxonomy":"category","embeddable":true,"href":"https:\/\/losperiodistas.com.mx\/portal\/wp-json\/wp\/v2\/categories?post=5240"},{"taxonomy":"post_tag","embeddable":true,"href":"https:\/\/losperiodistas.com.mx\/portal\/wp-json\/wp\/v2\/tags?post=5240"}],"curies":[{"name":"wp","href":"https:\/\/api.w.org\/{rel}","templated":true}]}}