{"id":52397,"date":"2023-06-01T10:59:25","date_gmt":"2023-06-01T15:59:25","guid":{"rendered":"http:\/\/losperiodistas.com.mx\/portal\/?p=52397"},"modified":"2023-06-01T10:59:26","modified_gmt":"2023-06-01T15:59:26","slug":"no-es-requisito-para-corcholatas-renunciar-a-sus-cargos-actuales-mario-delgado-lsr","status":"publish","type":"post","link":"https:\/\/losperiodistas.com.mx\/portal\/no-es-requisito-para-corcholatas-renunciar-a-sus-cargos-actuales-mario-delgado-lsr\/","title":{"rendered":"No es requisito para corcholatas renunciar a sus cargos actuales: Mario Delgado | LSR"},"content":{"rendered":"\n<h2 class=\"has-background has-medium-font-size wp-block-heading\" style=\"background-color:#eb59f4\">El dirigente nacional de Morena reitera se reunir\u00e1 con las corcholatas tan pronto concluyan las elecciones del Edomex y Coahuila, primero uno por uno y luego ya en un encuentro general con todos los aspirantes<\/h2>\n\n\n\n<figure class=\"wp-block-image size-full is-style-default\"><img fetchpriority=\"high\" decoding=\"async\" width=\"960\" height=\"540\" src=\"https:\/\/losperiodistas.com.mx\/portal\/wp-content\/uploads\/2023\/06\/f960x540-404800_478875_15.jpeg\" alt=\"\" class=\"wp-image-52398\" srcset=\"https:\/\/losperiodistas.com.mx\/portal\/wp-content\/uploads\/2023\/06\/f960x540-404800_478875_15.jpeg 960w, https:\/\/losperiodistas.com.mx\/portal\/wp-content\/uploads\/2023\/06\/f960x540-404800_478875_15-300x169.jpeg 300w, https:\/\/losperiodistas.com.mx\/portal\/wp-content\/uploads\/2023\/06\/f960x540-404800_478875_15-768x432.jpeg 768w\" sizes=\"(max-width: 960px) 100vw, 960px\" \/><\/figure>\n\n\n\n<p><\/p>\n\n\n\n<p class=\"has-vivid-red-color has-text-color has-medium-font-size\"><strong>LUIS RAMOS CHAVERO \/ LA SILLA ROTA<\/strong><\/p>\n\n\n\n<p>Mario Delgado, presidente nacional de&nbsp;<strong>Morena<\/strong>, apunt\u00f3 que no es&nbsp;<strong>requisito<\/strong>&nbsp;para entrar en la&nbsp;<strong>convocatoria<\/strong>&nbsp;para ser aspirante a la&nbsp;<strong>candidatura presidencial morenista<\/strong>, que las&nbsp;<strong>corcholatas<\/strong>&nbsp;renuncien a sus&nbsp;<strong>cargos actuales<\/strong>, una petici\u00f3n que ha hecho en particular Marcelo Ebrard, secretario de Relaciones Exteriores.<\/p>\n\n\n\n<p>\u201cEstatutariamente no es un&nbsp;<strong>requisito<\/strong>, no tendr\u00edamos por qu\u00e9 incorporarlo nosotros, es una decisi\u00f3n pol\u00edtica m\u00e1s que una convocatoria (\u2026) (Ebrard) ha hecho varias propuestas que vamos a considerar y vamos a ponernos de acuerdo con todos\u201d, coment\u00f3.<\/p>\n\n\n\n<p><strong>Lee m\u00e1s:\u00a0<a href=\"https:\/\/lasillarota.com\/hidalgo\/estado\/2023\/5\/19\/adversarios-estan-en-otro-lado-sheinbaum-las-otras-corcholatas-429383.html\">\u201cAdversarios est\u00e1n en otro lado\u201d, Sheinbaum a las otras corcholatas<\/a><\/strong><\/p>\n\n\n\n<h3 class=\"has-light-green-cyan-background-color has-background wp-block-heading\" style=\"font-size:16px\">TE PODR\u00cdA INTERESAR<\/h3>\n\n\n\n<ul class=\"wp-block-list\"><li><a href=\"https:\/\/lasillarota.com\/nacion\/2023\/5\/31\/hermanos-de-amlo-en-guerra-de-corcholatas-pio-por-ebrard-pepin-por-sheinbaum-431087.html\"><em>ELECCIONES 2024<\/em>Hermanos de AMLO, en guerra de \u201ccorcholatas\u201d: P\u00edo por Ebrard y Pep\u00edn por Sheinbaum<\/a><\/li><li><a href=\"https:\/\/lasillarota.com\/nacion\/2023\/5\/30\/ine-ordena-corcholatas-de-morena-evitar-actos-anticipados-de-campana-431013.html\"><em>CORCHOLATAS DE MORENA 2024<\/em>INE ordena a corcholatas de Morena evitar actos anticipados de campa\u00f1a<\/a><\/li><\/ul>\n\n\n\n<p>En entrevista con la\u00a0<strong>Mesa de Opini\u00f3n El Heraldo de M\u00e9xico &#8211; La Silla Rota<\/strong>, el l\u00edder nacional del Movimiento Regeneraci\u00f3n Nacional que la encuesta es el mejor m\u00e9todo para que la gente decida al candidato para la\u00a0<strong>elecci\u00f3n<\/strong>\u00a0en que se encontrar\u00e1 al sucesor del presidente Andr\u00e9s Manuel L\u00f3pez Obrador.<\/p>\n\n\n\n<p>Reiter\u00f3 que el mismo mandatario mexicano ha se\u00f1alado que no se va a meter en el proceso de&nbsp;<strong>selecci\u00f3n del candidato<\/strong>, pues lo que detecta la encuesta es cu\u00e1l de los personajes tiene el mayor potencial de triunfo para&nbsp;<strong>Morena<\/strong>, en este caso en el 2024.<\/p>\n\n\n\n<blockquote class=\"wp-block-quote is-layout-flow wp-block-quote-is-layout-flow\"><p>\u201cLa gente va a decidir, es un proceso muy importante, va a definir el futuro de nuestro movimiento y el presidente ha mostrado ser diferente en muchos aspectos y ha dicho \u2018yo no me voy a meter\u2019, que la gente decida, es el \u00e9xito de este movimiento\u201d, coment\u00f3 al se\u00f1alar que s\u00ed habr\u00e1 piso parejo para las corcholatas.<\/p><\/blockquote>\n\n\n\n<blockquote class=\"wp-block-quote is-layout-flow wp-block-quote-is-layout-flow\"><p>\u201cPueden criticar mucho a las encuestas, pero en pol\u00edtica los resultados cuentan y a trav\u00e9s de las encuestas hemos ganado 16 gubernaturas de 21 elecciones en que hemos participado en dos a\u00f1os y vamos ahora por sumar otras dos este domingo, lo que te detecta la encuesta es a quien tiene el potencial de triunfo mayor, por eso ya que los pones de candidatos la posibilidad de ganar es clara y terminamos ganando\u201d, expres\u00f3.<\/p><\/blockquote>\n\n\n\n<blockquote class=\"wp-block-quote is-layout-flow wp-block-quote-is-layout-flow\"><p>\u201cVamos a definir la encuesta en funci\u00f3n de que nos garantice la unidad, es lo m\u00e1s relevante y es lo m\u00e1s importante, lo tendremos que discutir con ellos, lo que d\u00e9 m\u00e1s certeza, m\u00e1s transparencia, lo que d\u00e9 m\u00e1s seguridad a todos los participantes\u201d, lanz\u00f3.<\/p><\/blockquote>\n\n\n\n<p>En entrevista emitida en&nbsp;<strong>El Heraldo Radio<\/strong>, el dirigente morenista afirm\u00f3 que \u201cde inmediato\u201d, al terminar los&nbsp;<strong>procesos electorales<\/strong>&nbsp;del Estado de M\u00e9xico y Coahuila este domingo 4 de junio, buscar\u00e1 reunirse con las&nbsp;<strong>corcholatas<\/strong>, primero en encuentros de uno a uno y luego ya en un c\u00f3nclave general con todos los aspirantes presidenciales de&nbsp;<strong>Morena<\/strong>.<\/p>\n\n\n\n<blockquote class=\"wp-block-quote is-layout-flow wp-block-quote-is-layout-flow\"><p>\u201cDe inmediato, despu\u00e9s del domingo, voy a buscarlos para ver qu\u00e9 d\u00eda nos podemos reunir (\u2026) vamos a ver si coincidimos, de entrada de uno por uno, y luego a ver si coincidimos todos\u201d, dijo.<\/p><\/blockquote>\n\n\n\n<blockquote class=\"wp-block-quote is-layout-flow wp-block-quote-is-layout-flow\"><p>\u201cTendr\u00e1 que haber convocatoria en la segunda quincena de junio, para revisar la primera encuesta entre julio y agosto, y la segunda antes de noviembre (\u2026) es bastante amplio como para acomodar ah\u00ed de manera precisa las fechas que nos interesen\u201d, apunt\u00f3.<\/p><\/blockquote>\n\n\n\n<p>Delgado expuso que, de las conversaciones con las&nbsp;<strong>corcholatas<\/strong>, se definir\u00e1 si hay debates y cu\u00e1ntos, siempre poniendo por delante que se mantenga la unidad interna de&nbsp;<strong>Morena<\/strong>&nbsp;rumbo a los comicios de 2024.<\/p>\n\n\n\n<p>A\u00f1adi\u00f3 que tambi\u00e9n se consulta a las bases, los consejos tambi\u00e9n proponen a posibles candidatos, pero el tema es que al final la gente decida, por ello no se limita solo al voto interior o del militante.<\/p>\n\n\n\n<blockquote class=\"wp-block-quote is-layout-flow wp-block-quote-is-layout-flow\"><p>\u201cHay que tenerle confianza al pueblo y&nbsp;no te falla\u201d, remarc\u00f3.<\/p><\/blockquote>\n\n\n\n<p>Ante la promoci\u00f3n de las corcholatas para buscar la preferencia de la ciudadan\u00eda, el INE ya pidi\u00f3 a los aspirantes no incurrir en actos anticipados de campa\u00f1a, por lo que se cuestion\u00f3 a Mario Delgado se le preocupan acciones de las autoridades electorales e incluso un eventual freno a algunos de los interesados.<\/p>\n\n\n\n<p>Esto respondi\u00f3: \u201cPues ser\u00eda una arbitrariedad, pero hay que estar muy atentos a c\u00f3mo se desenvuelven tanto en el INE como en el Tribunal Electoral. Claro que nos preocupa, ser\u00eda algo desproporcionado, pero hay que estar muy listos, muy atentos, digo hemos tenido varios ataques a nuestro movimiento en el pasado por parte de la autoridad electoral, esperemos que no suceda\u201d.<\/p>\n\n\n\n<p>Se\u00f1al\u00f3 que no teme que ning\u00fan aspirante se salga del redil, ya que \u201cson hombres de principios y de convicciones, as\u00ed que vamos a salir muy unidos\u201d.<\/p>\n\n\n\n<p>Al ser cuestionado sobre si aspira a ser jefe de Gobierno de la Ciudad de M\u00e9xico, coment\u00f3: \u201cno, aspiro a ganar en el 24 la Presidencia, la mayor\u00eda y nueve gubernaturas\u201d.<\/p>\n\n\n\n<blockquote class=\"wp-block-quote is-layout-flow wp-block-quote-is-layout-flow\"><p>\u201cCreo que vamos bien, traemos un porcentaje de bateo arriba de 700 y en Serie Mundial, entonces, no est\u00e1 mal\u201d, apunt\u00f3 al ser cuestionado sobre c\u00f3mo considera su estancia como dirigente de Morena.<\/p><\/blockquote>\n\n\n\n<h2 class=\"wp-block-heading\"><strong>Elecciones<\/strong>&nbsp;del Edomex y Coahuila<\/h2>\n\n\n\n<p><strong>Mario Delgado<\/strong>, titular de&nbsp;<strong>Morena<\/strong>, expuso que en el caso del Estado de M\u00e9xico se da una amplia diferencia en todas las encuestas, en un promedio de 15 o 20 puntos de ventaja para la maestra Delfina G\u00f3mez sobre la candidata de PRI-PAN-PRD, Alejandra del Moral.<\/p>\n\n\n\n<blockquote class=\"wp-block-quote is-layout-flow wp-block-quote-is-layout-flow\"><p>\u201cHay 100 encuestas que se han realizado en donde tenemos dos d\u00edgitos de diferencia en todas, en promedio 15 o 20 puntos de diferencia, lo importante ahora es que la gente salga a participar y votar de manera libre y pac\u00edfica, estamos seguros de que si hay mucha participaci\u00f3n vamos a tener una victoria muy importante, contundente, para que no haya especulaciones de fraude\u201d, lanz\u00f3 Delgado en la&nbsp;<strong>Mesa de Opini\u00f3n El Heraldo de M\u00e9xico &#8211; La Silla Rota<\/strong>.<\/p><\/blockquote>\n\n\n\n<p>En el caso de la&nbsp;<strong>elecci\u00f3n<\/strong>&nbsp;de Coahuila,&nbsp;<strong>Mario Delgado<\/strong>&nbsp;asegura que \u201cla moneda est\u00e1 en el aire\u201d, ya que si se suman las preferencias de&nbsp;<strong>Morena<\/strong>, PVEM y PT en las encuestas, el candidato Armando Guadiana podr\u00eda estar por arriba de Manolo Jim\u00e9nez, de PRI-PAN-PRD.<\/p>\n\n\n\n<blockquote class=\"wp-block-quote is-layout-flow wp-block-quote-is-layout-flow\"><p>\u201cEl Partido Verde en un inicio no quiso ir en alianza, el Partido del Trabajo rompi\u00f3 el acuerdo que ten\u00edamos, lanzaron a sus candidatos, pero la realidad los alcanz\u00f3, nuestro movimiento es quien tiene la preferencia y tiene la posibilidad de derrotar al PRI, creo que una de las caracter\u00edsticas de las encuestas en Coahuila (\u2026)&nbsp; casi todas te dan un resultado que la suma PT, Verde, Morena estar\u00eda por encima de manera cercana a PRI-PAN-PRD, por eso tanto la dirigencia nacional del PT como la del Verde decidieron apoyar a&nbsp;<strong>Morena<\/strong>&nbsp;en estos \u00faltimos d\u00edas y me parece que la moneda est\u00e1 en el aire en Coahuila, vamos a ver el impacto de estas rectificaciones, c\u00f3mo mueven los n\u00fameros\u201d, detall\u00f3.<\/p><\/blockquote>\n\n\n\n<h2 class=\"wp-block-heading\">Coalici\u00f3n rumbo a&nbsp;<strong>2024<\/strong><\/h2>\n\n\n\n<p>El dirigente partidista apunt\u00f3 que ahora se abre la posibilidad de que lleguen&nbsp;a un gran acuerdo rumbo a&nbsp;<strong>2024<\/strong>&nbsp;con el PT y el PVEM.<\/p>\n\n\n\n<p>Agreg\u00f3 que con PT y PVEM se negoci\u00f3 \u201cque empecemos la construcci\u00f3n de la alianza hacia&nbsp;<strong>2024<\/strong>, necesitamos esta congruencia, iba a ser dif\u00edcil, pr\u00e1cticamente imposible que fu\u00e9ramos con ellos si no hac\u00edan esta rectificaci\u00f3n, si no era posible que fu\u00e9ramos unidos porque la gente lo considerar\u00eda una traici\u00f3n al movimiento\u201d.<\/p>\n\n\n\n<blockquote class=\"wp-block-quote is-layout-flow wp-block-quote-is-layout-flow\"><p>\u201cNo nos aferramos a la coalici\u00f3n, fue voluntad de ellos mantenerla, (\u2026) lo que les pedimos fue congruencia, que no fueran comparsa del PRI en Coahuila\u201d, lanz\u00f3<\/p><\/blockquote>\n\n\n\n<p>Destac\u00f3 que si algo valora la gente del movimiento de\u00a0<strong>Morena<\/strong>\u00a0es el valor de la congruencia y por eso ha sido exitoso.<\/p>\n\n\n\n<p>Fuente: <a href=\"https:\/\/lasillarota.com\/nacion\/2023\/5\/31\/no-es-requisito-para-corcholatas-renunciar-sus-cargos-actuales-mario-delgado-431200.html\">https:\/\/lasillarota.com\/nacion\/2023\/5\/31\/no-es-requisito-para-corcholatas-renunciar-sus-cargos-actuales-mario-delgado-431200.html<\/a><\/p>\n","protected":false},"excerpt":{"rendered":"<p>El dirigente nacional de Morena reitera se reunir\u00e1 con las corcholatas tan pronto concluyan las elecciones del Edomex y Coahuila, [&hellip;]<\/p>\n","protected":false},"author":1,"featured_media":52398,"comment_status":"open","ping_status":"open","sticky":false,"template":"","format":"standard","meta":{"site-sidebar-layout":"default","site-content-layout":"","ast-site-content-layout":"default","site-content-style":"default","site-sidebar-style":"default","ast-global-header-display":"","ast-banner-title-visibility":"","ast-main-header-display":"","ast-hfb-above-header-display":"","ast-hfb-below-header-display":"","ast-hfb-mobile-header-display":"","site-post-title":"","ast-breadcrumbs-content":"","ast-featured-img":"","footer-sml-layout":"","theme-transparent-header-meta":"","adv-header-id-meta":"","stick-header-meta":"","header-above-stick-meta":"","header-main-stick-meta":"","header-below-stick-meta":"","astra-migrate-meta-layouts":"default","ast-page-background-enabled":"default","ast-page-background-meta":{"desktop":{"background-color":"var(--ast-global-color-4)","background-image":"","background-repeat":"repeat","background-position":"center center","background-size":"auto","background-attachment":"scroll","background-type":"","background-media":"","overlay-type":"","overlay-color":"","overlay-opacity":"","overlay-gradient":""},"tablet":{"background-color":"","background-image":"","background-repeat":"repeat","background-position":"center center","background-size":"auto","background-attachment":"scroll","background-type":"","background-media":"","overlay-type":"","overlay-color":"","overlay-opacity":"","overlay-gradient":""},"mobile":{"background-color":"","background-image":"","background-repeat":"repeat","background-position":"center center","background-size":"auto","background-attachment":"scroll","background-type":"","background-media":"","overlay-type":"","overlay-color":"","overlay-opacity":"","overlay-gradient":""}},"ast-content-background-meta":{"desktop":{"background-color":"var(--ast-global-color-5)","background-image":"","background-repeat":"repeat","background-position":"center center","background-size":"auto","background-attachment":"scroll","background-type":"","background-media":"","overlay-type":"","overlay-color":"","overlay-opacity":"","overlay-gradient":""},"tablet":{"background-color":"var(--ast-global-color-5)","background-image":"","background-repeat":"repeat","background-position":"center center","background-size":"auto","background-attachment":"scroll","background-type":"","background-media":"","overlay-type":"","overlay-color":"","overlay-opacity":"","overlay-gradient":""},"mobile":{"background-color":"var(--ast-global-color-5)","background-image":"","background-repeat":"repeat","background-position":"center center","background-size":"auto","background-attachment":"scroll","background-type":"","background-media":"","overlay-type":"","overlay-color":"","overlay-opacity":"","overlay-gradient":""}},"footnotes":""},"categories":[8],"tags":[11024,5486,2324],"class_list":["post-52397","post","type-post","status-publish","format-standard","has-post-thumbnail","hentry","category-noticias","tag-corcholatas","tag-elecciones-2024","tag-mario-delgado"],"_links":{"self":[{"href":"https:\/\/losperiodistas.com.mx\/portal\/wp-json\/wp\/v2\/posts\/52397","targetHints":{"allow":["GET"]}}],"collection":[{"href":"https:\/\/losperiodistas.com.mx\/portal\/wp-json\/wp\/v2\/posts"}],"about":[{"href":"https:\/\/losperiodistas.com.mx\/portal\/wp-json\/wp\/v2\/types\/post"}],"author":[{"embeddable":true,"href":"https:\/\/losperiodistas.com.mx\/portal\/wp-json\/wp\/v2\/users\/1"}],"replies":[{"embeddable":true,"href":"https:\/\/losperiodistas.com.mx\/portal\/wp-json\/wp\/v2\/comments?post=52397"}],"version-history":[{"count":1,"href":"https:\/\/losperiodistas.com.mx\/portal\/wp-json\/wp\/v2\/posts\/52397\/revisions"}],"predecessor-version":[{"id":52399,"href":"https:\/\/losperiodistas.com.mx\/portal\/wp-json\/wp\/v2\/posts\/52397\/revisions\/52399"}],"wp:featuredmedia":[{"embeddable":true,"href":"https:\/\/losperiodistas.com.mx\/portal\/wp-json\/wp\/v2\/media\/52398"}],"wp:attachment":[{"href":"https:\/\/losperiodistas.com.mx\/portal\/wp-json\/wp\/v2\/media?parent=52397"}],"wp:term":[{"taxonomy":"category","embeddable":true,"href":"https:\/\/losperiodistas.com.mx\/portal\/wp-json\/wp\/v2\/categories?post=52397"},{"taxonomy":"post_tag","embeddable":true,"href":"https:\/\/losperiodistas.com.mx\/portal\/wp-json\/wp\/v2\/tags?post=52397"}],"curies":[{"name":"wp","href":"https:\/\/api.w.org\/{rel}","templated":true}]}}