{"id":52391,"date":"2023-06-01T10:37:50","date_gmt":"2023-06-01T15:37:50","guid":{"rendered":"http:\/\/losperiodistas.com.mx\/portal\/?p=52391"},"modified":"2023-06-01T10:37:54","modified_gmt":"2023-06-01T15:37:54","slug":"reconoce-amlo-que-su-gobierno-es-el-de-mas-homicidios-culpa-a-mala-herencia-nacion-321","status":"publish","type":"post","link":"https:\/\/losperiodistas.com.mx\/portal\/reconoce-amlo-que-su-gobierno-es-el-de-mas-homicidios-culpa-a-mala-herencia-nacion-321\/","title":{"rendered":"Reconoce AMLO que su gobierno es el de m\u00e1s homicidios; culpa a \u00abmala herencia\u00bb | Naci\u00f3n 321"},"content":{"rendered":"\n<figure class=\"wp-block-image size-full is-style-default\"><img fetchpriority=\"high\" decoding=\"async\" width=\"1024\" height=\"600\" src=\"https:\/\/losperiodistas.com.mx\/portal\/wp-content\/uploads\/2023\/06\/f023559c6d59c_position1_regular.jpg\" alt=\"\" class=\"wp-image-52392\" srcset=\"https:\/\/losperiodistas.com.mx\/portal\/wp-content\/uploads\/2023\/06\/f023559c6d59c_position1_regular.jpg 1024w, https:\/\/losperiodistas.com.mx\/portal\/wp-content\/uploads\/2023\/06\/f023559c6d59c_position1_regular-300x176.jpg 300w, https:\/\/losperiodistas.com.mx\/portal\/wp-content\/uploads\/2023\/06\/f023559c6d59c_position1_regular-768x450.jpg 768w\" sizes=\"(max-width: 1024px) 100vw, 1024px\" \/><figcaption><strong>Critica.<\/strong>El Presidente tambi\u00e9n se lanz\u00f3 contra organizaciones que acusan a su gobierno de violaciones en DH. Especial<\/figcaption><\/figure>\n\n\n\n<p class=\"has-vivid-red-color has-text-color has-medium-font-size\"><strong>ALICIA PEREDA \/ NACI\u00d3N 321<\/strong><\/p>\n\n\n\n<p>El presidente&nbsp;<strong>Andr\u00e9s Manuel L\u00f3pez Obrador<\/strong>&nbsp;acept\u00f3 este 1 de junio que, en la historia reciente,<strong>&nbsp;su gobierno es el que acumula mayor n\u00famero de homicidios<\/strong>&nbsp;dolosos, no obstante acus\u00f3 que es producto de una&nbsp;<strong>\u00abmala herencia\u00bb<\/strong>&nbsp;por parte de sus antecesores y explic\u00f3 porqu\u00e9 no se le puede medir con \u00abel mismo bracero\u00bb que a anteriores gestiones.<\/p>\n\n\n\n<p>\u00abAhora nos dicen, &#8216;qu\u00e9 barbaridad,<strong>\u00a0el gobierno de ahora es el que tiene m\u00e1s homicidios<\/strong>&#8216;, y<strong>\u00a0s\u00ed, pero que vean c\u00f3mo nos dejaron el pa\u00eds,<\/strong>\u00a0porque esta es una mala herencia en seguridad\u00bb, se\u00f1al\u00f3.<\/p>\n\n\n\n<p class=\"has-light-green-cyan-background-color has-background\"><a href=\"https:\/\/www.nacion321.com\/gobierno\/homicidios-en-mexico-han-disminuido-16-1-presume-la-cuarta-transformacion\">Relacionada: Homicidios en M\u00e9xico han disminuido 16.1%, presume la Cuarta Transformaci\u00f3n<\/a><\/p>\n\n\n\n<p>A la par, AMLO acus\u00f3 que la&nbsp;<strong>creaci\u00f3n de c\u00e1rteles y grupos delictivos&nbsp;<\/strong>se dio en sexenios anteriores.<\/p>\n\n\n\n<p>\u00abEra una decadencia. Los que antes se sent\u00edan due\u00f1os de M\u00e9xico son los responsables de la tragedia nacional, deber\u00edan estar pidiendo disculpas (&#8230;) \u00bfQuienes crearon las bandas? Pues ellos,&nbsp;<strong>\u00bfd\u00f3nde est\u00e1n los c\u00e1rteles o los gobiernos creados por nosotros?<\/strong>\u00bb cuestion\u00f3.<\/p>\n\n\n\n<p>Tras mostrar una tabla con el comportamiento de homicidios en los sexenios desde 1990, L\u00f3pez Obrador explic\u00f3 si bien su gesti\u00f3n es la que en n\u00fameros acumula mayores cifras de homicidios, estos presentan una<strong>\u00a0tendencia estable o a la baja<\/strong>, contrario con sus antecesores, con quien generalmente la tendencia fue al alza.<\/p>\n\n\n\n<figure class=\"wp-block-embed is-type-rich is-provider-twitter wp-block-embed-twitter\"><div class=\"wp-block-embed__wrapper\">\nhttps:\/\/twitter.com\/Nacion321\/status\/1664267979624951814?ref_src=twsrc%5Etfw%7Ctwcamp%5Etweetembed%7Ctwterm%5E1664267979624951814%7Ctwgr%5E47375ec44e97c5ba3555b5ff57dabb6ca87669e3%7Ctwcon%5Es1_c10&#038;ref_url=https%3A%2F%2Fwww.nacion321.com%2Fgobierno%2Freconoce-amlo-que-su-gobierno-es-el-de-mas-homicidios-culpa-a-mala-herencia\n<\/div><\/figure>\n\n\n\n<p><\/p>\n\n\n\n<p>Fuente: <a href=\"https:\/\/www.nacion321.com\/gobierno\/reconoce-amlo-que-su-gobierno-es-el-de-mas-homicidios-culpa-a-mala-herencia\">https:\/\/www.nacion321.com\/gobierno\/reconoce-amlo-que-su-gobierno-es-el-de-mas-homicidios-culpa-a-mala-herencia<\/a><\/p>\n","protected":false},"excerpt":{"rendered":"<p>ALICIA PEREDA \/ NACI\u00d3N 321 El presidente&nbsp;Andr\u00e9s Manuel L\u00f3pez Obrador&nbsp;acept\u00f3 este 1 de junio que, en la historia reciente,&nbsp;su gobierno [&hellip;]<\/p>\n","protected":false},"author":1,"featured_media":52392,"comment_status":"open","ping_status":"open","sticky":false,"template":"","format":"standard","meta":{"site-sidebar-layout":"default","site-content-layout":"","ast-site-content-layout":"default","site-content-style":"default","site-sidebar-style":"default","ast-global-header-display":"","ast-banner-title-visibility":"","ast-main-header-display":"","ast-hfb-above-header-display":"","ast-hfb-below-header-display":"","ast-hfb-mobile-header-display":"","site-post-title":"","ast-breadcrumbs-content":"","ast-featured-img":"","footer-sml-layout":"","theme-transparent-header-meta":"","adv-header-id-meta":"","stick-header-meta":"","header-above-stick-meta":"","header-main-stick-meta":"","header-below-stick-meta":"","astra-migrate-meta-layouts":"default","ast-page-background-enabled":"default","ast-page-background-meta":{"desktop":{"background-color":"var(--ast-global-color-4)","background-image":"","background-repeat":"repeat","background-position":"center center","background-size":"auto","background-attachment":"scroll","background-type":"","background-media":"","overlay-type":"","overlay-color":"","overlay-opacity":"","overlay-gradient":""},"tablet":{"background-color":"","background-image":"","background-repeat":"repeat","background-position":"center center","background-size":"auto","background-attachment":"scroll","background-type":"","background-media":"","overlay-type":"","overlay-color":"","overlay-opacity":"","overlay-gradient":""},"mobile":{"background-color":"","background-image":"","background-repeat":"repeat","background-position":"center center","background-size":"auto","background-attachment":"scroll","background-type":"","background-media":"","overlay-type":"","overlay-color":"","overlay-opacity":"","overlay-gradient":""}},"ast-content-background-meta":{"desktop":{"background-color":"var(--ast-global-color-5)","background-image":"","background-repeat":"repeat","background-position":"center center","background-size":"auto","background-attachment":"scroll","background-type":"","background-media":"","overlay-type":"","overlay-color":"","overlay-opacity":"","overlay-gradient":""},"tablet":{"background-color":"var(--ast-global-color-5)","background-image":"","background-repeat":"repeat","background-position":"center center","background-size":"auto","background-attachment":"scroll","background-type":"","background-media":"","overlay-type":"","overlay-color":"","overlay-opacity":"","overlay-gradient":""},"mobile":{"background-color":"var(--ast-global-color-5)","background-image":"","background-repeat":"repeat","background-position":"center center","background-size":"auto","background-attachment":"scroll","background-type":"","background-media":"","overlay-type":"","overlay-color":"","overlay-opacity":"","overlay-gradient":""}},"footnotes":""},"categories":[8],"tags":[199,16091,7461],"class_list":["post-52391","post","type-post","status-publish","format-standard","has-post-thumbnail","hentry","category-noticias","tag-amlo","tag-homicidios-dolosos","tag-mexico-violencia"],"_links":{"self":[{"href":"https:\/\/losperiodistas.com.mx\/portal\/wp-json\/wp\/v2\/posts\/52391","targetHints":{"allow":["GET"]}}],"collection":[{"href":"https:\/\/losperiodistas.com.mx\/portal\/wp-json\/wp\/v2\/posts"}],"about":[{"href":"https:\/\/losperiodistas.com.mx\/portal\/wp-json\/wp\/v2\/types\/post"}],"author":[{"embeddable":true,"href":"https:\/\/losperiodistas.com.mx\/portal\/wp-json\/wp\/v2\/users\/1"}],"replies":[{"embeddable":true,"href":"https:\/\/losperiodistas.com.mx\/portal\/wp-json\/wp\/v2\/comments?post=52391"}],"version-history":[{"count":1,"href":"https:\/\/losperiodistas.com.mx\/portal\/wp-json\/wp\/v2\/posts\/52391\/revisions"}],"predecessor-version":[{"id":52393,"href":"https:\/\/losperiodistas.com.mx\/portal\/wp-json\/wp\/v2\/posts\/52391\/revisions\/52393"}],"wp:featuredmedia":[{"embeddable":true,"href":"https:\/\/losperiodistas.com.mx\/portal\/wp-json\/wp\/v2\/media\/52392"}],"wp:attachment":[{"href":"https:\/\/losperiodistas.com.mx\/portal\/wp-json\/wp\/v2\/media?parent=52391"}],"wp:term":[{"taxonomy":"category","embeddable":true,"href":"https:\/\/losperiodistas.com.mx\/portal\/wp-json\/wp\/v2\/categories?post=52391"},{"taxonomy":"post_tag","embeddable":true,"href":"https:\/\/losperiodistas.com.mx\/portal\/wp-json\/wp\/v2\/tags?post=52391"}],"curies":[{"name":"wp","href":"https:\/\/api.w.org\/{rel}","templated":true}]}}