{"id":5237,"date":"2021-03-05T08:16:00","date_gmt":"2021-03-05T14:16:00","guid":{"rendered":"http:\/\/losperiodistas.com.mx\/portal\/?p=5237"},"modified":"2021-03-05T08:16:01","modified_gmt":"2021-03-05T14:16:01","slug":"los-colectivos-de-mujeres-catolicas-piden-mas-representacion-en-los-cargos-eclesiasticos-publico","status":"publish","type":"post","link":"https:\/\/losperiodistas.com.mx\/portal\/los-colectivos-de-mujeres-catolicas-piden-mas-representacion-en-los-cargos-eclesiasticos-publico\/","title":{"rendered":"Los colectivos de mujeres cat\u00f3licas piden m\u00e1s representaci\u00f3n en los cargos eclesi\u00e1sticos | P\u00fablico"},"content":{"rendered":"\n<p style=\"font-size:18px\"><em>Asociaciones como \u00abAlcem la Veu\u00bb reclaman \u00abdi\u00e1logo y equidad\u00bb en la Iglesia y una mayor participaci\u00f3n de las mujeres en los espacios de toma de decisi\u00f3n de la instituci\u00f3n eclesial.<\/em><\/p>\n\n\n\n<p class=\"has-vivid-cyan-blue-color has-text-color has-medium-font-size\">EFE \/ Barcelona \/ P\u00daBLICO<\/p>\n\n\n\n<p id=\"m6-5-7\">Mujeres cat\u00f3licas agrupadas en diversos colectivos, como la coordinadora de mujeres creyentes&nbsp;<a href=\"https:\/\/es.alcemlaveu.org\/\" target=\"_blank\" rel=\"noreferrer noopener\">Alcem la Veu<\/a>&nbsp;(Alcemos la voz), ha convocado protestas para el d\u00eda 7 de marzo en varias ciudades espa\u00f1olas con el fin de&nbsp;<strong>reclamar \u00abdi\u00e1logo y equidad\u00bb en la Iglesia y una mayor participaci\u00f3n de las mujeres<\/strong>&nbsp;en los espacios de toma de decisi\u00f3n de la instituci\u00f3n eclesial.<\/p>\n\n\n\n<p id=\"m619-1-620\">El colectivo cuenta con una red de movimientos estatales e internacionales que trabajan por\u00a0<strong>una Iglesia m\u00e1s diversa, abierta y participativa<\/strong>\u00a0y, con motivo del\u00a0<a href=\"https:\/\/www.publico.es\/sociedad\/mapa-8m-son-450-movilizaciones-actos-convocados-8m.html\">D\u00eda Internacional de la Mujer<\/a>, han convocado una concentraci\u00f3n en la plaza de la Catedral de Barcelona con el lema \u00abPor la dignidad y la igualdad de las mujeres en la Iglesia\u00bb.<\/p>\n\n\n\n<p>La entidad, que ha comunicado el acto al Ayuntamiento de Barcelona y a la Generalitat, sin que estos hayan puesto de momento ninguna objeci\u00f3n, asegura que\u00a0<strong>la concentraci\u00f3n cumple con las medidas de prevenci\u00f3n de la covid-19<\/strong>\u00a0dictadas por las autoridades sanitarias.<\/p>\n\n\n\n<p id=\"m636-3-637\">La asociaci\u00f3n ha informado de que quienes quieran participar&nbsp;<strong>deber\u00e1n inscribirse previamente<\/strong>&nbsp;desde el dominio en l\u00ednea de la entidad.<\/p>\n\n\n\n<p id=\"m645-4-646\">Otras ciudades espa\u00f1olas, como Madrid, Valencia, Sevilla, Zaragoza, Santiago de Compostela, Granada, Bilbao, C\u00f3rdoba, Burgos y Salamanca tambi\u00e9n han convocado actos paralelos bajo la consigna \u00abRevuelta de mujeres en la Iglesia, hasta que la igualdad sea costumbre\u00bb.<\/p>\n\n\n\n<h2 class=\"wp-block-heading\" id=\"m882-5-883\">M\u00e1s representaci\u00f3n y mayor responsabilidad<\/h2>\n\n\n\n<p id=\"m654-5-655\">La portavoz de Alcem la Veu,\u00a0<strong>Noem\u00ed Ubach<\/strong>, ha explicado que con la manifestaci\u00f3n del domingo quieren denunciar la\u00a0<strong>falta de representaci\u00f3n<\/strong>\u00a0de las mujeres en los cargos con mayores responsabilidades eclesi\u00e1sticas.<\/p>\n\n\n\n<p id=\"m663-6-664\">\u00abPese a ser mayor\u00eda en espacios como la catequesis, las parroquias o en proyectos de voluntariado,&nbsp;<strong>las mujeres no est\u00e1n suficientemente representadas en los espacios de decisi\u00f3n<\/strong>\u00ab, ha destacado Ubach.<\/p>\n\n\n\n<p id=\"m672-7-673\">En esta l\u00ednea, ha reivindicado el papel de las mujeres en la comunidad cristiana y ha pedido que estas&nbsp;<strong>no sean discriminadas por razones de g\u00e9nero<\/strong>.<\/p>\n\n\n\n<p id=\"m681-8-682\">\u00abLa concentraci\u00f3n tiene dos vertientes: una parte de celebraci\u00f3n y una de reivindicaci\u00f3n, queremos salir a la calle y reivindicar que\u00a0<strong>nos consideramos en el mismo plano de igualdad que los hombres<\/strong>\u00ab, ha agregado la portavoz.<\/p>\n\n\n\n<p id=\"m690-9-691\">Desde la entidad valoran positivamente las \u00abmedidas simb\u00f3licas\u00bb a favor de la igualdad de la Iglesia, especialmente&nbsp;<a href=\"https:\/\/www.publico.es\/internacional\/papa-francisco-regulariza-mujeres-puedan.html\">la modificaci\u00f3n del C\u00f3digo del Derecho Can\u00f3nico<\/a>&nbsp;que da la oportunidad de&nbsp;<strong>instituir mujeres en los ministerios laicales<\/strong>&nbsp;del lectorado y el acolitado, hasta ahora reservados a los hombres.<\/p>\n\n\n\n<p id=\"m699-10-700\">Adem\u00e1s, celebran que dos mujeres han ocupado el cargo de subsecretaria del S\u00ednodo de Obispos y la secretar\u00eda general de la Conferencia Episcopal de Alemania.<\/p>\n\n\n\n<p id=\"m708-11-709\">\u00abSon responsabilidades eclesiales que nunca antes hab\u00eda ejercido una mujer, las mujeres&nbsp;<strong>nos estamos empoderando<\/strong>, somos protagonistas del cambio\u00bb, ha resaltado Ubach.<\/p>\n\n\n\n<p id=\"m717-12-718\">No obstante, considera que estos avances son \u00abinsuficientes\u00bb y sostiene que&nbsp;<strong>la Iglesia debe cambiar \u00abla concepci\u00f3n y la cultura general<\/strong>&nbsp;de que las mujeres no son capaces de hacer lo mismo que los hombres\u00bb.<\/p>\n\n\n\n<h2 class=\"wp-block-heading\" id=\"m925-14-926\">Llevar\u00e1n sus reclamaciones a Roma en 2022<\/h2>\n\n\n\n<p id=\"m735-14-736\">En l\u00ednea a estas reivindicaciones, Alcem la Veu participar\u00e1 en la primavera de 2022 en el&nbsp;<strong>S\u00ednodo de mujeres de Roma<\/strong>&nbsp;organizado por la entidad internacional&nbsp;<a href=\"https:\/\/www.catholicwomenscouncil.org\/es\/\" target=\"_blank\" rel=\"noreferrer noopener\">Catholic Women Council<\/a>&nbsp;(CWC) para visibilizar a las mujeres e incluirlas en la agenda eclesial.<\/p>\n\n\n\n<p id=\"m744-15-745\">\u00abNosotras, de manera paralela al S\u00ednodo de oto\u00f1o de 2022, organizamos este encuentro para mostrar que hay otra manera posible de hacer la Iglesia y de celebrar el S\u00ednodo\u00bb, ha detallado Ubach.<\/p>\n\n\n\n<p id=\"m753-16-754\">Este s\u00ednodo de mujeres busca ser un evento reivindicativo e inclusivo previo a la XVI<strong>&nbsp;Asamblea General Ordinaria de obispos<\/strong>.<\/p>\n\n\n\n<p id=\"m762-17-763\">\u00abHasta el momento, el S\u00ednodo del Vaticano est\u00e1 constituido en su gran mayor\u00eda por hombres c\u00e9lebres y no incluye a mujeres\u00bb, ha lamentado la portavoz de la asociaci\u00f3n, que cree \u00ababsurdo\u00bb que este evento\u00a0<strong>no cuente con una mayor participaci\u00f3n femenina<\/strong>, por lo que esperan poder adaptar esta concepci\u00f3n como lo han hecho otras congregaciones y comunidades religiosas.<\/p>\n\n\n\n<p>Fuente: https:\/\/www.publico.es\/sociedad\/mujeres-iglesia-colectivos-mujeres-catolicas-piden-representacion-cargos-eclesiasticos.html<\/p>\n","protected":false},"excerpt":{"rendered":"<p>Asociaciones como \u00abAlcem la Veu\u00bb reclaman \u00abdi\u00e1logo y equidad\u00bb en la Iglesia y una mayor participaci\u00f3n de las mujeres en [&hellip;]<\/p>\n","protected":false},"author":1,"featured_media":5238,"comment_status":"open","ping_status":"open","sticky":false,"template":"","format":"standard","meta":{"site-sidebar-layout":"default","site-content-layout":"","ast-site-content-layout":"default","site-content-style":"default","site-sidebar-style":"default","ast-global-header-display":"","ast-banner-title-visibility":"","ast-main-header-display":"","ast-hfb-above-header-display":"","ast-hfb-below-header-display":"","ast-hfb-mobile-header-display":"","site-post-title":"","ast-breadcrumbs-content":"","ast-featured-img":"","footer-sml-layout":"","theme-transparent-header-meta":"","adv-header-id-meta":"","stick-header-meta":"","header-above-stick-meta":"","header-main-stick-meta":"","header-below-stick-meta":"","astra-migrate-meta-layouts":"default","ast-page-background-enabled":"default","ast-page-background-meta":{"desktop":{"background-color":"var(--ast-global-color-4)","background-image":"","background-repeat":"repeat","background-position":"center center","background-size":"auto","background-attachment":"scroll","background-type":"","background-media":"","overlay-type":"","overlay-color":"","overlay-opacity":"","overlay-gradient":""},"tablet":{"background-color":"","background-image":"","background-repeat":"repeat","background-position":"center center","background-size":"auto","background-attachment":"scroll","background-type":"","background-media":"","overlay-type":"","overlay-color":"","overlay-opacity":"","overlay-gradient":""},"mobile":{"background-color":"","background-image":"","background-repeat":"repeat","background-position":"center center","background-size":"auto","background-attachment":"scroll","background-type":"","background-media":"","overlay-type":"","overlay-color":"","overlay-opacity":"","overlay-gradient":""}},"ast-content-background-meta":{"desktop":{"background-color":"var(--ast-global-color-5)","background-image":"","background-repeat":"repeat","background-position":"center center","background-size":"auto","background-attachment":"scroll","background-type":"","background-media":"","overlay-type":"","overlay-color":"","overlay-opacity":"","overlay-gradient":""},"tablet":{"background-color":"var(--ast-global-color-5)","background-image":"","background-repeat":"repeat","background-position":"center center","background-size":"auto","background-attachment":"scroll","background-type":"","background-media":"","overlay-type":"","overlay-color":"","overlay-opacity":"","overlay-gradient":""},"mobile":{"background-color":"var(--ast-global-color-5)","background-image":"","background-repeat":"repeat","background-position":"center center","background-size":"auto","background-attachment":"scroll","background-type":"","background-media":"","overlay-type":"","overlay-color":"","overlay-opacity":"","overlay-gradient":""}},"footnotes":""},"categories":[8],"tags":[281],"class_list":["post-5237","post","type-post","status-publish","format-standard","has-post-thumbnail","hentry","category-noticias","tag-mujeres-iglesia-catolica"],"_links":{"self":[{"href":"https:\/\/losperiodistas.com.mx\/portal\/wp-json\/wp\/v2\/posts\/5237","targetHints":{"allow":["GET"]}}],"collection":[{"href":"https:\/\/losperiodistas.com.mx\/portal\/wp-json\/wp\/v2\/posts"}],"about":[{"href":"https:\/\/losperiodistas.com.mx\/portal\/wp-json\/wp\/v2\/types\/post"}],"author":[{"embeddable":true,"href":"https:\/\/losperiodistas.com.mx\/portal\/wp-json\/wp\/v2\/users\/1"}],"replies":[{"embeddable":true,"href":"https:\/\/losperiodistas.com.mx\/portal\/wp-json\/wp\/v2\/comments?post=5237"}],"version-history":[{"count":1,"href":"https:\/\/losperiodistas.com.mx\/portal\/wp-json\/wp\/v2\/posts\/5237\/revisions"}],"predecessor-version":[{"id":5239,"href":"https:\/\/losperiodistas.com.mx\/portal\/wp-json\/wp\/v2\/posts\/5237\/revisions\/5239"}],"wp:featuredmedia":[{"embeddable":true,"href":"https:\/\/losperiodistas.com.mx\/portal\/wp-json\/wp\/v2\/media\/5238"}],"wp:attachment":[{"href":"https:\/\/losperiodistas.com.mx\/portal\/wp-json\/wp\/v2\/media?parent=5237"}],"wp:term":[{"taxonomy":"category","embeddable":true,"href":"https:\/\/losperiodistas.com.mx\/portal\/wp-json\/wp\/v2\/categories?post=5237"},{"taxonomy":"post_tag","embeddable":true,"href":"https:\/\/losperiodistas.com.mx\/portal\/wp-json\/wp\/v2\/tags?post=5237"}],"curies":[{"name":"wp","href":"https:\/\/api.w.org\/{rel}","templated":true}]}}