{"id":52340,"date":"2023-05-31T10:42:52","date_gmt":"2023-05-31T15:42:52","guid":{"rendered":"http:\/\/losperiodistas.com.mx\/portal\/?p=52340"},"modified":"2023-05-31T10:43:54","modified_gmt":"2023-05-31T15:43:54","slug":"miguel-otero-periodista-venezolano-exiliado-el-nuevo-comunismo-implanta-sus-dictaduras-tomando-primero-el-tribunal-constitucional-ld","status":"publish","type":"post","link":"https:\/\/losperiodistas.com.mx\/portal\/miguel-otero-periodista-venezolano-exiliado-el-nuevo-comunismo-implanta-sus-dictaduras-tomando-primero-el-tribunal-constitucional-ld\/","title":{"rendered":"Miguel Otero, periodista venezolano exiliado: \u00abEl nuevo comunismo implanta sus dictaduras tomando primero el Tribunal Constitucional\u00bb | LD"},"content":{"rendered":"\n<h2 class=\"has-background has-medium-font-size wp-block-heading\" style=\"background-color:#f541a9\">El director de El Nacional habla con LD en el segundo aniversario de la toma de sus instalaciones por parte del r\u00e9gimen Ch\u00e1vez-Maduro.<\/h2>\n\n\n\n<figure class=\"wp-block-image size-large is-style-default\"><img fetchpriority=\"high\" decoding=\"async\" width=\"1024\" height=\"659\" src=\"https:\/\/losperiodistas.com.mx\/portal\/wp-content\/uploads\/2023\/05\/miguel-henrique-ld-2023-2-1024x659.jpg\" alt=\"\" class=\"wp-image-52343\" srcset=\"https:\/\/losperiodistas.com.mx\/portal\/wp-content\/uploads\/2023\/05\/miguel-henrique-ld-2023-2-1024x659.jpg 1024w, https:\/\/losperiodistas.com.mx\/portal\/wp-content\/uploads\/2023\/05\/miguel-henrique-ld-2023-2-300x193.jpg 300w, https:\/\/losperiodistas.com.mx\/portal\/wp-content\/uploads\/2023\/05\/miguel-henrique-ld-2023-2-768x494.jpg 768w, https:\/\/losperiodistas.com.mx\/portal\/wp-content\/uploads\/2023\/05\/miguel-henrique-ld-2023-2-1536x988.jpg 1536w, https:\/\/losperiodistas.com.mx\/portal\/wp-content\/uploads\/2023\/05\/miguel-henrique-ld-2023-2.jpg 1920w\" sizes=\"(max-width: 1024px) 100vw, 1024px\" \/><figcaption>Miguel Henrique, periodista venezolano exiliado. |&nbsp;David Alonso Rinc\u00f3n<\/figcaption><\/figure>\n\n\n\n<p class=\"has-vivid-red-color has-text-color has-medium-font-size\"><strong>MAITE LOUREIRO \/ LIBERTAD DIGITAL<\/strong><\/p>\n\n\n\n<p><strong>Miguel Henrique Otero<\/strong>&nbsp;es director del peri\u00f3dico venezolano&nbsp;<em><strong>El Nacional<\/strong><\/em>, perseguido por el r\u00e9gimen de Nicol\u00e1s Maduro, antes de Hugo Ch\u00e1vez. Se cumplen ahora dos a\u00f1os desde que el 14 de mayo de 2021 el Ej\u00e9rcito irrumpi\u00f3 en las instalaciones del rotativo y se hizo con el control absoluto por informar de manera independiente sobre el gobierno. Desde Madrid sigue edit\u00e1ndose en su versi\u00f3n online. Otero, exiliado desde 2015, atiende a Libertad Digital en su casa, la nueva sede del peri\u00f3dico, para hablar de la situaci\u00f3n de su pa\u00eds, de los paralelismos con Espa\u00f1a y de Podemos.<\/p>\n\n\n\n<p><strong>\u00bfQu\u00e9 es el peri\u00f3dico El Nacional de Venezuela?<\/strong><\/p>\n\n\n\n<p>El Nacional es el peri\u00f3dico m\u00e1s importante de Venezuela, fue fundado en 1943 por mi abuelo, al que sigui\u00f3 mi padre, y ha sido el gran peri\u00f3dico de la democracia. En Venezuela hab\u00eda tres peri\u00f3dicos grandes:&nbsp;<em>El Nacional<\/em>,<em>&nbsp;El Universal&nbsp;<\/em>y<em>&nbsp;\u00daltima Noticia<\/em>. A los dos \u00faltimos los compr\u00f3 el Gobierno de Ch\u00e1vez-Maduro en una operaci\u00f3n poco transparente. Nosotros somos los \u00fanicos que resistimos, y seguimos resistiendo.&nbsp;<em>El Nacional&nbsp;<\/em>ha acompa\u00f1ado a Venezuela durante los 40 a\u00f1os de democracia, y le sigue acompa\u00f1ado en la resistencia.<\/p>\n\n\n\n<p id=\"sc_ending_message\">Thank you for watching<\/p>\n\n\n\n<p><strong>\u00bfC\u00f3mo fue el proceso para acabar con la prensa libre en el pa\u00eds?<\/strong><\/p>\n\n\n\n<p>Ch\u00e1vez fue por fases: empez\u00f3 con la radio y la televisi\u00f3n, aprobando la Ley Resorte, muy punitiva y discrecional, por la que cerraron Radio Caracas Televisi\u00f3n, y crearon un mecanismo de censura y cierre de medios permanente en radio y televisi\u00f3n. Despu\u00e9s fueron contra los peri\u00f3dicos, quit\u00e1ndoles el acceso al papel y bloqueando luego las webs. Venezuela es un pa\u00eds apagado para la libertad de expresi\u00f3n. En paralelo hay una l\u00ednea represiva a trav\u00e9s de la administraci\u00f3n, los tributos, la publicidad, agresiones contra los periodistas\u2026por eso estoy en el exilio.<\/p>\n\n\n\n<p><strong>\u00bfQu\u00e9 ocurri\u00f3 con El Nacional?<\/strong><\/p>\n\n\n\n<p>Impusieron una demanda de difamaci\u00f3n contra el peri\u00f3dico cuando nos hicimos eco de una noticia del&nbsp;<em>ABC<\/em>&nbsp;espa\u00f1ol sobre Diosdado Cabello, investigado por narcotr\u00e1fico por un fiscal del Estado de Nueva York, contra el que pesa una orden de captura de la DEA. Pero la Corte Suprema venezolana sentenci\u00f3 que deb\u00edamos pagarle 13 millones de d\u00f3lares para resarcir su honor. Ese d\u00eda el Ej\u00e9rcito tom\u00f3 las instalaciones y ahora operamos con periodistas perseguidos que trabajan dentro y fuera del pa\u00eds; el equipo t\u00e9cnico est\u00e1 en Miami, los servidores en Texas, logrando un gran tr\u00e1fico de lectores en Am\u00e9rica e, incluso, Venezuela cuando podemos superar el bloqueo.<\/p>\n\n\n\n<p><strong>\u00bfC\u00f3mo logr\u00f3 huir del pa\u00eds?<\/strong><\/p>\n\n\n\n<p>Cuando tomaron las instalaciones yo estaba en Israel y, gracias a eso, no pudieron detenerme. Cuando el Ej\u00e9rcito tom\u00f3 las instalaciones, desaloj\u00f3 a todo el personal, aunque la mayor parte de los archivos ya los hab\u00edamos sacado porque preve\u00edamos lo que iba a ocurrir. El edificio sigue tomado a pesar de que est\u00e1 vac\u00edo y en \u00e9l s\u00f3lo crece la hierba. Antes, los comunistas expropiaban algo pero lo manten\u00edan funcionando de forma ineficiente, pero \u00e9stos dejan que se destruya.<\/p>\n\n\n\n<p><strong>\u00bfCree que podr\u00e1 volver alguna vez a Venezuela?<\/strong><\/p>\n\n\n\n<p>Mientras se mantenga la orden de detenci\u00f3n contra m\u00ed, no. En cuanto ocurra algo y se suspendan las medidas, volver\u00e9 a m\u00ed pa\u00eds. Mientras, sigo dirigiendo el peri\u00f3dico desde aqu\u00ed, desde Madrid.<\/p>\n\n\n\n<p><strong>\u00bfQui\u00e9n es para usted Hugo Ch\u00e1vez, ya fallecido?<\/strong><\/p>\n\n\n\n<p>Era una persona muy carism\u00e1tica en las clases populares, producto tambi\u00e9n del deterioro del sistema pol\u00edtico que hab\u00eda, que lleg\u00f3 a tener una popularidad del 85%. Pero estos l\u00edderes mesi\u00e1nicos populistas sienten que encarnan el pueblo y cuando alguien les critica, critica al pueblo. Eso justifica cualquier atropello. A medida que iba perdiendo popularidad, crec\u00eda la represi\u00f3n. Tuvo la suerte de que el precio del petr\u00f3leo subi\u00f3 much\u00edsimo, cuando lleg\u00f3 se produc\u00edan 3,3 millones de barriles diarios, a un precio de 8 d\u00f3lares el barril, que subi\u00f3 a 150 d\u00f3lares, una monta\u00f1a de dinero que dilapid\u00f3. Ahora se producen s\u00f3lo 600.000 barriles porque dilapidaron la industria.Maduro ha destruido Venezuela, un pa\u00eds rico que ahora est\u00e1 al nivel de Hait\u00ed<\/p>\n\n\n\n<figure class=\"wp-block-image is-style-default\"><a href=\"https:\/\/s.libertaddigital.com\/2023\/05\/26\/miguel-henrique-ld-2023-4.jpg\"><img decoding=\"async\" src=\"https:\/\/s.libertaddigital.com\/2023\/05\/26\/miguel-henrique-ld-2023-4.jpg\" alt=\"miguel-henrique-ld-2023-4.jpg\"\/><\/a><figcaption>Miguel Henrique, periodista venezolano exiliado. | David Alonso.<\/figcaption><\/figure>\n\n\n\n<p><strong>\u00bfY Nicol\u00e1s Maduro?<\/strong><\/p>\n\n\n\n<p>Maduro no tiene tanta popularidad como tuvo Ch\u00e1vez, no gan\u00f3 unas elecciones, lo pusieron los cubanos. Entra ya con un deterioro muy grande del r\u00e9gimen, lo que provoca que crezca m\u00e1s la represi\u00f3n hasta ser una dictadura. El nivel de destrucci\u00f3n de Maduro es inconcebible, el PIB se redujo un 85%, ha destruido el pa\u00eds sin guerra una cuarta parte de la poblaci\u00f3n, 7 millones han salido. Es algo nunca visto antes en la Historia sin que haya un conflicto armado o una cat\u00e1strofe natural. El 75% de venezolanos est\u00e1n en niveles de pobreza cr\u00edtica, en niveles de Hait\u00ed.<\/p>\n\n\n\n<p><strong>\u00bfC\u00f3mo ha sido ese proceso de destrucci\u00f3n?<\/strong><\/p>\n\n\n\n<p>El modelo posmoderno de dictadura comunista es siempre poner primero la mano al Tribunal Constitucional para dinamitar los pilares de la democracia. Cuando Ch\u00e1vez plantea una Asamblea Constituyente no es para aprobar una Constituci\u00f3n comunista, sino para controlar el TC, como ocurre en Espa\u00f1a. La dictadura del proletariado ahora es llegar al poder con unas elecciones y reventar el Estado a trav\u00e9s del TC.<\/p>\n\n\n\n<p><strong>\u00bfCorre Espa\u00f1a el mismo riesgo?<\/strong><\/p>\n\n\n\n<p>S\u00ed, claro, por su puesto. Yo digo que los venezolanos venimos del futuro, aunque no es tan sencillo. Ch\u00e1vez lo pudo hacer porque ten\u00eda much\u00edsima popularidad y dinero que manejaba discrecionalmente.Si la derecha en Espa\u00f1a no revierte las reformas de S\u00e1nchez, los espa\u00f1oles se quedar\u00e1n sin pa\u00eds<\/p>\n\n\n\n<p><strong>\u00bfCree que en Espa\u00f1a la oposici\u00f3n y las instituciones tienen suficiente fuerza para impedir llegar a esa situaci\u00f3n?<\/strong><\/p>\n\n\n\n<p>En las pr\u00f3ximas elecciones lo m\u00e1s probable es que gane la derecha, pero tiene que ser consciente de que existe ese peligro porque, si la derecha no revierte las reformas que se han hecho, ma\u00f1ana puede cambiar, otra vez, como ocurri\u00f3 con Zapatero. S\u00e1nchez lo que hace es seguir su estela. Si gana la derecha y no hace nada, cuando vuelva la izquierda, al final, se quedan sin pa\u00eds.La conexi\u00f3n de Podemos con Venezuela es a nivel pol\u00edtico, econ\u00f3mico y, sobre todo, ideol\u00f3gico<\/p>\n\n\n\n<figure class=\"wp-block-image is-style-default\"><a href=\"https:\/\/s.libertaddigital.com\/2023\/05\/26\/miguel-henrique-ld-2023-3.jpg\"><img decoding=\"async\" src=\"https:\/\/s.libertaddigital.com\/2023\/05\/26\/miguel-henrique-ld-2023-3.jpg\" alt=\"miguel-henrique-ld-2023-3.jpg\"\/><\/a><figcaption>Miguel Henrique, periodista venezolano exiliado. | D.A.<\/figcaption><\/figure>\n\n\n\n<p><strong>\u00bfQu\u00e9 influencia tuvo Podemos en Venezuela?<\/strong><\/p>\n\n\n\n<p>Hay una influencia pol\u00edtica pagada con dinero p\u00fablico, a trav\u00e9s de la fundaci\u00f3n de Podemos, de lo que s\u00ed hay registro en documentos p\u00fablicos. Pero no hay trazos del dinero pagado en efectivo, como con las maletas de Delcy. Aunque lo m\u00e1s importante es la influencia ideol\u00f3gica, a trav\u00e9s de la presidenta del Tribunal Supremo venezolano, (Gladys Mar\u00eda Guti\u00e9rrez) que monta la estructura para dilapidar los pilares de la democracia y que estudi\u00f3 en la Universidad de Zaragoza, donde elabor\u00f3 una tesis dirigida por los de Podemos.<\/p>\n\n\n\n<p><strong>\u00bfHay esperanza para Venezuela?<\/strong><\/p>\n\n\n\n<p>Ha habido varios momentos en los que la oposici\u00f3n ha estado a las puertas de revertir el proceso, y vendr\u00e1n otros. Pero hay un problema de foco, de organizaci\u00f3n. Un pa\u00eds con las condiciones que he descrito, donde el antimadurismo ahora es del 90%, tiene que tener un objetivo claro de salir del r\u00e9gimen, que sea compartido.<\/p>\n\n\n\n<p><strong>\u00bfC\u00f3mo una poblaci\u00f3n hambrienta, controlada por el gobierno, puede hacer frente a la dictadura?<\/strong><\/p>\n\n\n\n<p>Esta no es una dictadura tradicional, con una estructura piramidal, esto es una corporaci\u00f3n criminal que tiene secuestrado al pa\u00eds. Hay varios poderes que han establecido una alianza delincuencial. El poder en Venezuela est\u00e1 marcado por el narcotr\u00e1fico, con alianzas con todas las fuerzas del mal: Cuba, Hezbol\u00e1, las FARC, el ELN. A pesar de ello, en lo que va de a\u00f1o se han registrado 5.000 manifestaciones populares, lo que es una barbaridad.<\/p>\n\n\n\n<figure class=\"wp-block-image is-style-default\"><a href=\"https:\/\/s.libertaddigital.com\/2023\/05\/26\/miguel-henrique-ld-2023-1.jpg\"><img decoding=\"async\" src=\"https:\/\/s.libertaddigital.com\/2023\/05\/26\/miguel-henrique-ld-2023-1.jpg\" alt=\"miguel-henrique-ld-2023-1.jpg\"\/><\/a><figcaption>Miguel Otero, en su casa de Madrid. | David Alonso<\/figcaption><\/figure>\n\n\n\n<p>La salida para Venezuela no puede ser por la v\u00eda de las urnas.<\/p>\n\n\n\n<p><strong>\u00bfC\u00f3mo pueden rebelarse los poderes p\u00fablicos que quedan?<\/strong><\/p>\n\n\n\n<p>El Ej\u00e9rcito ha vivido unas 8 rebeliones, aplacadas por el gobierno con 200 oficiales presos. Las Fuerzas Armadas est\u00e1n en permanente ebullici\u00f3n. Hay una oposici\u00f3n pol\u00edtica, dividida, pero que est\u00e1 all\u00ed, no como en Cuba que no existe o vive fuera. Estos elementos pueden provocar una quiebra porque la base del r\u00e9gimen es inestable. El problema es que los dem\u00f3cratas creen que la salida siempre debe ser a trav\u00e9s de unas elecciones transparentes, pero hablamos de criminales. Ortega, en Nicaragua, apres\u00f3 a todos los opositores cuando vio que iba a perder o si no cambian el resultado electoral. La salida tiene que ser con una confrontaci\u00f3n distinta.<\/p>\n\n\n\n<p>Fuente: <a href=\"https:\/\/www.libertaddigital.com\/internacional\/latinoamerica\/2023-05-27\/miguel-henrique-otero-el-nacional-venezuela-los-nuevos-comunistas-toman-siempre-primero-el-tc-para-instaurar-sus-7019218\/\">https:\/\/www.libertaddigital.com\/internacional\/latinoamerica\/2023-05-27\/miguel-henrique-otero-el-nacional-venezuela-los-nuevos-comunistas-toman-siempre-primero-el-tc-para-instaurar-sus-7019218\/<\/a><\/p>\n","protected":false},"excerpt":{"rendered":"<p>El director de El Nacional habla con LD en el segundo aniversario de la toma de sus instalaciones por parte [&hellip;]<\/p>\n","protected":false},"author":1,"featured_media":52343,"comment_status":"open","ping_status":"open","sticky":false,"template":"","format":"standard","meta":{"site-sidebar-layout":"default","site-content-layout":"","ast-site-content-layout":"default","site-content-style":"default","site-sidebar-style":"default","ast-global-header-display":"","ast-banner-title-visibility":"","ast-main-header-display":"","ast-hfb-above-header-display":"","ast-hfb-below-header-display":"","ast-hfb-mobile-header-display":"","site-post-title":"","ast-breadcrumbs-content":"","ast-featured-img":"","footer-sml-layout":"","theme-transparent-header-meta":"","adv-header-id-meta":"","stick-header-meta":"","header-above-stick-meta":"","header-main-stick-meta":"","header-below-stick-meta":"","astra-migrate-meta-layouts":"default","ast-page-background-enabled":"default","ast-page-background-meta":{"desktop":{"background-color":"var(--ast-global-color-4)","background-image":"","background-repeat":"repeat","background-position":"center center","background-size":"auto","background-attachment":"scroll","background-type":"","background-media":"","overlay-type":"","overlay-color":"","overlay-opacity":"","overlay-gradient":""},"tablet":{"background-color":"","background-image":"","background-repeat":"repeat","background-position":"center center","background-size":"auto","background-attachment":"scroll","background-type":"","background-media":"","overlay-type":"","overlay-color":"","overlay-opacity":"","overlay-gradient":""},"mobile":{"background-color":"","background-image":"","background-repeat":"repeat","background-position":"center center","background-size":"auto","background-attachment":"scroll","background-type":"","background-media":"","overlay-type":"","overlay-color":"","overlay-opacity":"","overlay-gradient":""}},"ast-content-background-meta":{"desktop":{"background-color":"var(--ast-global-color-5)","background-image":"","background-repeat":"repeat","background-position":"center center","background-size":"auto","background-attachment":"scroll","background-type":"","background-media":"","overlay-type":"","overlay-color":"","overlay-opacity":"","overlay-gradient":""},"tablet":{"background-color":"var(--ast-global-color-5)","background-image":"","background-repeat":"repeat","background-position":"center center","background-size":"auto","background-attachment":"scroll","background-type":"","background-media":"","overlay-type":"","overlay-color":"","overlay-opacity":"","overlay-gradient":""},"mobile":{"background-color":"var(--ast-global-color-5)","background-image":"","background-repeat":"repeat","background-position":"center center","background-size":"auto","background-attachment":"scroll","background-type":"","background-media":"","overlay-type":"","overlay-color":"","overlay-opacity":"","overlay-gradient":""}},"footnotes":""},"categories":[8],"tags":[1916,16709,16710,16711],"class_list":["post-52340","post","type-post","status-publish","format-standard","has-post-thumbnail","hentry","category-noticias","tag-democracia","tag-miguel-oteri","tag-periodismo-venezuela","tag-tribunal-constitucional"],"_links":{"self":[{"href":"https:\/\/losperiodistas.com.mx\/portal\/wp-json\/wp\/v2\/posts\/52340","targetHints":{"allow":["GET"]}}],"collection":[{"href":"https:\/\/losperiodistas.com.mx\/portal\/wp-json\/wp\/v2\/posts"}],"about":[{"href":"https:\/\/losperiodistas.com.mx\/portal\/wp-json\/wp\/v2\/types\/post"}],"author":[{"embeddable":true,"href":"https:\/\/losperiodistas.com.mx\/portal\/wp-json\/wp\/v2\/users\/1"}],"replies":[{"embeddable":true,"href":"https:\/\/losperiodistas.com.mx\/portal\/wp-json\/wp\/v2\/comments?post=52340"}],"version-history":[{"count":2,"href":"https:\/\/losperiodistas.com.mx\/portal\/wp-json\/wp\/v2\/posts\/52340\/revisions"}],"predecessor-version":[{"id":52346,"href":"https:\/\/losperiodistas.com.mx\/portal\/wp-json\/wp\/v2\/posts\/52340\/revisions\/52346"}],"wp:featuredmedia":[{"embeddable":true,"href":"https:\/\/losperiodistas.com.mx\/portal\/wp-json\/wp\/v2\/media\/52343"}],"wp:attachment":[{"href":"https:\/\/losperiodistas.com.mx\/portal\/wp-json\/wp\/v2\/media?parent=52340"}],"wp:term":[{"taxonomy":"category","embeddable":true,"href":"https:\/\/losperiodistas.com.mx\/portal\/wp-json\/wp\/v2\/categories?post=52340"},{"taxonomy":"post_tag","embeddable":true,"href":"https:\/\/losperiodistas.com.mx\/portal\/wp-json\/wp\/v2\/tags?post=52340"}],"curies":[{"name":"wp","href":"https:\/\/api.w.org\/{rel}","templated":true}]}}