{"id":52330,"date":"2023-05-31T09:58:07","date_gmt":"2023-05-31T14:58:07","guid":{"rendered":"http:\/\/losperiodistas.com.mx\/portal\/?p=52330"},"modified":"2023-05-31T09:58:10","modified_gmt":"2023-05-31T14:58:10","slug":"emerge-del-mar-de-cortes-el-acuario-mas-grande-de-latinoamerica-alberga-200-especies-forbes","status":"publish","type":"post","link":"https:\/\/losperiodistas.com.mx\/portal\/emerge-del-mar-de-cortes-el-acuario-mas-grande-de-latinoamerica-alberga-200-especies-forbes\/","title":{"rendered":"Emerge del Mar de Cort\u00e9s el acuario m\u00e1s grande de Latinoam\u00e9rica; alberga 200 especies | Forbes"},"content":{"rendered":"\n<p class=\"has-background has-medium-font-size\" style=\"background-color:#3af5e2\"><em>El acuario es un proyecto de asociaci\u00f3n p\u00fablico-privado, en el cual 70% de la inversi\u00f3n total que ascendi\u00f3 a 1,800 millones de pesos fue privada y el 30% de la Secretar\u00eda de Turismo (Sectur) y de Banobras.<\/em><\/p>\n\n\n\n<p><\/p>\n\n\n\n<figure class=\"wp-block-image size-large is-style-default\"><img fetchpriority=\"high\" decoding=\"async\" width=\"1024\" height=\"572\" src=\"https:\/\/losperiodistas.com.mx\/portal\/wp-content\/uploads\/2023\/05\/Captura-de-Pantalla-2023-05-31-a-las-8.48.06-1024x572.jpg\" alt=\"\" class=\"wp-image-52331\" srcset=\"https:\/\/losperiodistas.com.mx\/portal\/wp-content\/uploads\/2023\/05\/Captura-de-Pantalla-2023-05-31-a-las-8.48.06-1024x572.jpg 1024w, https:\/\/losperiodistas.com.mx\/portal\/wp-content\/uploads\/2023\/05\/Captura-de-Pantalla-2023-05-31-a-las-8.48.06-300x168.jpg 300w, https:\/\/losperiodistas.com.mx\/portal\/wp-content\/uploads\/2023\/05\/Captura-de-Pantalla-2023-05-31-a-las-8.48.06-768x429.jpg 768w, https:\/\/losperiodistas.com.mx\/portal\/wp-content\/uploads\/2023\/05\/Captura-de-Pantalla-2023-05-31-a-las-8.48.06-1536x858.jpg 1536w, https:\/\/losperiodistas.com.mx\/portal\/wp-content\/uploads\/2023\/05\/Captura-de-Pantalla-2023-05-31-a-las-8.48.06.jpg 1718w\" sizes=\"(max-width: 1024px) 100vw, 1024px\" \/><figcaption><em>Foto: Gran Acuario Mazatl\u00e1n<\/em><\/figcaption><\/figure>\n\n\n\n<p><\/p>\n\n\n\n<p class=\"has-vivid-red-color has-text-color has-medium-font-size\"><strong>PATRICIA TAPIA CERVANTES \/ FORBES<\/strong><\/p>\n\n\n\n<p>En Mazatl\u00e1n, Sinaloa, se ha puesto en marcha el acuario m\u00e1s grande de M\u00e9xico y Latinoam\u00e9rica en una superficie de 26,000 metros cuadrados, el cual est\u00e1 dedicado al Mar de Cort\u00e9s.<\/p>\n\n\n\n<p>El Gran Acuario Mazatl\u00e1n alberga a 200 especies, pero \u00e9ste no solo tiene un fin tur\u00edstico, su principal objetivo es el estudio y conservaci\u00f3n de \u00e9stas, para lo cual se cre\u00f3 el Centro de Investigaciones Oce\u00e1nicas del Mar de Cort\u00e9s.<\/p>\n\n\n\n<p>El acuario es un proyecto de asociaci\u00f3n p\u00fablico-privado, en el cual 70% de la inversi\u00f3n total que ascendi\u00f3 a 1,800 millones de pesos fue privada y el 30% de la Secretar\u00eda de Turismo (Sectur) y de Banobras.<\/p>\n\n\n\n<p>El edificio consta de 19 salas, en las cuales hay tres h\u00e1bitats: tierra y bosque; costas y mar abierto. Para alimentar el acuario cada hora se filtran 4.5 millones de agua del mar.<\/p>\n\n\n\n<p>El recinto acu\u00e1tico abri\u00f3 sus puertas al p\u00fablico el pasado 6 mayo, pero la inauguraci\u00f3n formal se realiz\u00f3 ayer ante la presencia del gobernador del estado, Rub\u00e9n Rocha Moya y el secretario de Turismo, Miguel Torruco, este \u00faltimo consider\u00f3 que el acuario puede ser una ancla tur\u00edstica del estado.<\/p>\n\n\n\n<p>A casi un mes de estar abierto al p\u00fablico, se confirma esta vocaci\u00f3n tur\u00edstica, ya que 90% de los visitantes son extranjeros y s\u00f3lo 10% son locales.<\/p>\n\n\n\n<p>Rafael Liz\u00e1rraga Favela, director ejecutivo del Gran Acuario Mazatl\u00e1n, se\u00f1al\u00f3 que esperan llegar a 900,000 visitantes al a\u00f1o, ahorita se est\u00e1n recibiendo 2,600 en promedio al d\u00eda.<\/p>\n\n\n\n<p>\u201cEs la ventana oce\u00e1nica m\u00e1s grande de Latinoam\u00e9rica hace sin lugar a dudas la experiencia del visitante algo \u00fanico, adem\u00e1s de disfrutar su recorrido, sale con la posibilidad de aprender m\u00e1s del medio ambiente, entender m\u00e1s de la conservaci\u00f3n, el acuario se convierte en ese producto tur\u00edstico que viene a reforzar la competitividad del destino\u201d, indic\u00f3.<\/p>\n\n\n\n<figure class=\"wp-block-image is-style-default\"><img decoding=\"async\" src=\"https:\/\/cdn.forbes.com.mx\/2023\/05\/acuario-03.jpeg\" alt=\"\" class=\"wp-image-1107001\"\/><figcaption>Foto: Gran Acuario Mazatl\u00e1n<\/figcaption><\/figure>\n\n\n\n<h2 class=\"wp-block-heading\" id=\"h-se-logro-la-hazana\">SE LOGR\u00d3 LA HAZA\u00d1A<\/h2>\n\n\n\n<p>Tras 10 a\u00f1os de plantar la semilla, el proyecto impulsado por el empresario Ernesto Coppel Kelly, fundador y presidente del Consejo de Administraci\u00f3n de Grupo Pueblo Bonito, por fin vio la luz.<\/p>\n\n\n\n<p>La construcci\u00f3n dur\u00f3 cerca de 5 a\u00f1os y el dise\u00f1o arquitect\u00f3nico estuvo a cargo de Tatiana Bilbao Spamer, quien se inspir\u00f3 en una visi\u00f3n futurista.<\/p>\n\n\n\n<p>\u201cEn el a\u00f1o 2289 nosotros descubrimos este edificio, no sabemos para qu\u00e9, ni con qu\u00e9 prop\u00f3sito, ni para qu\u00e9 se us\u00f3, pero sabemos que en el 2100 el agua de los mares aument\u00f3 y tom\u00f3 el edificio, estuvo hundido por un periodo largo y cuando lo hallamos, muchos rastros de vida segu\u00edan ah\u00ed, decidimos solo abrir paso para que los humanos pudieran entender y ver c\u00f3mo esa vida se hab\u00eda apoderado de ese edificio construido en 2023\u201d, esta es la historia que cuenta Tatiana Bilbao con su dise\u00f1o.<\/p>\n\n\n\n<figure class=\"wp-block-image size-large is-style-default\"><img decoding=\"async\" width=\"1024\" height=\"833\" src=\"https:\/\/losperiodistas.com.mx\/portal\/wp-content\/uploads\/2023\/05\/Captura-de-Pantalla-2023-05-31-a-las-8.51.52-1024x833.jpg\" alt=\"\" class=\"wp-image-52332\" srcset=\"https:\/\/losperiodistas.com.mx\/portal\/wp-content\/uploads\/2023\/05\/Captura-de-Pantalla-2023-05-31-a-las-8.51.52-1024x833.jpg 1024w, https:\/\/losperiodistas.com.mx\/portal\/wp-content\/uploads\/2023\/05\/Captura-de-Pantalla-2023-05-31-a-las-8.51.52-300x244.jpg 300w, https:\/\/losperiodistas.com.mx\/portal\/wp-content\/uploads\/2023\/05\/Captura-de-Pantalla-2023-05-31-a-las-8.51.52-768x625.jpg 768w, https:\/\/losperiodistas.com.mx\/portal\/wp-content\/uploads\/2023\/05\/Captura-de-Pantalla-2023-05-31-a-las-8.51.52.jpg 1462w\" sizes=\"(max-width: 1024px) 100vw, 1024px\" \/><\/figure>\n\n\n\n<p>La arquitecta agreg\u00f3 que uno de los principales desaf\u00edos para esta narrativa que se eligi\u00f3 para el dise\u00f1o del Gran Acuario Mazatl\u00e1n, fue el surgimiento de la complejidad, el entender c\u00f3mo poder generar un espacio que contuviera a un ecosistema y sobre todo acercar a las personas y ser parte de \u00e9ste.<\/p>\n\n\n\n<p>\u201cEs el ecosistema que existe en esta regi\u00f3n, no estamos recreando nada, es simplemente abrir una plataforma para que ese ecosistema pueda verse y disfrutarse\u201d, coment\u00f3 Bilbao Spamer.<\/p>\n\n\n\n<p>\u201cLa vida en este edificio se qued\u00f3 para siempre\u201d, es una las muchas frases grabadas en las paredes del acuario que se espera pueda ampliarse hasta los 50,000 metros cuadros en 2024.<\/p>\n\n\n\n<figure class=\"wp-block-image is-style-default\"><img decoding=\"async\" src=\"https:\/\/cdn.forbes.com.mx\/2023\/05\/acuario-01-1024x681.jpeg\" alt=\"\" class=\"wp-image-1106999\"\/><figcaption>Foto: Gran Acuario Mazatl\u00e1n<\/figcaption><\/figure>\n\n\n\n<p>Fuente: <a href=\"https:\/\/www.forbes.com.mx\/emerge-del-mar-de-cortes-el-acuario-mas-grande-de-latinoamerica-alberga-200-especies\/\">https:\/\/www.forbes.com.mx\/emerge-del-mar-de-cortes-el-acuario-mas-grande-de-latinoamerica-alberga-200-especies\/<\/a><\/p>\n","protected":false},"excerpt":{"rendered":"<p>El acuario es un proyecto de asociaci\u00f3n p\u00fablico-privado, en el cual 70% de la inversi\u00f3n total que ascendi\u00f3 a 1,800 [&hellip;]<\/p>\n","protected":false},"author":1,"featured_media":52331,"comment_status":"open","ping_status":"open","sticky":false,"template":"","format":"standard","meta":{"site-sidebar-layout":"default","site-content-layout":"","ast-site-content-layout":"default","site-content-style":"default","site-sidebar-style":"default","ast-global-header-display":"","ast-banner-title-visibility":"","ast-main-header-display":"","ast-hfb-above-header-display":"","ast-hfb-below-header-display":"","ast-hfb-mobile-header-display":"","site-post-title":"","ast-breadcrumbs-content":"","ast-featured-img":"","footer-sml-layout":"","theme-transparent-header-meta":"","adv-header-id-meta":"","stick-header-meta":"","header-above-stick-meta":"","header-main-stick-meta":"","header-below-stick-meta":"","astra-migrate-meta-layouts":"default","ast-page-background-enabled":"default","ast-page-background-meta":{"desktop":{"background-color":"var(--ast-global-color-4)","background-image":"","background-repeat":"repeat","background-position":"center center","background-size":"auto","background-attachment":"scroll","background-type":"","background-media":"","overlay-type":"","overlay-color":"","overlay-opacity":"","overlay-gradient":""},"tablet":{"background-color":"","background-image":"","background-repeat":"repeat","background-position":"center center","background-size":"auto","background-attachment":"scroll","background-type":"","background-media":"","overlay-type":"","overlay-color":"","overlay-opacity":"","overlay-gradient":""},"mobile":{"background-color":"","background-image":"","background-repeat":"repeat","background-position":"center center","background-size":"auto","background-attachment":"scroll","background-type":"","background-media":"","overlay-type":"","overlay-color":"","overlay-opacity":"","overlay-gradient":""}},"ast-content-background-meta":{"desktop":{"background-color":"var(--ast-global-color-5)","background-image":"","background-repeat":"repeat","background-position":"center center","background-size":"auto","background-attachment":"scroll","background-type":"","background-media":"","overlay-type":"","overlay-color":"","overlay-opacity":"","overlay-gradient":""},"tablet":{"background-color":"var(--ast-global-color-5)","background-image":"","background-repeat":"repeat","background-position":"center center","background-size":"auto","background-attachment":"scroll","background-type":"","background-media":"","overlay-type":"","overlay-color":"","overlay-opacity":"","overlay-gradient":""},"mobile":{"background-color":"var(--ast-global-color-5)","background-image":"","background-repeat":"repeat","background-position":"center center","background-size":"auto","background-attachment":"scroll","background-type":"","background-media":"","overlay-type":"","overlay-color":"","overlay-opacity":"","overlay-gradient":""}},"footnotes":""},"categories":[8],"tags":[16706],"class_list":["post-52330","post","type-post","status-publish","format-standard","has-post-thumbnail","hentry","category-noticias","tag-gran-acuario-de-mazatlan"],"_links":{"self":[{"href":"https:\/\/losperiodistas.com.mx\/portal\/wp-json\/wp\/v2\/posts\/52330","targetHints":{"allow":["GET"]}}],"collection":[{"href":"https:\/\/losperiodistas.com.mx\/portal\/wp-json\/wp\/v2\/posts"}],"about":[{"href":"https:\/\/losperiodistas.com.mx\/portal\/wp-json\/wp\/v2\/types\/post"}],"author":[{"embeddable":true,"href":"https:\/\/losperiodistas.com.mx\/portal\/wp-json\/wp\/v2\/users\/1"}],"replies":[{"embeddable":true,"href":"https:\/\/losperiodistas.com.mx\/portal\/wp-json\/wp\/v2\/comments?post=52330"}],"version-history":[{"count":1,"href":"https:\/\/losperiodistas.com.mx\/portal\/wp-json\/wp\/v2\/posts\/52330\/revisions"}],"predecessor-version":[{"id":52333,"href":"https:\/\/losperiodistas.com.mx\/portal\/wp-json\/wp\/v2\/posts\/52330\/revisions\/52333"}],"wp:featuredmedia":[{"embeddable":true,"href":"https:\/\/losperiodistas.com.mx\/portal\/wp-json\/wp\/v2\/media\/52331"}],"wp:attachment":[{"href":"https:\/\/losperiodistas.com.mx\/portal\/wp-json\/wp\/v2\/media?parent=52330"}],"wp:term":[{"taxonomy":"category","embeddable":true,"href":"https:\/\/losperiodistas.com.mx\/portal\/wp-json\/wp\/v2\/categories?post=52330"},{"taxonomy":"post_tag","embeddable":true,"href":"https:\/\/losperiodistas.com.mx\/portal\/wp-json\/wp\/v2\/tags?post=52330"}],"curies":[{"name":"wp","href":"https:\/\/api.w.org\/{rel}","templated":true}]}}