{"id":52327,"date":"2023-05-31T09:06:12","date_gmt":"2023-05-31T14:06:12","guid":{"rendered":"http:\/\/losperiodistas.com.mx\/portal\/?p=52327"},"modified":"2023-05-31T09:06:14","modified_gmt":"2023-05-31T14:06:14","slug":"el-fenomeno-fast-fashion-todo-un-desastre-medioambiental-france-24","status":"publish","type":"post","link":"https:\/\/losperiodistas.com.mx\/portal\/el-fenomeno-fast-fashion-todo-un-desastre-medioambiental-france-24\/","title":{"rendered":"El fen\u00f3meno \u00abfast fashion\u00bb, todo un desastre medioambiental | France 24"},"content":{"rendered":"\n<figure class=\"wp-block-embed is-type-video is-provider-youtube wp-block-embed-youtube wp-embed-aspect-16-9 wp-has-aspect-ratio\"><div class=\"wp-block-embed__wrapper\">\n<iframe title=\"El fen\u00f3meno &quot;fast fashion&quot;, todo un desastre medioambiental\" width=\"500\" height=\"281\" src=\"https:\/\/www.youtube.com\/embed\/YDO7zSleOOc?feature=oembed\" frameborder=\"0\" allow=\"accelerometer; autoplay; clipboard-write; encrypted-media; gyroscope; picture-in-picture; web-share\" referrerpolicy=\"strict-origin-when-cross-origin\" allowfullscreen><\/iframe>\n<\/div><\/figure>\n\n\n\n<p><\/p>\n\n\n\n<p><\/p>\n\n\n\n<p class=\"has-vivid-red-color has-text-color has-medium-font-size\"><strong>EN PRIMERA PLANA \/ FRANCE 24<\/strong><\/p>\n\n\n\n<p>Las cifras son contundentes y muestran una realidad preocupante: compramos un 60% m\u00e1s de ropa que hace tan solo 15 a\u00f1os para usarla la mitad de veces. El triunfo del \u00abfast fashion\u00bb, de la moda basura, est\u00e1 provocando un desastre medioambiental. Seg\u00fan la ONU, la industria de la moda es la segunda m\u00e1s contaminante del mundo, creando cada a\u00f1o m\u00e1s de 100.000 millones de prendas de vestir.\u00a0Analizamos las repercusiones de este fen\u00f3meno en nuestra edici\u00f3n de En Primera Plana.<\/p>\n\n\n\n<p>Esta semana ponemos el foco en nuestra ropa para hablar de la sobreproducci\u00f3n y el consumo excesivo. Lo analizamos&nbsp;con nuestras invitadas:&nbsp;<\/p>\n\n\n\n<p>&#8211; Clara Alibert,&nbsp;encargada de promoci\u00f3n y regulaci\u00f3n de los actores econ\u00f3micos de la organizaci\u00f3n CCFD Terres solidaires.&nbsp;<\/p>\n\n\n\n<p>&#8211; Adriana Seminario,&nbsp;consultora especializada en moda y marketing digital.&nbsp;<\/p>\n\n\n\n<p>&#8211; Mariana Casta\u00f1o,\u00a0periodista fundadora de fundadora de 10 billion solutions, asesoramiento en comunicaci\u00f3n sostenible.\u00a0<\/p>\n\n\n\n<p>&#8211; Daniela Rodr\u00edguez,\u00a0cofundadora de la agencia KLU, especializada en comunicaci\u00f3n y relaciones p\u00fablicas en la moda.\u00a0<\/p>\n\n\n\n<p><\/p>\n\n\n\n<p>Fuente: <a href=\"https:\/\/www.france24.com\/es\/programas\/en-primera-plana\/20230528-el-fen%C3%B3meno-fast-fashion-todo-un-desastre-medioambiental\">https:\/\/www.france24.com\/es\/programas\/en-primera-plana\/20230528-el-fen%C3%B3meno-fast-fashion-todo-un-desastre-medioambiental<\/a><\/p>\n","protected":false},"excerpt":{"rendered":"<p>EN PRIMERA PLANA \/ FRANCE 24 Las cifras son contundentes y muestran una realidad preocupante: compramos un 60% m\u00e1s de [&hellip;]<\/p>\n","protected":false},"author":1,"featured_media":52328,"comment_status":"open","ping_status":"open","sticky":false,"template":"","format":"standard","meta":{"site-sidebar-layout":"default","site-content-layout":"","ast-site-content-layout":"default","site-content-style":"default","site-sidebar-style":"default","ast-global-header-display":"","ast-banner-title-visibility":"","ast-main-header-display":"","ast-hfb-above-header-display":"","ast-hfb-below-header-display":"","ast-hfb-mobile-header-display":"","site-post-title":"","ast-breadcrumbs-content":"","ast-featured-img":"","footer-sml-layout":"","theme-transparent-header-meta":"","adv-header-id-meta":"","stick-header-meta":"","header-above-stick-meta":"","header-main-stick-meta":"","header-below-stick-meta":"","astra-migrate-meta-layouts":"default","ast-page-background-enabled":"default","ast-page-background-meta":{"desktop":{"background-color":"var(--ast-global-color-4)","background-image":"","background-repeat":"repeat","background-position":"center center","background-size":"auto","background-attachment":"scroll","background-type":"","background-media":"","overlay-type":"","overlay-color":"","overlay-opacity":"","overlay-gradient":""},"tablet":{"background-color":"","background-image":"","background-repeat":"repeat","background-position":"center center","background-size":"auto","background-attachment":"scroll","background-type":"","background-media":"","overlay-type":"","overlay-color":"","overlay-opacity":"","overlay-gradient":""},"mobile":{"background-color":"","background-image":"","background-repeat":"repeat","background-position":"center center","background-size":"auto","background-attachment":"scroll","background-type":"","background-media":"","overlay-type":"","overlay-color":"","overlay-opacity":"","overlay-gradient":""}},"ast-content-background-meta":{"desktop":{"background-color":"var(--ast-global-color-5)","background-image":"","background-repeat":"repeat","background-position":"center center","background-size":"auto","background-attachment":"scroll","background-type":"","background-media":"","overlay-type":"","overlay-color":"","overlay-opacity":"","overlay-gradient":""},"tablet":{"background-color":"var(--ast-global-color-5)","background-image":"","background-repeat":"repeat","background-position":"center center","background-size":"auto","background-attachment":"scroll","background-type":"","background-media":"","overlay-type":"","overlay-color":"","overlay-opacity":"","overlay-gradient":""},"mobile":{"background-color":"var(--ast-global-color-5)","background-image":"","background-repeat":"repeat","background-position":"center center","background-size":"auto","background-attachment":"scroll","background-type":"","background-media":"","overlay-type":"","overlay-color":"","overlay-opacity":"","overlay-gradient":""}},"footnotes":""},"categories":[8],"tags":[16704,16705,16703],"class_list":["post-52327","post","type-post","status-publish","format-standard","has-post-thumbnail","hentry","category-noticias","tag-contaminacion","tag-desastre-ambiental","tag-fast-fashion"],"_links":{"self":[{"href":"https:\/\/losperiodistas.com.mx\/portal\/wp-json\/wp\/v2\/posts\/52327","targetHints":{"allow":["GET"]}}],"collection":[{"href":"https:\/\/losperiodistas.com.mx\/portal\/wp-json\/wp\/v2\/posts"}],"about":[{"href":"https:\/\/losperiodistas.com.mx\/portal\/wp-json\/wp\/v2\/types\/post"}],"author":[{"embeddable":true,"href":"https:\/\/losperiodistas.com.mx\/portal\/wp-json\/wp\/v2\/users\/1"}],"replies":[{"embeddable":true,"href":"https:\/\/losperiodistas.com.mx\/portal\/wp-json\/wp\/v2\/comments?post=52327"}],"version-history":[{"count":1,"href":"https:\/\/losperiodistas.com.mx\/portal\/wp-json\/wp\/v2\/posts\/52327\/revisions"}],"predecessor-version":[{"id":52329,"href":"https:\/\/losperiodistas.com.mx\/portal\/wp-json\/wp\/v2\/posts\/52327\/revisions\/52329"}],"wp:featuredmedia":[{"embeddable":true,"href":"https:\/\/losperiodistas.com.mx\/portal\/wp-json\/wp\/v2\/media\/52328"}],"wp:attachment":[{"href":"https:\/\/losperiodistas.com.mx\/portal\/wp-json\/wp\/v2\/media?parent=52327"}],"wp:term":[{"taxonomy":"category","embeddable":true,"href":"https:\/\/losperiodistas.com.mx\/portal\/wp-json\/wp\/v2\/categories?post=52327"},{"taxonomy":"post_tag","embeddable":true,"href":"https:\/\/losperiodistas.com.mx\/portal\/wp-json\/wp\/v2\/tags?post=52327"}],"curies":[{"name":"wp","href":"https:\/\/api.w.org\/{rel}","templated":true}]}}