{"id":52317,"date":"2023-05-31T08:25:59","date_gmt":"2023-05-31T13:25:59","guid":{"rendered":"http:\/\/losperiodistas.com.mx\/portal\/?p=52317"},"modified":"2023-05-31T08:26:00","modified_gmt":"2023-05-31T13:26:00","slug":"santuarios-marianos-de-todo-el-mundo-se-unen-en-oracion-por-el-sinodo-vatican-news","status":"publish","type":"post","link":"https:\/\/losperiodistas.com.mx\/portal\/santuarios-marianos-de-todo-el-mundo-se-unen-en-oracion-por-el-sinodo-vatican-news\/","title":{"rendered":"Santuarios marianos de todo el mundo se unen en oraci\u00f3n por el S\u00ednodo | Vatican News"},"content":{"rendered":"\n<p class=\"has-luminous-vivid-amber-background-color has-background has-medium-font-size\">Eucarist\u00edas, rezo del santo rosario, manuales para la celebraci\u00f3n personal y comunitaria: son algunas de las m\u00faltiples iniciativas impulsadas desde las Conferencias Episcopales de distintos pa\u00edses.<\/p>\n\n\n\n<p><\/p>\n\n\n\n<figure class=\"wp-block-image size-large is-style-default\"><img fetchpriority=\"high\" decoding=\"async\" width=\"1024\" height=\"580\" src=\"https:\/\/losperiodistas.com.mx\/portal\/wp-content\/uploads\/2023\/05\/Captura-de-Pantalla-2023-05-31-a-las-7.11.22-1024x580.jpg\" alt=\"\" class=\"wp-image-52318\" srcset=\"https:\/\/losperiodistas.com.mx\/portal\/wp-content\/uploads\/2023\/05\/Captura-de-Pantalla-2023-05-31-a-las-7.11.22-1024x580.jpg 1024w, https:\/\/losperiodistas.com.mx\/portal\/wp-content\/uploads\/2023\/05\/Captura-de-Pantalla-2023-05-31-a-las-7.11.22-300x170.jpg 300w, https:\/\/losperiodistas.com.mx\/portal\/wp-content\/uploads\/2023\/05\/Captura-de-Pantalla-2023-05-31-a-las-7.11.22-768x435.jpg 768w, https:\/\/losperiodistas.com.mx\/portal\/wp-content\/uploads\/2023\/05\/Captura-de-Pantalla-2023-05-31-a-las-7.11.22.jpg 1496w\" sizes=\"(max-width: 1024px) 100vw, 1024px\" \/><\/figure>\n\n\n\n<p><\/p>\n\n\n\n<p class=\"has-vivid-red-color has-text-color\"><strong>VATICAN NEWS<\/strong><\/p>\n\n\n\n<p>Desde los cinco continentes, las Conferencias Episcopales, los S\u00ednodos de las Iglesias Orientales cat\u00f3licas y los santuarios marianos organizan celebraciones y momentos especiales de oraci\u00f3n para encomendar a la Virgen los trabajos de la XVI Asamblea General Ordinaria del S\u00ednodo de los Obispos. La invitaci\u00f3n, que se efect\u00faa en la fiesta de la Visitaci\u00f3n de la Bienaventurada Virgen Mar\u00eda este mi\u00e9rcoles 31 de mayo, fue lanzada desde la Secretar\u00eda General del S\u00ednodo y recordada por el Santo Padre al final del Regina Coeli del domingo 28.<\/p>\n\n\n\n<p>El objetivo es sensibilizar al Santo Pueblo Fiel de Dios sobre la importancia del proceso sinodal e instar a los fieles a acompa\u00f1arlo con sus plegarias.<\/p>\n\n\n\n<p class=\"has-cyan-bluish-gray-background-color has-background\">LEA TAMBI\u00c9N<a href=\"https:\/\/www.vaticannews.va\/es\/iglesia\/news\/2023-05\/subsecretario-del-sinodo-de-los-obispos-invita-a-la-religiosidad.html\"><\/a>30\/05\/2023<\/p>\n\n\n\n<h2 class=\"wp-block-heading\"><a href=\"https:\/\/www.vaticannews.va\/es\/iglesia\/news\/2023-05\/subsecretario-del-sinodo-de-los-obispos-invita-a-la-religiosidad.html\">Subsecretario del S\u00ednodo: Con Mar\u00eda hacia la Asamblea Sinodal<\/a><\/h2>\n\n\n\n<p>En Latinoam\u00e9rica y el Caribe, como informa el CELAM, desde&nbsp;<strong>la Bas\u00edlica de Nuestra Se\u00f1ora de Guadalupe, en M\u00e9xico<\/strong>, se ha preparado una eucarist\u00eda a las 9 de la ma\u00f1ana y un rosario a las 17. Todos se pueden unir a la transmisi\u00f3n por las redes sociales del Consejo Episcopal Latinoamericano y Caribe\u00f1o (<a href=\"https:\/\/www.facebook.com\/celam.oficial\/?locale=es_LA\" rel=\"noreferrer noopener\" target=\"_blank\">CELAM<\/a>), la&nbsp;<a href=\"https:\/\/www.facebook.com\/episcopadomexicano\/?locale=es_LA\" rel=\"noreferrer noopener\" target=\"_blank\">Conferencia del Episcopado Mexicano<\/a>&nbsp;y de la&nbsp;<a href=\"https:\/\/www.facebook.com\/asambleaeclesial?locale=es_LA\" rel=\"noreferrer noopener\" target=\"_blank\">Asamblea Eclesial<\/a>.<\/p>\n\n\n\n<p>En&nbsp;<strong>Costa Rica<\/strong>, hay una misa y rosario a las 17:30 (hora local) en la Bas\u00edlica de Nuestra Se\u00f1ora de los \u00c1ngeles, en Cartago, que se difunde por la red de medios cat\u00f3licos de esta naci\u00f3n.<\/p>\n\n\n\n<p>En&nbsp;<strong>El Salvador,<\/strong>&nbsp;a partir de las 10 de la ma\u00f1ana, la Catedral Bas\u00edlica Nuestra Se\u00f1ora de la Paz, en San Miguel, acoge una oraci\u00f3n mariana. En<strong>&nbsp;Nicaragua<\/strong>, a la misma hora, el Cardenal Leopoldo Brenes, arzobispo de Managua, rezar\u00e1 al amparo de la Pur\u00edsima en la Catedral de Managua.<\/p>\n\n\n\n<p>Desde&nbsp;<strong>Per\u00fa<\/strong>, la Comisi\u00f3n Nacional del S\u00ednodo de la Conferencia Episcopal del pa\u00eds ha repartido&nbsp;<a href=\"https:\/\/iglesia.org.pe\/2023\/05\/25\/oracion-mariana-de-la-conferencia-episcopal-peruana-en-preparacion-al-sinodo-de-la-sinodalidad\/\" rel=\"noreferrer noopener\" target=\"_blank\">un subsidio<\/a>&nbsp;en todas las jurisdicciones eclesi\u00e1sticas de su territorio. Mediante una carta enviada a los obispos peruanos, se sugiere a los prelados que esta sencilla oraci\u00f3n pueda llegar a todos los santuarios marianos y a todos los lugares, especialmente los m\u00e1s alejados.<\/p>\n\n\n\n<p>La Iglesia\u00a0<strong>en Colombia<\/strong>\u00a0propone que la oraci\u00f3n tenga lugar en todas las comunidades parroquiales, casas de religiosos, religiosas, seminarios, movimientos e instituciones eclesi\u00e1sticas. El Departamento de Liturgia de la Conferencia Episcopal prepar\u00f3\u00a0<a href=\"https:\/\/twitter.com\/episcopadocol\/status\/1663638702680072193\" target=\"_blank\" rel=\"noreferrer noopener\">un manual celebrativo<\/a>\u00a0que contiene una gu\u00eda para la celebraci\u00f3n de la misa y un esquema para el rezo del santo rosario.<\/p>\n\n\n\n<figure class=\"wp-block-embed is-type-video is-provider-youtube wp-block-embed-youtube wp-embed-aspect-16-9 wp-has-aspect-ratio\"><div class=\"wp-block-embed__wrapper\">\n<iframe title=\"31 de mayo: Jornada de oraci\u00f3n mariana por la XVI Asamblea del S\u00ednodo\" width=\"500\" height=\"281\" src=\"https:\/\/www.youtube.com\/embed\/owIHNgXH9bs?feature=oembed\" frameborder=\"0\" allow=\"accelerometer; autoplay; clipboard-write; encrypted-media; gyroscope; picture-in-picture; web-share\" referrerpolicy=\"strict-origin-when-cross-origin\" allowfullscreen><\/iframe>\n<\/div><\/figure>\n\n\n\n<p><strong>En Argentina<\/strong>,&nbsp;<a href=\"https:\/\/episcopado.org\/ver\/3785\" rel=\"noreferrer noopener\" target=\"_blank\">se invita a<\/a>&nbsp;\u201cponer el proceso sinodal de la Iglesia bajo la protecci\u00f3n de la Virgen Mar\u00eda rezando en las liturgias propias de este d\u00eda por esta especial intenci\u00f3n, de manera particular en los santuarios marianos\u201d, de acuerdo con una carta del Episcopado de esta naci\u00f3n sudamericana.<\/p>\n\n\n\n<h2 class=\"wp-block-heading\"><strong>Espa\u00f1a<\/strong><\/h2>\n\n\n\n<p>La Comisi\u00f3n de Liturgia de la Conferencia Episcopal Espa\u00f1ola (CEE)\u00a0<a href=\"https:\/\/www.conferenciaepiscopal.es\/oracion-mariana-cee-para-sinodo\/\" target=\"_blank\" rel=\"noreferrer noopener\">adhiere a la convocatoria<\/a>, con una oraci\u00f3n a las 12 del mediod\u00eda en la Capilla de la Sucesi\u00f3n Apost\u00f3lica de la CEE por parte del Secretario del Equipo Sinodal del Episcopado, Luis Manuel Romero, y la Hna. Mar\u00eda Jos\u00e9 Tu\u00f1\u00f3n, ACI, miembro del equipo sinodal.<\/p>\n\n\n\n<p>Fuente: <a href=\"https:\/\/www.vaticannews.va\/es\/iglesia\/news\/2023-05\/santuarios-marianos-oracion-sinodo-31-mayo.html\">https:\/\/www.vaticannews.va\/es\/iglesia\/news\/2023-05\/santuarios-marianos-oracion-sinodo-31-mayo.html<\/a><\/p>\n","protected":false},"excerpt":{"rendered":"<p>Eucarist\u00edas, rezo del santo rosario, manuales para la celebraci\u00f3n personal y comunitaria: son algunas de las m\u00faltiples iniciativas impulsadas desde [&hellip;]<\/p>\n","protected":false},"author":1,"featured_media":52318,"comment_status":"open","ping_status":"open","sticky":false,"template":"","format":"standard","meta":{"site-sidebar-layout":"default","site-content-layout":"","ast-site-content-layout":"default","site-content-style":"default","site-sidebar-style":"default","ast-global-header-display":"","ast-banner-title-visibility":"","ast-main-header-display":"","ast-hfb-above-header-display":"","ast-hfb-below-header-display":"","ast-hfb-mobile-header-display":"","site-post-title":"","ast-breadcrumbs-content":"","ast-featured-img":"","footer-sml-layout":"","theme-transparent-header-meta":"","adv-header-id-meta":"","stick-header-meta":"","header-above-stick-meta":"","header-main-stick-meta":"","header-below-stick-meta":"","astra-migrate-meta-layouts":"default","ast-page-background-enabled":"default","ast-page-background-meta":{"desktop":{"background-color":"var(--ast-global-color-4)","background-image":"","background-repeat":"repeat","background-position":"center center","background-size":"auto","background-attachment":"scroll","background-type":"","background-media":"","overlay-type":"","overlay-color":"","overlay-opacity":"","overlay-gradient":""},"tablet":{"background-color":"","background-image":"","background-repeat":"repeat","background-position":"center center","background-size":"auto","background-attachment":"scroll","background-type":"","background-media":"","overlay-type":"","overlay-color":"","overlay-opacity":"","overlay-gradient":""},"mobile":{"background-color":"","background-image":"","background-repeat":"repeat","background-position":"center center","background-size":"auto","background-attachment":"scroll","background-type":"","background-media":"","overlay-type":"","overlay-color":"","overlay-opacity":"","overlay-gradient":""}},"ast-content-background-meta":{"desktop":{"background-color":"var(--ast-global-color-5)","background-image":"","background-repeat":"repeat","background-position":"center center","background-size":"auto","background-attachment":"scroll","background-type":"","background-media":"","overlay-type":"","overlay-color":"","overlay-opacity":"","overlay-gradient":""},"tablet":{"background-color":"var(--ast-global-color-5)","background-image":"","background-repeat":"repeat","background-position":"center center","background-size":"auto","background-attachment":"scroll","background-type":"","background-media":"","overlay-type":"","overlay-color":"","overlay-opacity":"","overlay-gradient":""},"mobile":{"background-color":"var(--ast-global-color-5)","background-image":"","background-repeat":"repeat","background-position":"center center","background-size":"auto","background-attachment":"scroll","background-type":"","background-media":"","overlay-type":"","overlay-color":"","overlay-opacity":"","overlay-gradient":""}},"footnotes":""},"categories":[8],"tags":[196,4595,2370],"class_list":["post-52317","post","type-post","status-publish","format-standard","has-post-thumbnail","hentry","category-noticias","tag-papa-francisco","tag-sinodo-obispos","tag-vaticano"],"_links":{"self":[{"href":"https:\/\/losperiodistas.com.mx\/portal\/wp-json\/wp\/v2\/posts\/52317","targetHints":{"allow":["GET"]}}],"collection":[{"href":"https:\/\/losperiodistas.com.mx\/portal\/wp-json\/wp\/v2\/posts"}],"about":[{"href":"https:\/\/losperiodistas.com.mx\/portal\/wp-json\/wp\/v2\/types\/post"}],"author":[{"embeddable":true,"href":"https:\/\/losperiodistas.com.mx\/portal\/wp-json\/wp\/v2\/users\/1"}],"replies":[{"embeddable":true,"href":"https:\/\/losperiodistas.com.mx\/portal\/wp-json\/wp\/v2\/comments?post=52317"}],"version-history":[{"count":1,"href":"https:\/\/losperiodistas.com.mx\/portal\/wp-json\/wp\/v2\/posts\/52317\/revisions"}],"predecessor-version":[{"id":52319,"href":"https:\/\/losperiodistas.com.mx\/portal\/wp-json\/wp\/v2\/posts\/52317\/revisions\/52319"}],"wp:featuredmedia":[{"embeddable":true,"href":"https:\/\/losperiodistas.com.mx\/portal\/wp-json\/wp\/v2\/media\/52318"}],"wp:attachment":[{"href":"https:\/\/losperiodistas.com.mx\/portal\/wp-json\/wp\/v2\/media?parent=52317"}],"wp:term":[{"taxonomy":"category","embeddable":true,"href":"https:\/\/losperiodistas.com.mx\/portal\/wp-json\/wp\/v2\/categories?post=52317"},{"taxonomy":"post_tag","embeddable":true,"href":"https:\/\/losperiodistas.com.mx\/portal\/wp-json\/wp\/v2\/tags?post=52317"}],"curies":[{"name":"wp","href":"https:\/\/api.w.org\/{rel}","templated":true}]}}