{"id":52312,"date":"2023-05-31T08:04:00","date_gmt":"2023-05-31T13:04:00","guid":{"rendered":"http:\/\/losperiodistas.com.mx\/portal\/?p=52312"},"modified":"2023-05-31T08:11:35","modified_gmt":"2023-05-31T13:11:35","slug":"reves-para-las-corcholatas-ine-dicto-medidas-cautelares-contra-sheinbaum-ebrard-y-adan-augusto-lopez-infobae","status":"publish","type":"post","link":"https:\/\/losperiodistas.com.mx\/portal\/reves-para-las-corcholatas-ine-dicto-medidas-cautelares-contra-sheinbaum-ebrard-y-adan-augusto-lopez-infobae\/","title":{"rendered":"Rev\u00e9s para las \u201ccorcholatas\u201d: INE dict\u00f3 medidas cautelares contra Sheinbaum, Ebrard y Ad\u00e1n Augusto L\u00f3pez | Infobae"},"content":{"rendered":"\n<h2 class=\"has-black-color has-pale-pink-background-color has-text-color has-background has-medium-font-size wp-block-heading\">Morena deber\u00e1 pedirle a sus militantes que no realicen o acudan a ning\u00fan evento que promocione la imagen de los aspirantes a la candidatura presidencial<\/h2>\n\n\n\n<p><\/p>\n\n\n\n<figure class=\"wp-block-image size-large is-style-default\"><img fetchpriority=\"high\" decoding=\"async\" width=\"1024\" height=\"574\" src=\"https:\/\/losperiodistas.com.mx\/portal\/wp-content\/uploads\/2023\/05\/Captura-de-Pantalla-2023-05-31-a-las-6.59.22-1024x574.jpg\" alt=\"\" class=\"wp-image-52314\" srcset=\"https:\/\/losperiodistas.com.mx\/portal\/wp-content\/uploads\/2023\/05\/Captura-de-Pantalla-2023-05-31-a-las-6.59.22-1024x574.jpg 1024w, https:\/\/losperiodistas.com.mx\/portal\/wp-content\/uploads\/2023\/05\/Captura-de-Pantalla-2023-05-31-a-las-6.59.22-300x168.jpg 300w, https:\/\/losperiodistas.com.mx\/portal\/wp-content\/uploads\/2023\/05\/Captura-de-Pantalla-2023-05-31-a-las-6.59.22-768x430.jpg 768w, https:\/\/losperiodistas.com.mx\/portal\/wp-content\/uploads\/2023\/05\/Captura-de-Pantalla-2023-05-31-a-las-6.59.22-1536x861.jpg 1536w, https:\/\/losperiodistas.com.mx\/portal\/wp-content\/uploads\/2023\/05\/Captura-de-Pantalla-2023-05-31-a-las-6.59.22.jpg 1710w\" sizes=\"(max-width: 1024px) 100vw, 1024px\" \/><figcaption>Ad\u00e1n Augusto L\u00f3pez, Claudia Sheinbaum y Marcelo Ebrard habr\u00edan incurrido en actos anticipados de campa\u00f1a. (Cuartoscuro)<\/figcaption><\/figure>\n\n\n\n<p class=\"has-vivid-red-color has-text-color has-medium-font-size\"><strong>BARUC MAYEN \/ INFOBAE<\/strong><\/p>\n\n\n\n<p>Por considerar que&nbsp;<strong>Claudia Sheinbaum<\/strong>,&nbsp;<strong>Marcelo Ebrard<\/strong>&nbsp;y&nbsp;<strong>Ad\u00e1n Augusto L\u00f3pez Hern\u00e1ndez<\/strong>&nbsp;se han encargado de promocionar su imagen mediante conductas antijur\u00eddicas, el Instituto Nacional Electoral (<strong>INE<\/strong>) resolvi\u00f3 dictar medidas cautelares en contra de los aspirantes a la candidatura presidencial del Movimiento de Regeneraci\u00f3n Nacional (<strong>Morena<\/strong>).<\/p>\n\n\n\n<div class=\"wp-block-image is-style-default\"><figure class=\"alignleft is-resized\"><img decoding=\"async\" src=\"https:\/\/cloudfront-us-east-1.images.arcpublishing.com\/infobae\/A2Q4JXT7FJGQJHCESKU5NJBN4E.jpg\" alt=\"Las elecciones de Coahuila y el Edomex del 4 de junio marcar\u00e1n un importante precedente para las presidenciales del 2024. (Cuartoscuro)\" width=\"282\" height=\"158\"\/><\/figure><\/div>\n\n\n\n<p>Te puede interesar:<strong><a href=\"https:\/\/www.infobae.com\/mexico\/2023\/05\/30\/que-son-los-delitos-electorales-y-como-puedo-denunciarlos\/\">Qu\u00e9 son los delitos electorales y c\u00f3mo puedo denunciarlos<\/a><\/strong><\/p>\n\n\n\n<p><\/p>\n\n\n\n<p><\/p>\n\n\n\n<p>La dictaminaci\u00f3n del organismo electoral fue resultado de un proceso formal en la Comisi\u00f3n de Quejas y Denuncias, pues el Partido de la Revoluci\u00f3n Democr\u00e1tica (<strong>PRD<\/strong>) y un ciudadano acusaron a la jefa de Gobierno de la Ciudad de M\u00e9xico, al secretario de Relaciones Exteriores y al secretario de Gobernaci\u00f3n de haber realizado&nbsp;<strong>actos anticipados de precampa\u00f1a y campa\u00f1a<\/strong>&nbsp;mediante la difusi\u00f3n de propaganda con recursos p\u00fablicos.<\/p>\n\n\n\n<p>Concretamente, la denuncia interpuesta en contra de las llamadas \u201ccorcholatas\u201d de Morena mencion\u00f3 que durante sus giras a lo largo del pa\u00eds han sido visibles banderas, gorras, playeras, chalecos y mantas alusivas a los aspirantes para relevar a Andr\u00e9s Manuel L\u00f3pez Obrador (<strong>AMLO<\/strong>).<\/p>\n\n\n\n<p>Los quejosos detallaron que en dichos materiales se han incluido expresiones alusivas al proyecto de la Cuarta Transformaci\u00f3n, as\u00ed como las leyendas \u201c<strong>Es Claudia<\/strong>\u201d, \u201c<strong>Con Marcelo S\u00ed<\/strong>\u201d y \u201c<strong>Ahora es Ad\u00e1n<\/strong>\u201d, las cuales tambi\u00e9n han tenido presencia en bardas, espectaculares y contenidos en redes sociales.<\/p>\n\n\n\n<p><img decoding=\"async\" height=\"1280\" width=\"1920\" srcset=\"https:\/\/www.infobae.com\/new-resizer\/uwGSsWTva9gcQB7V5rIUSS5qYf0=\/420x280\/filters:format(webp):quality(85)\/cloudfront-us-east-1.images.arcpublishing.com\/infobae\/D2XMJ5RFI5CTZDFF3GD5BXRRXM.jpg 420w,https:\/\/www.infobae.com\/new-resizer\/koSq-sO4OrAiBMjd8f5kNffIEMA=\/768x512\/filters:format(webp):quality(85)\/cloudfront-us-east-1.images.arcpublishing.com\/infobae\/D2XMJ5RFI5CTZDFF3GD5BXRRXM.jpg 768w,https:\/\/www.infobae.com\/new-resizer\/7IANhaO_1HoqJ12AsZjZATgStPk=\/992x661\/filters:format(webp):quality(85)\/cloudfront-us-east-1.images.arcpublishing.com\/infobae\/D2XMJ5RFI5CTZDFF3GD5BXRRXM.jpg 992w,https:\/\/www.infobae.com\/new-resizer\/I4O7uNyUupzpfOpcAmXIc5RU61M=\/1200x800\/filters:format(webp):quality(85)\/cloudfront-us-east-1.images.arcpublishing.com\/infobae\/D2XMJ5RFI5CTZDFF3GD5BXRRXM.jpg 1200w,https:\/\/www.infobae.com\/new-resizer\/hV1MBpIpdmsdoL76iMdN0dkbcUM=\/1440x960\/filters:format(webp):quality(85)\/cloudfront-us-east-1.images.arcpublishing.com\/infobae\/D2XMJ5RFI5CTZDFF3GD5BXRRXM.jpg 1440w\" class=\"\" src=\"https:\/\/cloudfront-us-east-1.images.arcpublishing.com\/infobae\/D2XMJ5RFI5CTZDFF3GD5BXRRXM.jpg\" alt=\"Las expresiones de propaganda en favor de los funcionarios han sido desplegadas en distintas partes del pa\u00eds. (ISABEL MATEOS\/CUARTOSCURO)\">Las expresiones de propaganda en favor de los funcionarios han sido desplegadas en distintas partes del pa\u00eds. (ISABEL MATEOS\/CUARTOSCURO)<\/p>\n\n\n\n<p>Tal situaci\u00f3n revel\u00f3 la \u201crealizaci\u00f3n de posibles conductas antijur\u00eddicas\u201d que, para salvaguardar la integridad del futuro proceso electoral de 2024, no deben repetirse, detall\u00f3 el INE. Adem\u00e1s, las autoridades consideraron que esto podr\u00eda ser parte de un plan a nivel nacional de cada funcionario para posicionar su imagen ante la ciudadan\u00eda.<\/p>\n\n\n\n<p class=\"has-cyan-bluish-gray-background-color has-background\"><a href=\"https:\/\/www.infobae.com\/mexico\/2023\/05\/30\/presidencia-retiro-mananera-de-amlo-que-atento-contra-las-elecciones-del-edomex\/\" target=\"_blank\" rel=\"noreferrer noopener\">Te puede interesar:<strong>Gobierno de M\u00e9xico retir\u00f3 ma\u00f1anera de AMLO que \u201catent\u00f3\u201d contra las elecciones del Edomex<\/strong><\/a><\/p>\n\n\n\n<p>\u201cDe un an\u00e1lisis contextual, se advierte que no se trata de manifestaciones, actuaciones o propaganda aislada o espont\u00e1nea, sino que&nbsp;<strong>es resultado de una posible estrategia a nivel nacional<\/strong>, cuya finalidad es posicionarse frente al electorado de cara al inicio del pr\u00f3ximo Proceso Electoral Federal, lo que puede afectar los principios de legalidad, imparcialidad, equidad y neutralidad\u201d, especific\u00f3 la Comisi\u00f3n de Quejas y Denuncias.<\/p>\n\n\n\n<p>En consecuencia, el instituto orden\u00f3 a Morena que, de manera inmediata, exhortara a su militancia y simpatizantes a&nbsp;<strong>no realizar ning\u00fan evento en el que se promocione a la y los aspirantes a la candidatura presidencial<\/strong>, as\u00ed como a no distribuir material de propaganda como lonas, mantas, calcoman\u00edas, espectaculares o bardas con frases relacionadas con Sheinbaum, Ebrard y L\u00f3pez Hern\u00e1ndez, o con cualquier otra persona que pueda manifestar su aspiraci\u00f3n de participar en una candidatura.<img loading=\"lazy\" decoding=\"async\" alt=\"Marcelo Ebrard se deslind\u00f3 de las bardas, lonas y publicaciones digitales que impulsan su aspiraci\u00f3n por una candidatura para 2024. (Cuartoscuro)\" height=\"1080\" width=\"1920\" class=\"\" src=\"https:\/\/cloudfront-us-east-1.images.arcpublishing.com\/infobae\/MIQD5J26EZEFDO7UEXGSX4LRSI.jpg\" srcset=\"https:\/\/www.infobae.com\/new-resizer\/1NrVYbG__PO8YnfH5wOttCHd5bs=\/420x236\/filters:format(webp):quality(85)\/cloudfront-us-east-1.images.arcpublishing.com\/infobae\/MIQD5J26EZEFDO7UEXGSX4LRSI.jpg 420w,https:\/\/www.infobae.com\/new-resizer\/bpbF9HJQMhAq9SqmRlhdcJ5V060=\/768x432\/filters:format(webp):quality(85)\/cloudfront-us-east-1.images.arcpublishing.com\/infobae\/MIQD5J26EZEFDO7UEXGSX4LRSI.jpg 768w,https:\/\/www.infobae.com\/new-resizer\/ZzIXSHnLS4dFVV8pj11hAZRRQLg=\/992x558\/filters:format(webp):quality(85)\/cloudfront-us-east-1.images.arcpublishing.com\/infobae\/MIQD5J26EZEFDO7UEXGSX4LRSI.jpg 992w,https:\/\/www.infobae.com\/new-resizer\/VcRf-afRsPx_aXm4qTsohZtGhh4=\/1200x675\/filters:format(webp):quality(85)\/cloudfront-us-east-1.images.arcpublishing.com\/infobae\/MIQD5J26EZEFDO7UEXGSX4LRSI.jpg 1200w,https:\/\/www.infobae.com\/new-resizer\/rHOxTG8sLyHKrH0WF7aIUwtuU-0=\/1440x810\/filters:format(webp):quality(85)\/cloudfront-us-east-1.images.arcpublishing.com\/infobae\/MIQD5J26EZEFDO7UEXGSX4LRSI.jpg 1440w\">Marcelo Ebrard se deslind\u00f3 de las bardas, lonas y publicaciones digitales que impulsan su aspiraci\u00f3n por una candidatura para 2024. (Cuartoscuro)<\/p>\n\n\n\n<p>Esta resoluci\u00f3n del INE se sum\u00f3 al ordenamiento de&nbsp;<a href=\"https:\/\/www.infobae.com\/mexico\/2023\/05\/26\/marcelo-ebrard-se-deslindo-de-propaganda-electoral-y-pidio-que-se-borraran-las-bardas-que-lo-apoyan\/\" target=\"_blank\" rel=\"noreferrer noopener\">medidas cautelares que dict\u00f3 recientemente contra Marcelo Ebrard<\/a>, quien tuvo que emitir un mensaje para deslindarse de la propaganda en su favor.<\/p>\n\n\n\n<p class=\"has-cyan-bluish-gray-background-color has-background\"><a href=\"https:\/\/www.infobae.com\/mexico\/2023\/05\/30\/hay-que-ver-sheinbaum-no-descarto-posible-debate-entre-corcholatas-de-morena-rumbo-a-2024\/\" target=\"_blank\" rel=\"noreferrer noopener\">Te puede interesar:<strong>\u201cHay que ver\u201d: Sheinbaum no descart\u00f3 posible debate entre \u201ccorcholatas\u201d de Morena rumbo a 2024<\/strong><\/a><\/p>\n\n\n\n<p>\u201cHago un llamado a las personas, grupos y asociaciones que simpaticen con mi persona y con mis acciones como servidor p\u00fablico, as\u00ed como a la ciudadan\u00eda en general, a efecto de que<strong>&nbsp;se abstengan de realizar expresiones [que] difundan mi nombre o apellido<\/strong>&nbsp;o imagen a trav\u00e9s de la pinta de bardas, colocaci\u00f3n de lonas, espectaculares, publicaciones en redes sociales o de cualquier otra forma\u201d, pudo leerse en el pronunciamiento del canciller que fue publicado en las redes sociales de la SRE el 25 de mayo.<\/p>\n\n\n\n<p>Aunque el diplom\u00e1tico acat\u00f3 la decisi\u00f3n el INE, aprovech\u00f3 su escrito para advertir que impugnar\u00eda dichas medidas. Hasta el momento, se desconoce si efectivamente inici\u00f3 el proceso debido para ello.<\/p>\n\n\n\n<p>Fuente: <a href=\"https:\/\/www.infobae.com\/mexico\/2023\/05\/31\/reves-para-las-corcholatas-ine-dicto-medidas-cautelares-contra-sheinbaum-ebrard-y-adan-augusto-lopez\/\">https:\/\/www.infobae.com\/mexico\/2023\/05\/31\/reves-para-las-corcholatas-ine-dicto-medidas-cautelares-contra-sheinbaum-ebrard-y-adan-augusto-lopez\/<\/a><\/p>\n","protected":false},"excerpt":{"rendered":"<p>Morena deber\u00e1 pedirle a sus militantes que no realicen o acudan a ning\u00fan evento que promocione la imagen de los [&hellip;]<\/p>\n","protected":false},"author":1,"featured_media":52314,"comment_status":"open","ping_status":"open","sticky":false,"template":"","format":"standard","meta":{"site-sidebar-layout":"default","site-content-layout":"","ast-site-content-layout":"default","site-content-style":"default","site-sidebar-style":"default","ast-global-header-display":"","ast-banner-title-visibility":"","ast-main-header-display":"","ast-hfb-above-header-display":"","ast-hfb-below-header-display":"","ast-hfb-mobile-header-display":"","site-post-title":"","ast-breadcrumbs-content":"","ast-featured-img":"","footer-sml-layout":"","theme-transparent-header-meta":"","adv-header-id-meta":"","stick-header-meta":"","header-above-stick-meta":"","header-main-stick-meta":"","header-below-stick-meta":"","astra-migrate-meta-layouts":"default","ast-page-background-enabled":"default","ast-page-background-meta":{"desktop":{"background-color":"var(--ast-global-color-4)","background-image":"","background-repeat":"repeat","background-position":"center center","background-size":"auto","background-attachment":"scroll","background-type":"","background-media":"","overlay-type":"","overlay-color":"","overlay-opacity":"","overlay-gradient":""},"tablet":{"background-color":"","background-image":"","background-repeat":"repeat","background-position":"center center","background-size":"auto","background-attachment":"scroll","background-type":"","background-media":"","overlay-type":"","overlay-color":"","overlay-opacity":"","overlay-gradient":""},"mobile":{"background-color":"","background-image":"","background-repeat":"repeat","background-position":"center center","background-size":"auto","background-attachment":"scroll","background-type":"","background-media":"","overlay-type":"","overlay-color":"","overlay-opacity":"","overlay-gradient":""}},"ast-content-background-meta":{"desktop":{"background-color":"var(--ast-global-color-5)","background-image":"","background-repeat":"repeat","background-position":"center center","background-size":"auto","background-attachment":"scroll","background-type":"","background-media":"","overlay-type":"","overlay-color":"","overlay-opacity":"","overlay-gradient":""},"tablet":{"background-color":"var(--ast-global-color-5)","background-image":"","background-repeat":"repeat","background-position":"center center","background-size":"auto","background-attachment":"scroll","background-type":"","background-media":"","overlay-type":"","overlay-color":"","overlay-opacity":"","overlay-gradient":""},"mobile":{"background-color":"var(--ast-global-color-5)","background-image":"","background-repeat":"repeat","background-position":"center center","background-size":"auto","background-attachment":"scroll","background-type":"","background-media":"","overlay-type":"","overlay-color":"","overlay-opacity":"","overlay-gradient":""}},"footnotes":""},"categories":[8],"tags":[3798,1505,885,645,16700],"class_list":["post-52312","post","type-post","status-publish","format-standard","has-post-thumbnail","hentry","category-noticias","tag-adan-augusto-lopez","tag-claudia-sheinbaum","tag-ine","tag-marcelo-ebrard","tag-medidas-cautelares-corcholatas"],"_links":{"self":[{"href":"https:\/\/losperiodistas.com.mx\/portal\/wp-json\/wp\/v2\/posts\/52312","targetHints":{"allow":["GET"]}}],"collection":[{"href":"https:\/\/losperiodistas.com.mx\/portal\/wp-json\/wp\/v2\/posts"}],"about":[{"href":"https:\/\/losperiodistas.com.mx\/portal\/wp-json\/wp\/v2\/types\/post"}],"author":[{"embeddable":true,"href":"https:\/\/losperiodistas.com.mx\/portal\/wp-json\/wp\/v2\/users\/1"}],"replies":[{"embeddable":true,"href":"https:\/\/losperiodistas.com.mx\/portal\/wp-json\/wp\/v2\/comments?post=52312"}],"version-history":[{"count":2,"href":"https:\/\/losperiodistas.com.mx\/portal\/wp-json\/wp\/v2\/posts\/52312\/revisions"}],"predecessor-version":[{"id":52316,"href":"https:\/\/losperiodistas.com.mx\/portal\/wp-json\/wp\/v2\/posts\/52312\/revisions\/52316"}],"wp:featuredmedia":[{"embeddable":true,"href":"https:\/\/losperiodistas.com.mx\/portal\/wp-json\/wp\/v2\/media\/52314"}],"wp:attachment":[{"href":"https:\/\/losperiodistas.com.mx\/portal\/wp-json\/wp\/v2\/media?parent=52312"}],"wp:term":[{"taxonomy":"category","embeddable":true,"href":"https:\/\/losperiodistas.com.mx\/portal\/wp-json\/wp\/v2\/categories?post=52312"},{"taxonomy":"post_tag","embeddable":true,"href":"https:\/\/losperiodistas.com.mx\/portal\/wp-json\/wp\/v2\/tags?post=52312"}],"curies":[{"name":"wp","href":"https:\/\/api.w.org\/{rel}","templated":true}]}}