{"id":5231,"date":"2021-03-05T07:51:51","date_gmt":"2021-03-05T13:51:51","guid":{"rendered":"http:\/\/losperiodistas.com.mx\/portal\/?p=5231"},"modified":"2021-03-05T07:51:52","modified_gmt":"2021-03-05T13:51:52","slug":"fonatur-deja-a-la-sedena-el-tramo-5-norte-del-tren-maya-el-economista","status":"publish","type":"post","link":"https:\/\/losperiodistas.com.mx\/portal\/fonatur-deja-a-la-sedena-el-tramo-5-norte-del-tren-maya-el-economista\/","title":{"rendered":"Fonatur deja a la Sedena el tramo 5 norte del Tren Maya | El Economista"},"content":{"rendered":"\n<p style=\"font-size:18px\"><em>Ser\u00e1n ingenieros de la Sedena los que realicen la obra; la experiencia t\u00e9cnica y operativa de la dependencia, as\u00ed como la disciplina presupuestal, los argumentos.<\/em><\/p>\n\n\n\n<p class=\"has-vivid-cyan-blue-color has-text-color has-medium-font-size\">ALEJANDRO DE LA ROSA \/ EL ECONOMISTA<\/p>\n\n\n\n<p>El Fondo Nacional de Fomento al Turismo (Fonatur) cancel\u00f3 anoche la licitaci\u00f3n internacional para la construcci\u00f3n del tramo 5 norte del Tren Maya, de 49.8 km, en la que participaban 10 consorcios (que agrupaban a m\u00e1s de 25 constructoras), para dejarlo en manos de ingenieros militares.<\/p>\n\n\n\n<p>El monto de las propuestas econ\u00f3micas promediaba 14,500 millones de pesos y el fallo se deb\u00eda dar este viernes.<\/p>\n\n\n\n<p>Con el anuncio difundido en CompraNet se formaliz\u00f3 la decisi\u00f3n que tom\u00f3 en las \u00faltimas semana el Presidente Andr\u00e9s Manuel L\u00f3pez Obrador, la cual oblig\u00f3 al fondo a cambiar nuevamente de planes.<\/p>\n\n\n\n<p>Como argumento para cancelar la participaci\u00f3n de empresas privadas, el Fonatur se\u00f1al\u00f3 el aprovechamiento de la experiencia t\u00e9cnica y operativa del servicio de ingenieros de la Secretar\u00eda de la Defensa Nacional en la ejecuci\u00f3n de obras p\u00fablicas.<\/p>\n\n\n\n<p>Adem\u00e1s, con la medida, se va a \u00abfortalecer la racionalidad y disciplina presupuestal, mediante el uso y aprovechamiento de la estructura del gobierno federal\u00bb.<\/p>\n\n\n\n<p>El Fonatur dej\u00f3 en claro que ante la decisi\u00f3n no ser\u00e1 procedente recurso alguno, aunque loa licitantes podr\u00e1n interponer sus inconformidades como lo marca la Ley de Obras.<\/p>\n\n\n\n<p>Entre las empresas afectadas est\u00e1n: M\u00e9xico Compa\u00f1\u00eda Constructor, Aldesem, Caabsa, La Pen\u00ednsular, Caltia y Vise.<\/p>\n\n\n\n<h2 class=\"wp-block-heading\">No hubo pr\u00f3rroga<\/h2>\n\n\n\n<p>En otra licitaci\u00f3n, el fondo no acept\u00f3 modificar la fecha de entrega de propuestas t\u00e9cnicas y econ\u00f3micas para la adquisici\u00f3n de material roda (43 trenes) y sistemas ferroviarios del Tren Maya, como lo hab\u00edan solicitado los fabricantes CAF (Espa\u00f1a), Alstom (Francia) y Stadler (Suiza), por lo que se la actividad se llevar\u00e1 a cabo el 30 de abril pr\u00f3ximo.<\/p>\n\n\n\n<p>Debido a la \u201cgran cantidad\u201d de informaci\u00f3n, que est\u00e1 en actualizaci\u00f3n constante, las empresas hab\u00edan solicitado diferentes pr\u00f3rrogas para elaborar sus propuestas adecuadamente, la mayor fue por 90 d\u00edas.<\/p>\n\n\n\n<p>En la \u00faltima junta de aclaraciones Alstom coment\u00f3 al fondo: \u201cDado que el cierre de la junta de aclaraciones se modific\u00f3, hubo cambios importantes en el alcance y que hay documentos nuevos y pendientes, solicitamos que la presentaci\u00f3n y apertura de proposiciones se ampl\u00ede un periodo de 40 d\u00edas\u201d.<\/p>\n\n\n\n<p>Como respuesta le dijeron que no era procedente su solicitud.<\/p>\n\n\n\n<p><a href=\"mailto:alejandro.delarosa@eleconomista.mx\">alejandro.delarosa@eleconomista.mx<\/a><\/p>\n\n\n\n<p>Fuente: https:\/\/www.eleconomista.com.mx\/empresas\/Fonatur-deja-a-Sedena-el-tramo-5-norte-del-Tren-Maya-20210305-0014.html<\/p>\n","protected":false},"excerpt":{"rendered":"<p>Ser\u00e1n ingenieros de la Sedena los que realicen la obra; la experiencia t\u00e9cnica y operativa de la dependencia, as\u00ed como [&hellip;]<\/p>\n","protected":false},"author":1,"featured_media":5232,"comment_status":"open","ping_status":"open","sticky":false,"template":"","format":"standard","meta":{"site-sidebar-layout":"default","site-content-layout":"","ast-site-content-layout":"default","site-content-style":"default","site-sidebar-style":"default","ast-global-header-display":"","ast-banner-title-visibility":"","ast-main-header-display":"","ast-hfb-above-header-display":"","ast-hfb-below-header-display":"","ast-hfb-mobile-header-display":"","site-post-title":"","ast-breadcrumbs-content":"","ast-featured-img":"","footer-sml-layout":"","theme-transparent-header-meta":"","adv-header-id-meta":"","stick-header-meta":"","header-above-stick-meta":"","header-main-stick-meta":"","header-below-stick-meta":"","astra-migrate-meta-layouts":"default","ast-page-background-enabled":"default","ast-page-background-meta":{"desktop":{"background-color":"var(--ast-global-color-4)","background-image":"","background-repeat":"repeat","background-position":"center center","background-size":"auto","background-attachment":"scroll","background-type":"","background-media":"","overlay-type":"","overlay-color":"","overlay-opacity":"","overlay-gradient":""},"tablet":{"background-color":"","background-image":"","background-repeat":"repeat","background-position":"center center","background-size":"auto","background-attachment":"scroll","background-type":"","background-media":"","overlay-type":"","overlay-color":"","overlay-opacity":"","overlay-gradient":""},"mobile":{"background-color":"","background-image":"","background-repeat":"repeat","background-position":"center center","background-size":"auto","background-attachment":"scroll","background-type":"","background-media":"","overlay-type":"","overlay-color":"","overlay-opacity":"","overlay-gradient":""}},"ast-content-background-meta":{"desktop":{"background-color":"var(--ast-global-color-5)","background-image":"","background-repeat":"repeat","background-position":"center center","background-size":"auto","background-attachment":"scroll","background-type":"","background-media":"","overlay-type":"","overlay-color":"","overlay-opacity":"","overlay-gradient":""},"tablet":{"background-color":"var(--ast-global-color-5)","background-image":"","background-repeat":"repeat","background-position":"center center","background-size":"auto","background-attachment":"scroll","background-type":"","background-media":"","overlay-type":"","overlay-color":"","overlay-opacity":"","overlay-gradient":""},"mobile":{"background-color":"var(--ast-global-color-5)","background-image":"","background-repeat":"repeat","background-position":"center center","background-size":"auto","background-attachment":"scroll","background-type":"","background-media":"","overlay-type":"","overlay-color":"","overlay-opacity":"","overlay-gradient":""}},"footnotes":""},"categories":[8],"tags":[280,279],"class_list":["post-5231","post","type-post","status-publish","format-standard","has-post-thumbnail","hentry","category-noticias","tag-sedena-tren-maya","tag-tren-maya-cancela-licitacion"],"_links":{"self":[{"href":"https:\/\/losperiodistas.com.mx\/portal\/wp-json\/wp\/v2\/posts\/5231","targetHints":{"allow":["GET"]}}],"collection":[{"href":"https:\/\/losperiodistas.com.mx\/portal\/wp-json\/wp\/v2\/posts"}],"about":[{"href":"https:\/\/losperiodistas.com.mx\/portal\/wp-json\/wp\/v2\/types\/post"}],"author":[{"embeddable":true,"href":"https:\/\/losperiodistas.com.mx\/portal\/wp-json\/wp\/v2\/users\/1"}],"replies":[{"embeddable":true,"href":"https:\/\/losperiodistas.com.mx\/portal\/wp-json\/wp\/v2\/comments?post=5231"}],"version-history":[{"count":1,"href":"https:\/\/losperiodistas.com.mx\/portal\/wp-json\/wp\/v2\/posts\/5231\/revisions"}],"predecessor-version":[{"id":5233,"href":"https:\/\/losperiodistas.com.mx\/portal\/wp-json\/wp\/v2\/posts\/5231\/revisions\/5233"}],"wp:featuredmedia":[{"embeddable":true,"href":"https:\/\/losperiodistas.com.mx\/portal\/wp-json\/wp\/v2\/media\/5232"}],"wp:attachment":[{"href":"https:\/\/losperiodistas.com.mx\/portal\/wp-json\/wp\/v2\/media?parent=5231"}],"wp:term":[{"taxonomy":"category","embeddable":true,"href":"https:\/\/losperiodistas.com.mx\/portal\/wp-json\/wp\/v2\/categories?post=5231"},{"taxonomy":"post_tag","embeddable":true,"href":"https:\/\/losperiodistas.com.mx\/portal\/wp-json\/wp\/v2\/tags?post=5231"}],"curies":[{"name":"wp","href":"https:\/\/api.w.org\/{rel}","templated":true}]}}