{"id":5225,"date":"2021-03-05T07:02:52","date_gmt":"2021-03-05T13:02:52","guid":{"rendered":"http:\/\/losperiodistas.com.mx\/portal\/?p=5225"},"modified":"2021-03-05T07:32:10","modified_gmt":"2021-03-05T13:32:10","slug":"demanda-checo-perez-a-pemex-por-2-8-mdd-la-prensa","status":"publish","type":"post","link":"https:\/\/losperiodistas.com.mx\/portal\/demanda-checo-perez-a-pemex-por-2-8-mdd-la-prensa\/","title":{"rendered":"Demanda Checo P\u00e9rez a Pemex por 2.8 mdd | La Prensa"},"content":{"rendered":"\n<p class=\"has-vivid-cyan-blue-color has-text-color has-medium-font-size\">LA PRENSA DE COAHUILA<\/p>\n\n\n\n<p>CIUDAD DE M\u00c9XICO.-Checo P\u00e9rez litiga desde 2019 el pago de 2.8 millones de d\u00f3lares con MGI Asistencia Integral, la empresa de outsourcing de Pemex.<\/p>\n\n\n\n<p>El piloto mexicano de F\u00f3rmula 1 reclama que MGI termin\u00f3 de forma anticipada y con mala fe el contrato que amparaba el patrocinio de Pemex pactado el 9 de octubre de 2018 y el cual estar\u00eda vigente durante todo 2019.<\/p>\n\n\n\n<p>Pemex hab\u00eda patrocinado a P\u00e9rez en temporadas previas de la F1, pero tras el cambio de sexenio, la petrolera aleg\u00f3 tener \u201cotras prioridades de gasto\u201d y ya no apareci\u00f3 entre sus patrocinadoras cuando present\u00f3 el monoplaza y el uniforme que correr\u00eda en 2019, para la escuder\u00eda Racing Point.<\/p>\n\n\n\n<p>De acuerdo con la Auditor\u00eda Superior de la Federaci\u00f3n (ASF) Pemex ha utilizado a MGI Asistencia Integral tercerizar servicios administrativos y legales en la refiner\u00eda de Dos Bocas.<\/p>\n\n\n\n<p>Checo P\u00e9rez pidi\u00f3 como medida cautelar el aseguramiento de cuentas de MGI hasta por los 2.8 millones de d\u00f3lares, actualmente equivalentes a 58 millones de pesos, pero el Juzgado Noveno de Distrito en Materia Civil rechaz\u00f3 la petici\u00f3n.<\/p>\n\n\n\n<p>En cuanto al fondo de la disputa, el juez Rodolfo S\u00e1nchez Zepeda dict\u00f3 el 9 de octubre sentencia en la que absolvi\u00f3 en parte y conden\u00f3 en parte a MGI.<\/p>\n\n\n\n<p>La sentencia no ha sido publicada por el juzgado, y ya fue apelada por ambas partes ante un tribunal unitario, por lo que el proceso a\u00fan se prolongar\u00e1 durante varios meses.<\/p>\n\n\n\n<p>Fuente: https:\/\/www.laprensademonclova.com\/2021\/03\/05\/demanda-checo-perez-a-pemex-por-2-8-mdd\/<\/p>\n","protected":false},"excerpt":{"rendered":"<p>LA PRENSA DE COAHUILA CIUDAD DE M\u00c9XICO.-Checo P\u00e9rez litiga desde 2019 el pago de 2.8 millones de d\u00f3lares con MGI [&hellip;]<\/p>\n","protected":false},"author":1,"featured_media":5226,"comment_status":"open","ping_status":"open","sticky":false,"template":"","format":"standard","meta":{"site-sidebar-layout":"default","site-content-layout":"","ast-site-content-layout":"default","site-content-style":"default","site-sidebar-style":"default","ast-global-header-display":"","ast-banner-title-visibility":"","ast-main-header-display":"","ast-hfb-above-header-display":"","ast-hfb-below-header-display":"","ast-hfb-mobile-header-display":"","site-post-title":"","ast-breadcrumbs-content":"","ast-featured-img":"","footer-sml-layout":"","theme-transparent-header-meta":"","adv-header-id-meta":"","stick-header-meta":"","header-above-stick-meta":"","header-main-stick-meta":"","header-below-stick-meta":"","astra-migrate-meta-layouts":"default","ast-page-background-enabled":"default","ast-page-background-meta":{"desktop":{"background-color":"var(--ast-global-color-4)","background-image":"","background-repeat":"repeat","background-position":"center center","background-size":"auto","background-attachment":"scroll","background-type":"","background-media":"","overlay-type":"","overlay-color":"","overlay-opacity":"","overlay-gradient":""},"tablet":{"background-color":"","background-image":"","background-repeat":"repeat","background-position":"center center","background-size":"auto","background-attachment":"scroll","background-type":"","background-media":"","overlay-type":"","overlay-color":"","overlay-opacity":"","overlay-gradient":""},"mobile":{"background-color":"","background-image":"","background-repeat":"repeat","background-position":"center center","background-size":"auto","background-attachment":"scroll","background-type":"","background-media":"","overlay-type":"","overlay-color":"","overlay-opacity":"","overlay-gradient":""}},"ast-content-background-meta":{"desktop":{"background-color":"var(--ast-global-color-5)","background-image":"","background-repeat":"repeat","background-position":"center center","background-size":"auto","background-attachment":"scroll","background-type":"","background-media":"","overlay-type":"","overlay-color":"","overlay-opacity":"","overlay-gradient":""},"tablet":{"background-color":"var(--ast-global-color-5)","background-image":"","background-repeat":"repeat","background-position":"center center","background-size":"auto","background-attachment":"scroll","background-type":"","background-media":"","overlay-type":"","overlay-color":"","overlay-opacity":"","overlay-gradient":""},"mobile":{"background-color":"var(--ast-global-color-5)","background-image":"","background-repeat":"repeat","background-position":"center center","background-size":"auto","background-attachment":"scroll","background-type":"","background-media":"","overlay-type":"","overlay-color":"","overlay-opacity":"","overlay-gradient":""}},"footnotes":""},"categories":[8],"tags":[276,277],"class_list":["post-5225","post","type-post","status-publish","format-standard","has-post-thumbnail","hentry","category-noticias","tag-checo-perez","tag-pemex-deuda-f1"],"_links":{"self":[{"href":"https:\/\/losperiodistas.com.mx\/portal\/wp-json\/wp\/v2\/posts\/5225","targetHints":{"allow":["GET"]}}],"collection":[{"href":"https:\/\/losperiodistas.com.mx\/portal\/wp-json\/wp\/v2\/posts"}],"about":[{"href":"https:\/\/losperiodistas.com.mx\/portal\/wp-json\/wp\/v2\/types\/post"}],"author":[{"embeddable":true,"href":"https:\/\/losperiodistas.com.mx\/portal\/wp-json\/wp\/v2\/users\/1"}],"replies":[{"embeddable":true,"href":"https:\/\/losperiodistas.com.mx\/portal\/wp-json\/wp\/v2\/comments?post=5225"}],"version-history":[{"count":1,"href":"https:\/\/losperiodistas.com.mx\/portal\/wp-json\/wp\/v2\/posts\/5225\/revisions"}],"predecessor-version":[{"id":5227,"href":"https:\/\/losperiodistas.com.mx\/portal\/wp-json\/wp\/v2\/posts\/5225\/revisions\/5227"}],"wp:featuredmedia":[{"embeddable":true,"href":"https:\/\/losperiodistas.com.mx\/portal\/wp-json\/wp\/v2\/media\/5226"}],"wp:attachment":[{"href":"https:\/\/losperiodistas.com.mx\/portal\/wp-json\/wp\/v2\/media?parent=5225"}],"wp:term":[{"taxonomy":"category","embeddable":true,"href":"https:\/\/losperiodistas.com.mx\/portal\/wp-json\/wp\/v2\/categories?post=5225"},{"taxonomy":"post_tag","embeddable":true,"href":"https:\/\/losperiodistas.com.mx\/portal\/wp-json\/wp\/v2\/tags?post=5225"}],"curies":[{"name":"wp","href":"https:\/\/api.w.org\/{rel}","templated":true}]}}