{"id":5222,"date":"2021-03-05T07:00:32","date_gmt":"2021-03-05T13:00:32","guid":{"rendered":"http:\/\/losperiodistas.com.mx\/portal\/?p=5222"},"modified":"2021-03-05T07:22:50","modified_gmt":"2021-03-05T13:22:50","slug":"el-papa-francisco-se-reune-con-el-presidente-de-irak-aci","status":"publish","type":"post","link":"https:\/\/losperiodistas.com.mx\/portal\/el-papa-francisco-se-reune-con-el-presidente-de-irak-aci\/","title":{"rendered":"El Papa Francisco se re\u00fane con el presidente de Irak | ACI"},"content":{"rendered":"\n<p class=\"has-vivid-cyan-blue-color has-text-color has-medium-font-size\">ACI PRENSA<\/p>\n\n\n\n<p>Previo a su encuentro con las autoridades, la sociedad civil y el cuerpo diplom\u00e1tico, el Papa Francisco se reuni\u00f3 de forma privada con el presidente de Irak, Barham Ahmed Salih Qassim, en el marco de su viaje apost\u00f3lico al pa\u00eds.<\/p>\n\n\n\n<p>El encuentro tuvo lugar en el estudio privado del Palacio Presidencial de Bagdad, donde el Santo Padre obsequi\u00f3 al mandatario una medalla conmemorativa del viaje, en la que se ve el mapa de Irak, la figura de Abraham y una palmera, \u201cs\u00edmbolo de prosperidad y riqueza material y espiritual\u201d, seg\u00fan indic\u00f3 la Santa Sede.<\/p>\n\n\n\n<p>El Papa Francisco lleg\u00f3 a Irak el 5 de marzo, donde fue recibido por la guardia oficial y un grupo de personas vestidas con ropas tradicionales, que cantaron algunas palabras en espa\u00f1ol como \u201cViva el Papa\u201d y \u201cBienvenido\u201d.<\/p>\n\n\n\n<figure class=\"wp-block-embed-twitter wp-block-embed is-type-rich is-provider-twitter\"><div class=\"wp-block-embed__wrapper\">\n<blockquote class=\"twitter-tweet\" data-width=\"500\" data-dnt=\"true\"><p lang=\"es\" dir=\"ltr\">Comit\u00e9 de recibimiento, que acogi\u00f3 al <a href=\"https:\/\/twitter.com\/hashtag\/PapaFrancisco?src=hash&amp;ref_src=twsrc%5Etfw\">#PapaFrancisco<\/a> en la Sala Vip del aeropuerto, donde se llev\u00f3 a cabo un breve encuentro privado entre el Papa y el Primer Ministro. <a href=\"https:\/\/twitter.com\/hashtag\/ViajeApost%C3%B3lico?src=hash&amp;ref_src=twsrc%5Etfw\">#ViajeApost\u00f3lico<\/a> <a href=\"https:\/\/twitter.com\/hashtag\/Iraq?src=hash&amp;ref_src=twsrc%5Etfw\">#Iraq<\/a> <a href=\"https:\/\/t.co\/K85Rlq5Q2Q\">pic.twitter.com\/K85Rlq5Q2Q<\/a><\/p>&mdash; Vatican News (@vaticannews_es) <a href=\"https:\/\/twitter.com\/vaticannews_es\/status\/1367801536106135555?ref_src=twsrc%5Etfw\">March 5, 2021<\/a><\/blockquote><script async src=\"https:\/\/platform.twitter.com\/widgets.js\" charset=\"utf-8\"><\/script>\n<\/div><\/figure>\n\n\n\n<p>Antes de encontrarse con el presidente, el Santo Padre se reuni\u00f3 con el vice primer ministro de Irak, Mustafa Abdellatif Mshatat, en la sala VIP del aeropuerto.<\/p>\n\n\n\n<p><a href=\"https:\/\/twitter.com\/MAKadhimi\/status\/1367569504725856258\">En su cuenta de twitter,<\/a>&nbsp;el vice primer ministro se\u00f1al\u00f3 que el pueblo y el gobierno iraqu\u00ed espera la visita del Papa Francisco y resalt\u00f3 que \u201cMesopotamia siempre fue y seguir\u00e1 siendo un lugar hist\u00f3rico de encuentro de valores humanos comunes\u201d.<\/p>\n\n\n\n<p>\u201cBienvenido Papa Francisco a la tierra de Sumeria, Babilonia, Asiria, la tierra de los profetas y las civilizaciones\u201d, agreg\u00f3.<\/p>\n\n\n\n<p>En el Palacio Presidencial de Bagdad tambi\u00e9n se realiz\u00f3 la ceremonia oficial de bienvenida. Durante el evento, se liberaron palomas blancas y dos ni\u00f1os con trajes tradicionales entregaron ramos de flores al Santo Padre.<\/p>\n\n\n\n<figure class=\"wp-block-embed-twitter wp-block-embed is-type-rich is-provider-twitter\"><div class=\"wp-block-embed__wrapper\">\nhttps:\/\/twitter.com\/aciprensa\/status\/1367820274381578240?s=20\n<\/div><\/figure>\n\n\n\n<p>El Santo Padre permanecer\u00e1 en el pa\u00eds de Medio Oriente hasta el 8 de marzo, donde visitar\u00e1 la capital, Bagdad; la patria de Abraham, Ur; las ciudades \u201cm\u00e1rtires\u201d de Qaraqosh y Mosul, marcadas por la violencia de Estado Isl\u00e1mico; y la capital del Kurdist\u00e1n iraqu\u00ed, Erbil.<\/p>\n\n\n\n<p>Actualmente, Irak tiene una poblaci\u00f3n de 38 millones 836 mil habitantes, la mayor\u00eda musulmanes (sunitas y chi\u00edtas). Los cristianos representan una minor\u00eda, articulados en comunidades caldeas, sir\u00edacas, armenias, latinas, melquitas, ortodoxas y protestantes. Los cat\u00f3licos son 590 mil fieles, seg\u00fan datos de la Oficina Central de Estad\u00edstica de la Iglesia.<\/p>\n\n\n\n<p>Fuente: https:\/\/www.aciprensa.com\/noticias\/el-papa-francisco-se-reune-con-el-presidente-de-irak-97247<\/p>\n","protected":false},"excerpt":{"rendered":"<p>ACI PRENSA Previo a su encuentro con las autoridades, la sociedad civil y el cuerpo diplom\u00e1tico, el Papa Francisco se [&hellip;]<\/p>\n","protected":false},"author":1,"featured_media":5223,"comment_status":"open","ping_status":"open","sticky":false,"template":"","format":"standard","meta":{"site-sidebar-layout":"default","site-content-layout":"","ast-site-content-layout":"default","site-content-style":"default","site-sidebar-style":"default","ast-global-header-display":"","ast-banner-title-visibility":"","ast-main-header-display":"","ast-hfb-above-header-display":"","ast-hfb-below-header-display":"","ast-hfb-mobile-header-display":"","site-post-title":"","ast-breadcrumbs-content":"","ast-featured-img":"","footer-sml-layout":"","theme-transparent-header-meta":"","adv-header-id-meta":"","stick-header-meta":"","header-above-stick-meta":"","header-main-stick-meta":"","header-below-stick-meta":"","astra-migrate-meta-layouts":"default","ast-page-background-enabled":"default","ast-page-background-meta":{"desktop":{"background-color":"var(--ast-global-color-4)","background-image":"","background-repeat":"repeat","background-position":"center center","background-size":"auto","background-attachment":"scroll","background-type":"","background-media":"","overlay-type":"","overlay-color":"","overlay-opacity":"","overlay-gradient":""},"tablet":{"background-color":"","background-image":"","background-repeat":"repeat","background-position":"center center","background-size":"auto","background-attachment":"scroll","background-type":"","background-media":"","overlay-type":"","overlay-color":"","overlay-opacity":"","overlay-gradient":""},"mobile":{"background-color":"","background-image":"","background-repeat":"repeat","background-position":"center center","background-size":"auto","background-attachment":"scroll","background-type":"","background-media":"","overlay-type":"","overlay-color":"","overlay-opacity":"","overlay-gradient":""}},"ast-content-background-meta":{"desktop":{"background-color":"var(--ast-global-color-5)","background-image":"","background-repeat":"repeat","background-position":"center center","background-size":"auto","background-attachment":"scroll","background-type":"","background-media":"","overlay-type":"","overlay-color":"","overlay-opacity":"","overlay-gradient":""},"tablet":{"background-color":"var(--ast-global-color-5)","background-image":"","background-repeat":"repeat","background-position":"center center","background-size":"auto","background-attachment":"scroll","background-type":"","background-media":"","overlay-type":"","overlay-color":"","overlay-opacity":"","overlay-gradient":""},"mobile":{"background-color":"var(--ast-global-color-5)","background-image":"","background-repeat":"repeat","background-position":"center center","background-size":"auto","background-attachment":"scroll","background-type":"","background-media":"","overlay-type":"","overlay-color":"","overlay-opacity":"","overlay-gradient":""}},"footnotes":""},"categories":[8],"tags":[275],"class_list":["post-5222","post","type-post","status-publish","format-standard","has-post-thumbnail","hentry","category-noticias","tag-papa-francisco-en-irak"],"_links":{"self":[{"href":"https:\/\/losperiodistas.com.mx\/portal\/wp-json\/wp\/v2\/posts\/5222","targetHints":{"allow":["GET"]}}],"collection":[{"href":"https:\/\/losperiodistas.com.mx\/portal\/wp-json\/wp\/v2\/posts"}],"about":[{"href":"https:\/\/losperiodistas.com.mx\/portal\/wp-json\/wp\/v2\/types\/post"}],"author":[{"embeddable":true,"href":"https:\/\/losperiodistas.com.mx\/portal\/wp-json\/wp\/v2\/users\/1"}],"replies":[{"embeddable":true,"href":"https:\/\/losperiodistas.com.mx\/portal\/wp-json\/wp\/v2\/comments?post=5222"}],"version-history":[{"count":1,"href":"https:\/\/losperiodistas.com.mx\/portal\/wp-json\/wp\/v2\/posts\/5222\/revisions"}],"predecessor-version":[{"id":5224,"href":"https:\/\/losperiodistas.com.mx\/portal\/wp-json\/wp\/v2\/posts\/5222\/revisions\/5224"}],"wp:featuredmedia":[{"embeddable":true,"href":"https:\/\/losperiodistas.com.mx\/portal\/wp-json\/wp\/v2\/media\/5223"}],"wp:attachment":[{"href":"https:\/\/losperiodistas.com.mx\/portal\/wp-json\/wp\/v2\/media?parent=5222"}],"wp:term":[{"taxonomy":"category","embeddable":true,"href":"https:\/\/losperiodistas.com.mx\/portal\/wp-json\/wp\/v2\/categories?post=5222"},{"taxonomy":"post_tag","embeddable":true,"href":"https:\/\/losperiodistas.com.mx\/portal\/wp-json\/wp\/v2\/tags?post=5222"}],"curies":[{"name":"wp","href":"https:\/\/api.w.org\/{rel}","templated":true}]}}