{"id":5219,"date":"2021-03-05T07:16:05","date_gmt":"2021-03-05T13:16:05","guid":{"rendered":"http:\/\/losperiodistas.com.mx\/portal\/?p=5219"},"modified":"2021-03-05T07:16:06","modified_gmt":"2021-03-05T13:16:06","slug":"en-2014-bartlett-y-barbosa-predijeron-el-cambio-en-cfe","status":"publish","type":"post","link":"https:\/\/losperiodistas.com.mx\/portal\/en-2014-bartlett-y-barbosa-predijeron-el-cambio-en-cfe\/","title":{"rendered":"En 2014, Bartlett y Barbosa predijeron el cambio en CFE"},"content":{"rendered":"\n<p class=\"has-medium-font-size\">*Frases de la sesi\u00f3n donde aprob\u00f3 el Senado la Reforma Energ\u00e9tica<\/p>\n\n\n\n<p class=\"has-vivid-cyan-blue-color has-text-color\" style=\"font-size:26px\"><em>Por Ra\u00fal Torres Salmer\u00f3n<\/em><\/p>\n\n\n\n<p>Eran los tiempos del Presidente de la Rep\u00fablica Enrique Pe\u00f1a Nieto y sus reformas. Del 17 al 22 de julio de 2014, el Senado de la Rep\u00fablica debati\u00f3 y aprob\u00f3 la Ley de la Industria El\u00e9ctrica con una mayor\u00eda aplastante del PRI y el PAN con 92 votos a favor y 27 en contra.<\/p>\n\n\n\n<p>Ahora en los tiempos del Presidente de la Rep\u00fablica Andr\u00e9s Manuel L\u00f3pez Obrador, se aprobaron las reformas a la Ley de la Industria El\u00e9ctrica, sin quitarle ni una coma seg\u00fan la expresi\u00f3n del mandatario.<\/p>\n\n\n\n<p>El martes 2 de marzo de 2021 la votaci\u00f3n en lo general en el Senado de la Rep\u00fablica fue de 68 votos a favor de MORENA, PT y PES y 58 en contra del PAN, PRI, MC, PRD y PVEM.<\/p>\n\n\n\n<p>En 2014 advirtieron y votaron en contra los legisladores de izquierda, entonces en minor\u00eda, Manuel Bartlett D\u00edaz (PT) y Miguel Barbosa Huerta (PRD).<\/p>\n\n\n\n<p>Sus argumentos eran que la pretensi\u00f3n del Gobierno Federal pri\u00edsta era desmantelar a la Comisi\u00f3n Federal de Electricidad (CFE). En 2021, en las sombras, con enga\u00f1os, en lo que llaman Fast Track, la mayor\u00eda de izquierda de la C\u00e1mara Alta aprob\u00f3 las reformas el\u00e9ctricas.<\/p>\n\n\n\n<p>En 2014, el PRI y el PAN impusieron su mayor\u00eda y aprobaron que la Ley de la Industria El\u00e9ctrica, reglamentaria de la famosa Reforma Energ\u00e9tica de Pe\u00f1a Nieto, junto con otros ordenamientos. Pocos tricolores y blanquiazules subieron a tribuna a rebatir los argumentos de la entonces oposici\u00f3n.<\/p>\n\n\n\n<p>Como un profeta b\u00edblico, Manuel Bartlett, entonces Coordinador de la bancada del PT y hoy Director de la CFE, le dec\u00eda a la mayor\u00eda pri\u00edsta y panista:<\/p>\n\n\n\n<p>-Es una estafa contra el pueblo mexicano. No canten victoria. En las pr\u00f3ximas elecciones van a ser barridos.<\/p>\n\n\n\n<p>-El pueblo entiende muy bien que entregaron a empresarios el mercado el\u00e9ctrico y la infraestructura de la CFE.<\/p>\n\n\n\n<p>-Sharon Beder, autora de libros, escribi\u00f3 que la lucha por el poder, es la lucha por la electricidad en el mundo.<\/p>\n\n\n\n<p>-La Ley de Electricidad es un sometimiento del sistema el\u00e9ctrico a la hegemon\u00eda extranjera.<\/p>\n\n\n\n<p>-Lo que ustedes a consumar es un atentado contra M\u00e9xico. Pero, pensamos que la poblaci\u00f3n mexicana no lo va a aceptar. Lucharemos en contra, con todo lo que sea necesario.<\/p>\n\n\n\n<p>-Apuestan a que esta reforma les llevar\u00e1 a posiciones anheladas, gubernaturas y otros lugares, pues los hemos visto subir a la tribuna ansiosos de quedar bien y cobrar la factura pol\u00edtica.<\/p>\n\n\n\n<p>-Ponen en riesgo a la naci\u00f3n mexicana, a la soberan\u00eda, al territorio del pa\u00eds, a los pobres, a los que no tienen c\u00f3mo defenderse, a los que son manipulados por los medios de comunicaci\u00f3n, han jugado con fuego.<\/p>\n\n\n\n<p>LO QUE DIJO BARBOSA<\/p>\n\n\n\n<p>Miguel Barbosa Huerta, entonces Coordinador de la bancada del PRD y hoy Gobernador de Puebla, le dec\u00eda a la entonces mayor\u00eda:<\/p>\n\n\n\n<p>-Esta legislatura pasar\u00e1 a la historia como la del oprobio.<\/p>\n\n\n\n<p>-Los acuerdos impuestos por la mayor\u00eda mec\u00e1nica del PRI y del PAN afectan gravemente a nuestra soberan\u00eda nacional y anulan las posibilidades de bienestar del pueblo.<\/p>\n\n\n\n<p>-Lo que hoy presenciamos, es un cambio fundamental en nuestra concepci\u00f3n de naci\u00f3n, porque &nbsp;avanz\u00f3 el proyecto de privatizaci\u00f3n de nuestros recursos estrat\u00e9gicos.<\/p>\n\n\n\n<p>-M\u00e9xico dejar\u00e1 de ser un pa\u00eds independiente, porque hoy entregamos petr\u00f3leo y electricidad, los dos recursos que quedaban bajo el control de la naci\u00f3n.<\/p>\n\n\n\n<p>-No pasar\u00e1 mucho tiempo para que la fachada de estos cambios, que hoy se presentan como buenos, desaparezca y quede al descubierto su verdadera cara: el saqueo de nuestros recursos energ\u00e9ticos.<\/p>\n\n\n\n<p>-Si hoy creen que con sus reformas ya triunfaron, se equivocan. Acaban de abrir la jaula del tigre, porque despojaron al pueblo de M\u00e9xico de su patrimonio. Desde la izquierda sabremos qu\u00e9 hacer.<\/p>\n\n\n\n<p>-El final de esta historia a\u00fan no est\u00e1 escrito, estamos orgullosos de nuestro origen, de la reivindicaci\u00f3n que hacemos de nuestro nacionalismo, de nuestra soberan\u00eda energ\u00e9tica y haremos todo lo necesario para defenderla. Revertiremos este atropello.<\/p>\n\n\n\n<p>Durante esa sesi\u00f3n de hace casi siete a\u00f1os, que encabez\u00f3 el Presidente del Senado en ese momento, el pri\u00edsta Ra\u00fal Cervantes, pr\u00e1cticamente los 27 perredistas y petistas, que luego integraron la bancada de MORENA, insistieron en que no se aprobara la reforma.<\/p>\n\n\n\n<p>Con m\u00faltiples argumentos participaron tambi\u00e9n Dolores Padierna, Zo\u00e9 Robledo y Alejandro Encinas, entre muchos otros.<\/p>\n\n\n\n<p>En fin, como le pidi\u00f3 Barbosa a Zo\u00e9 Robledo en esa sesi\u00f3n, leer algunos poem\u00ednimos:<\/p>\n\n\n\n<p>Tango:<\/p>\n\n\n\n<p>Hoy amanec\u00ed tr\u00e1gicamente herido de reforma energ\u00e9tica.<\/p>\n\n\n\n<p>Poetitos: El que est\u00e9 libre de influencias, que rechace la primer reforma.<\/p>\n\n\n\n<p>Mandamiento 10: No privatizar\u00e1s la electricidad de tu pr\u00f3jimo.<\/p>\n\n\n\n<p>Protag\u00f3nica: La ambici\u00f3n es la gasolina de todas las reformas.<\/p>\n\n\n\n<p>L\u00ednea: Siempre vot\u00e9 con la furia silenciosa de un borrego adoctrinado.<\/p>\n\n\n\n<p>raultorress@hotmail.com<\/p>\n","protected":false},"excerpt":{"rendered":"<p>*Frases de la sesi\u00f3n donde aprob\u00f3 el Senado la Reforma Energ\u00e9tica Por Ra\u00fal Torres Salmer\u00f3n Eran los tiempos del Presidente [&hellip;]<\/p>\n","protected":false},"author":1,"featured_media":5220,"comment_status":"open","ping_status":"open","sticky":false,"template":"","format":"standard","meta":{"site-sidebar-layout":"default","site-content-layout":"","ast-site-content-layout":"default","site-content-style":"default","site-sidebar-style":"default","ast-global-header-display":"","ast-banner-title-visibility":"","ast-main-header-display":"","ast-hfb-above-header-display":"","ast-hfb-below-header-display":"","ast-hfb-mobile-header-display":"","site-post-title":"","ast-breadcrumbs-content":"","ast-featured-img":"","footer-sml-layout":"","theme-transparent-header-meta":"","adv-header-id-meta":"","stick-header-meta":"","header-above-stick-meta":"","header-main-stick-meta":"","header-below-stick-meta":"","astra-migrate-meta-layouts":"default","ast-page-background-enabled":"default","ast-page-background-meta":{"desktop":{"background-color":"var(--ast-global-color-4)","background-image":"","background-repeat":"repeat","background-position":"center center","background-size":"auto","background-attachment":"scroll","background-type":"","background-media":"","overlay-type":"","overlay-color":"","overlay-opacity":"","overlay-gradient":""},"tablet":{"background-color":"","background-image":"","background-repeat":"repeat","background-position":"center center","background-size":"auto","background-attachment":"scroll","background-type":"","background-media":"","overlay-type":"","overlay-color":"","overlay-opacity":"","overlay-gradient":""},"mobile":{"background-color":"","background-image":"","background-repeat":"repeat","background-position":"center center","background-size":"auto","background-attachment":"scroll","background-type":"","background-media":"","overlay-type":"","overlay-color":"","overlay-opacity":"","overlay-gradient":""}},"ast-content-background-meta":{"desktop":{"background-color":"var(--ast-global-color-5)","background-image":"","background-repeat":"repeat","background-position":"center center","background-size":"auto","background-attachment":"scroll","background-type":"","background-media":"","overlay-type":"","overlay-color":"","overlay-opacity":"","overlay-gradient":""},"tablet":{"background-color":"var(--ast-global-color-5)","background-image":"","background-repeat":"repeat","background-position":"center center","background-size":"auto","background-attachment":"scroll","background-type":"","background-media":"","overlay-type":"","overlay-color":"","overlay-opacity":"","overlay-gradient":""},"mobile":{"background-color":"var(--ast-global-color-5)","background-image":"","background-repeat":"repeat","background-position":"center center","background-size":"auto","background-attachment":"scroll","background-type":"","background-media":"","overlay-type":"","overlay-color":"","overlay-opacity":"","overlay-gradient":""}},"footnotes":""},"categories":[19],"tags":[34,274,108],"class_list":["post-5219","post","type-post","status-publish","format-standard","has-post-thumbnail","hentry","category-sin-limites-2","tag-cfe","tag-manuel-bartlett","tag-miguel-barbosa-huerta"],"_links":{"self":[{"href":"https:\/\/losperiodistas.com.mx\/portal\/wp-json\/wp\/v2\/posts\/5219","targetHints":{"allow":["GET"]}}],"collection":[{"href":"https:\/\/losperiodistas.com.mx\/portal\/wp-json\/wp\/v2\/posts"}],"about":[{"href":"https:\/\/losperiodistas.com.mx\/portal\/wp-json\/wp\/v2\/types\/post"}],"author":[{"embeddable":true,"href":"https:\/\/losperiodistas.com.mx\/portal\/wp-json\/wp\/v2\/users\/1"}],"replies":[{"embeddable":true,"href":"https:\/\/losperiodistas.com.mx\/portal\/wp-json\/wp\/v2\/comments?post=5219"}],"version-history":[{"count":1,"href":"https:\/\/losperiodistas.com.mx\/portal\/wp-json\/wp\/v2\/posts\/5219\/revisions"}],"predecessor-version":[{"id":5221,"href":"https:\/\/losperiodistas.com.mx\/portal\/wp-json\/wp\/v2\/posts\/5219\/revisions\/5221"}],"wp:featuredmedia":[{"embeddable":true,"href":"https:\/\/losperiodistas.com.mx\/portal\/wp-json\/wp\/v2\/media\/5220"}],"wp:attachment":[{"href":"https:\/\/losperiodistas.com.mx\/portal\/wp-json\/wp\/v2\/media?parent=5219"}],"wp:term":[{"taxonomy":"category","embeddable":true,"href":"https:\/\/losperiodistas.com.mx\/portal\/wp-json\/wp\/v2\/categories?post=5219"},{"taxonomy":"post_tag","embeddable":true,"href":"https:\/\/losperiodistas.com.mx\/portal\/wp-json\/wp\/v2\/tags?post=5219"}],"curies":[{"name":"wp","href":"https:\/\/api.w.org\/{rel}","templated":true}]}}