{"id":5205,"date":"2021-03-04T09:42:25","date_gmt":"2021-03-04T15:42:25","guid":{"rendered":"http:\/\/losperiodistas.com.mx\/portal\/?p=5205"},"modified":"2021-03-04T09:42:27","modified_gmt":"2021-03-04T15:42:27","slug":"la-pobreza-extrema-en-latinoamerica-sera-la-mas-alta-en-20-anos-por-el-coronavirus-el-pais","status":"publish","type":"post","link":"https:\/\/losperiodistas.com.mx\/portal\/la-pobreza-extrema-en-latinoamerica-sera-la-mas-alta-en-20-anos-por-el-coronavirus-el-pais\/","title":{"rendered":"La pobreza extrema en Latinoam\u00e9rica ser\u00e1 la m\u00e1s alta en 20 a\u00f1os por el coronavirus | El Pa\u00eds"},"content":{"rendered":"\n<p style=\"font-size:18px\"><em>Uno de cada tres latinoamericanos vive bajo el umbral de la carest\u00eda moderada y ocho de cada diez es vulnerable, seg\u00fan la Cepal. El virus agrava las hist\u00f3ricas brechas estructurales de la regi\u00f3n<\/em><\/p>\n\n\n\n<p class=\"has-vivid-cyan-blue-color has-text-color has-medium-font-size\">ROC\u00cdO MONTES \/ Santiago de Chile \/ IGNACIO FARIZA \/ Madrid  \/ EL PA\u00cdS<\/p>\n\n\n\n<p>La&nbsp;<a href=\"https:\/\/elpais.com\/noticias\/crisis-economica-coronavirus-covid-19\/\">pandemia de la covid-19 ha profundizado<\/a>&nbsp;a\u00fan m\u00e1s las ya de por s\u00ed enormes brechas estructurales en Am\u00e9rica Latina y el Caribe. En un momento todav\u00eda de \u201celevada incertidumbre, en el que a\u00fan no est\u00e1n delineadas ni la forma ni la velocidad de la salida de la crisis\u201d, la&nbsp;<a href=\"https:\/\/elpais.com\/noticias\/cepal-comision-economica-america-latina-caribe\/\">Comisi\u00f3n Econ\u00f3mica para Am\u00e9rica Latina y el Caribe (Cepal)<\/a>&nbsp;calcula que la pobreza extrema, la forma m\u00e1s lacerante de carest\u00eda en la que no est\u00e1n cubiertas las necesidades m\u00e1s b\u00e1sicas, habr\u00e1 escalado hasta su nivel m\u00e1s alto desde el a\u00f1o 2000. El 12,5%, uno de cada ocho latinoamericanos, est\u00e1 ahora en esa situaci\u00f3n; m\u00e1s de un punto porcentual m\u00e1s que hace un a\u00f1o, cuando una crisis sanitaria era una opci\u00f3n remota, y casi cinco puntos m\u00e1s que en 2014, cuanto toc\u00f3 el punto m\u00e1s bajo de siempre, en el 7,8% de la poblaci\u00f3n. Antes de la covid-19, el porcentaje de personas en esa situaci\u00f3n ya llevaba un lustro de crecimiento ininterrumpido, pero el virus ha sido la puntilla final a esta preocupante tendencia.<\/p>\n\n\n\n<p>Las medidas de protecci\u00f3n social de emergencia que se han adoptado en pr\u00e1cticamente toda la regi\u00f3n han contribuido a paliar el sever\u00edsimo golpe del coronavirus sobre los siempre vol\u00e1tiles mimbres econ\u00f3micos y sociales latinoamericanos. Pero no ha impedido un aumento igualmente notable en el caso de la pobreza moderada, que afectaba a finales de 2020 a uno de cada tres habitantes del bloque \u2014el 33,7%\u2014, m\u00e1s de tres puntos porcentuales que un a\u00f1o antes. Hay que remontarse a 2006, en el ecuador del superciclo de las materias primas que permiti\u00f3 a los Gobiernos desplegar una in\u00e9dita bater\u00eda de medidas de corte social gracias a las cuales millones de personas pudieron mejorar dr\u00e1sticamente su calidad de vida y ensanchar la base de la clase media.<\/p>\n\n\n\n<p>Am\u00e9rica Latina y el Caribe es una de las regiones m\u00e1s golpeadas por el coronavirus, tanto en n\u00famero de casos como en muertes. Con poco m\u00e1s del 8% de la poblaci\u00f3n mundial, hasta diciembre del a\u00f1o pasado acumulaba casi uno de cada cinco contagios y, atenci\u00f3n, m\u00e1s de uno de cada cuatro fallecidos a escala global. Unas cifras \u201ctremendas\u201d, en palabras de la secretaria ejecutiva del organismo,&nbsp;<a href=\"https:\/\/elpais.com\/economia\/2020\/02\/05\/actualidad\/1580921046_527634.html\">Alicia B\u00e1rcena<\/a>. Tama\u00f1o zarpazo humano ha derivado en una crisis in\u00e9dita tanto en lo econ\u00f3mico como en lo social, que en la regi\u00f3n se ve agravada por lastres hist\u00f3ricos como la inequidad \u2014sigue siendo la m\u00e1s desigual del mundo\u2014, informalidad laboral \u2014un indicador en el que tambi\u00e9n es l\u00edder global\u2014, desprotecci\u00f3n social y vulnerabilidad. Un caldo de cultivo que amplifica cualquier choque y que amplifica sus efectos negativos sobre las capas menos afortunadas de la sociedad, tal y como resalta el&nbsp;<a href=\"https:\/\/www.cepal.org\/es\/publicaciones\/ps\" target=\"_blank\" rel=\"noreferrer noopener\">Panorama Social 2020<\/a>&nbsp;presentado este jueves en Santiago de Chile por el brazo de Naciones Unidas para el desarrollo en el bloque.<\/p>\n\n\n\n<p>Con una curva demogr\u00e1fica que todav\u00eda dibuja una pendiente positiva, en t\u00e9rminos absolutos las cifras son a\u00fan m\u00e1s impactantes. Seg\u00fan las cifras de la Cepal, el n\u00famero total de personas bajo el umbral de la pobreza ser\u00e1 de 209 millones a finales de 2020, 22 millones m\u00e1s que a cierre de 2019. De ellos, 78 millones ser\u00e1n pobres extremos, ocho millones m\u00e1s que un a\u00f1o antes. Ocho de cada diez latinoamericanos viven hoy en situaci\u00f3n de vulnerabilidad, con ingresos equivalentes a tres o menos de tres salarios m\u00ednimos. Todas estas tendencias se agudizan en las zonas rurales y en las de mayor prevalencia de poblaci\u00f3n ind\u00edgena.<\/p>\n\n\n\n<h2 class=\"wp-block-heading\">Adi\u00f3s al ascensor social<\/h2>\n\n\n\n<p>La mayor\u00eda de los pa\u00edses latinoamericanos experimentar\u00e1 un potente deterioro distributivo, un flanco siempre sensible en la regi\u00f3n: quienes m\u00e1s han sufrido, est\u00e1n sufriendo y sufrir\u00e1n los estragos de la pandemia ser\u00e1n los que part\u00edan de una situaci\u00f3n peor.<\/p>\n\n\n\n<p>Las p\u00e9rdidas de puestos de trabajo y la reducci\u00f3n de los ingresos laborales ser\u00e1n mayores en los estratos de ingreso bajo, mientras los estratos de ingreso medio sufrir\u00e1n el temido proceso de movilidad descendente: regresar al punto de partida nunca es tan r\u00e1pido como verse desplazado de \u00e9l. El informe tiene una explicaci\u00f3n para este fen\u00f3meno: en Am\u00e9rica Latina y el Caribe, las familias de los estratos medios y de la parte superior de los estratos bajos no suelen ser destinatarios de las pol\u00edticas y los programas de protecci\u00f3n social y la mayor\u00eda de sus ingresos procede del trabajo, uno de los flancos m\u00e1s golpeados. La Cepal estima que entre 2019 y 2020 los estratos de ingreso bajo habr\u00edan aumentado 4,5 puntos porcentuales (unos 28 millones de personas m\u00e1s) y los estratos de ingreso medio se habr\u00edan contra\u00eddo en una proporci\u00f3n similar (-4,1 puntos porcentuales, es decir, 25 millones de personas menos).<\/p>\n\n\n\n<p>\u201cLa regi\u00f3n ya llevaba siete a\u00f1os de bajo crecimiento\u201d, ha recordado B\u00e1rcena un a\u00f1o despu\u00e9s de que se identificase al paciente cero de coronavirus en la regi\u00f3n. \u201cNecesitamos pol\u00edticas p\u00fablicas para enfrentar esta emergencia y conectarla con una recuperaci\u00f3n que sea diferente: no queremos llegar a d\u00f3nde est\u00e1bamos, sino transformar nuestra realidad. Y eso solo se hace con pol\u00edticas p\u00fablicas\u201d. La urgencia de avanzar hacia un verdadero Estado de bienestar, ha remarcado, es hoy \u201cmayor que nunca\u201d. Seg\u00fan sus datos, un tercio de los hogares con ni\u00f1os o adolescentes carecen de cualquier tipo de protecci\u00f3n social. Y casi una de cada tres mujeres \u2014sobre todo, en las capas m\u00e1s pobres de la poblaci\u00f3n\u2014 no participa en el mercado de trabajo para cuidar de su familia, cronificando y ampliando las diferencias de partida.<\/p>\n\n\n\n<p>Adem\u00e1s de pronosticar que la desigualdad del ingreso total por persona aumentar\u00e1 con la pandemia, Cepal advierte el virus amenaza con profundizar el malestar que se hab\u00eda hecho visible en distintos pa\u00edses de la regi\u00f3n antes de la crisis sanitaria. \u201cAbordar los factores que originan el malestar, avanzando hacia pol\u00edticas sociales centradas en el goce de derechos, la igualdad, el reconocimiento y el trato digno, junto a la construcci\u00f3n de pactos sociales orientados a la construcci\u00f3n de sociedades m\u00e1s justas, inclusivas y cohesionadas, es fundamental para evitar niveles crecientes de conflictividad, expresiones de violencia y crisis de representaci\u00f3n y legitimidad democr\u00e1tica que obstaculizan el desempe\u00f1o econ\u00f3mico\u201d, subrayan los t\u00e9cnicos de la Cepal.<\/p>\n\n\n\n<p>Fuente: https:\/\/elpais.com\/economia\/2021-03-04\/la-pobreza-extrema-en-latinoamerica-sera-la-mas-alta-en-20-anos-por-el-coronavirus.html<\/p>\n","protected":false},"excerpt":{"rendered":"<p>Uno de cada tres latinoamericanos vive bajo el umbral de la carest\u00eda moderada y ocho de cada diez es vulnerable, [&hellip;]<\/p>\n","protected":false},"author":1,"featured_media":5206,"comment_status":"open","ping_status":"open","sticky":false,"template":"","format":"standard","meta":{"site-sidebar-layout":"default","site-content-layout":"","ast-site-content-layout":"default","site-content-style":"default","site-sidebar-style":"default","ast-global-header-display":"","ast-banner-title-visibility":"","ast-main-header-display":"","ast-hfb-above-header-display":"","ast-hfb-below-header-display":"","ast-hfb-mobile-header-display":"","site-post-title":"","ast-breadcrumbs-content":"","ast-featured-img":"","footer-sml-layout":"","theme-transparent-header-meta":"","adv-header-id-meta":"","stick-header-meta":"","header-above-stick-meta":"","header-main-stick-meta":"","header-below-stick-meta":"","astra-migrate-meta-layouts":"default","ast-page-background-enabled":"default","ast-page-background-meta":{"desktop":{"background-color":"var(--ast-global-color-4)","background-image":"","background-repeat":"repeat","background-position":"center center","background-size":"auto","background-attachment":"scroll","background-type":"","background-media":"","overlay-type":"","overlay-color":"","overlay-opacity":"","overlay-gradient":""},"tablet":{"background-color":"","background-image":"","background-repeat":"repeat","background-position":"center center","background-size":"auto","background-attachment":"scroll","background-type":"","background-media":"","overlay-type":"","overlay-color":"","overlay-opacity":"","overlay-gradient":""},"mobile":{"background-color":"","background-image":"","background-repeat":"repeat","background-position":"center center","background-size":"auto","background-attachment":"scroll","background-type":"","background-media":"","overlay-type":"","overlay-color":"","overlay-opacity":"","overlay-gradient":""}},"ast-content-background-meta":{"desktop":{"background-color":"var(--ast-global-color-5)","background-image":"","background-repeat":"repeat","background-position":"center center","background-size":"auto","background-attachment":"scroll","background-type":"","background-media":"","overlay-type":"","overlay-color":"","overlay-opacity":"","overlay-gradient":""},"tablet":{"background-color":"var(--ast-global-color-5)","background-image":"","background-repeat":"repeat","background-position":"center center","background-size":"auto","background-attachment":"scroll","background-type":"","background-media":"","overlay-type":"","overlay-color":"","overlay-opacity":"","overlay-gradient":""},"mobile":{"background-color":"var(--ast-global-color-5)","background-image":"","background-repeat":"repeat","background-position":"center center","background-size":"auto","background-attachment":"scroll","background-type":"","background-media":"","overlay-type":"","overlay-color":"","overlay-opacity":"","overlay-gradient":""}},"footnotes":""},"categories":[8],"tags":[270],"class_list":["post-5205","post","type-post","status-publish","format-standard","has-post-thumbnail","hentry","category-noticias","tag-pobreza-latinoamerica-post-covid-19"],"_links":{"self":[{"href":"https:\/\/losperiodistas.com.mx\/portal\/wp-json\/wp\/v2\/posts\/5205","targetHints":{"allow":["GET"]}}],"collection":[{"href":"https:\/\/losperiodistas.com.mx\/portal\/wp-json\/wp\/v2\/posts"}],"about":[{"href":"https:\/\/losperiodistas.com.mx\/portal\/wp-json\/wp\/v2\/types\/post"}],"author":[{"embeddable":true,"href":"https:\/\/losperiodistas.com.mx\/portal\/wp-json\/wp\/v2\/users\/1"}],"replies":[{"embeddable":true,"href":"https:\/\/losperiodistas.com.mx\/portal\/wp-json\/wp\/v2\/comments?post=5205"}],"version-history":[{"count":1,"href":"https:\/\/losperiodistas.com.mx\/portal\/wp-json\/wp\/v2\/posts\/5205\/revisions"}],"predecessor-version":[{"id":5207,"href":"https:\/\/losperiodistas.com.mx\/portal\/wp-json\/wp\/v2\/posts\/5205\/revisions\/5207"}],"wp:featuredmedia":[{"embeddable":true,"href":"https:\/\/losperiodistas.com.mx\/portal\/wp-json\/wp\/v2\/media\/5206"}],"wp:attachment":[{"href":"https:\/\/losperiodistas.com.mx\/portal\/wp-json\/wp\/v2\/media?parent=5205"}],"wp:term":[{"taxonomy":"category","embeddable":true,"href":"https:\/\/losperiodistas.com.mx\/portal\/wp-json\/wp\/v2\/categories?post=5205"},{"taxonomy":"post_tag","embeddable":true,"href":"https:\/\/losperiodistas.com.mx\/portal\/wp-json\/wp\/v2\/tags?post=5205"}],"curies":[{"name":"wp","href":"https:\/\/api.w.org\/{rel}","templated":true}]}}