{"id":5202,"date":"2021-03-04T09:02:40","date_gmt":"2021-03-04T15:02:40","guid":{"rendered":"http:\/\/losperiodistas.com.mx\/portal\/?p=5202"},"modified":"2021-03-04T09:02:42","modified_gmt":"2021-03-04T15:02:42","slug":"casi-6-de-cada-10-desconfian-del-gobierno-en-mexico-forbes","status":"publish","type":"post","link":"https:\/\/losperiodistas.com.mx\/portal\/casi-6-de-cada-10-desconfian-del-gobierno-en-mexico-forbes\/","title":{"rendered":"Casi 6 de cada 10 desconf\u00edan del gobierno en M\u00e9xico | Forbes"},"content":{"rendered":"\n<p style=\"font-size:18px\"><em>El gobierno gan\u00f3 confianza con el inicio de la pandemia pero la perdi\u00f3 de inmediato, mientras las empresas se consagraron como las m\u00e1s fiables.<\/em><\/p>\n\n\n\n<p class=\"has-vivid-cyan-blue-color has-text-color has-medium-font-size\">LUIS FERNANDO LOZANO \/ FORBES<\/p>\n\n\n\n<p>Casi 6 de cada 10 personas en M\u00e9xico tendr\u00edan poca confianza en el gobierno, mientras que las empresas aparecen como las instituciones m\u00e1s fiables, por encima de las Organizaciones No Gubernamentales (ONG).<\/p>\n\n\n\n<p>De acuerdo con el estudio\u00a0<a href=\"https:\/\/www.edelman.lat\/estudios\/ETB2021Mx\">Trust Barometer de Edelman<\/a>, en enero de 2020 la confianza en el gobierno era de 44%, misma que subi\u00f3 12 puntos hasta el 56% para mayo pasado, tras dos meses de la irrupci\u00f3n de la enfermedad en el pa\u00eds, pero regres\u00f3 a sus niveles iniciales para la medici\u00f3n de enero pasado. Pese a todo, este indicador se encuentra en los niveles m\u00e1s altos desde 2012, impulsado sobre todo por la confianza que se dio con el cambio de administraci\u00f3n en 2018.<\/p>\n\n\n\n<p>El estudio mide la confianza en las instituciones (gobierno, ONG, empresas y medios de comunicaci\u00f3n), de los cuales el gobierno recibe las peores calificaciones, seguido de los medios, que pasaron de un 59% a inicio de a\u00f1o, con una peque\u00f1a alza para mayo, y luego una fuerte ca\u00edda de 7 puntos para acabar en 53% en enero de 2021.<\/p>\n\n\n\n<p><a href=\"http:\/\/bit.ly\/2smr5VR\"><em>S\u00edguenos en Google Noticias para mantenerte siempre informado<\/em><\/a><\/p>\n\n\n\n<p>En contraste, las empresas perdieron confianza hacia el inicio de la pandemia pero ganaron terreno hacia el final del a\u00f1o, adem\u00e1s de que fue la menos vol\u00e1til de todas las instituciones medidas.<\/p>\n\n\n\n<p>\u201cLas empresas fueron mucho m\u00e1s r\u00e1pidas que el gobierno muchas veces: decidimos antes que el gobierno nos pidiera que ya no fu\u00e9ramos a trabajar, decidimos quedarnos en casa\u201d, sostuvo Mariana Sanz, gerente de Edelman M\u00e9xico, en entrevista con\u00a0<em><strong>Forbes M\u00e9xico<\/strong><\/em>.<\/p>\n\n\n\n<p>\u201cFuimos muy transparentes y muy honestos, mensajes que eran muy dolorosos como recortes de personal, cuando los comunicaron las empresas con empat\u00eda, transparencia y humanidad, fueron mensajes muy bien recibidos\u201d, consider\u00f3.<\/p>\n\n\n\n<p>A nivel global, se observ\u00f3 un alza de la confianza en los 4 tipos de instituciones en la medici\u00f3n de mayo, pero hubo despu\u00e9s una ca\u00edda, especialmente para el sector de los gobiernos.<\/p>\n\n\n\n<p><em><strong>Tambi\u00e9n lee:<\/strong>&nbsp;<a href=\"https:\/\/www.forbes.com.mx\/politica-confianza-gobierno-federal-duplica-sfp\/\">Confianza en el gobierno federal se duplica, celebra SFP<\/a><\/em><\/p>\n\n\n\n<p>A pesar de los recortes de personal, salariales y las medidas injustas que tomaron diversas empresas para reducir los ingresos de sus trabajadores, seg\u00fan el estudio de Edelman la confianza en los empleadores se increment\u00f3 entre 2020 y 2021 al pasar de 84 a 86 puntos. De hecho, este nivel es mayor que en 2019.<\/p>\n\n\n\n<p>Respecto a la confianza en los liderazgos, Edelman encontr\u00f3 que los l\u00edderes gubernamentales en M\u00e9xico fueron los que m\u00e1s perdieron confianza con una ca\u00edda de 7 puntos hasta 29%, seguidos de los religiosos con 38%. Los l\u00edderes que inspiran m\u00e1s confianza a la sociedad mexicana son los cient\u00edficos, con 80 puntos, un alza de 8 puntos respecto a 2020, seguidos de los directivos de las empresas en que se trabaja, con 74 puntos, y la gente de la comunidad donde se habita, con 60%, una ca\u00edda de 13 puntos respecto a la medici\u00f3n de 2020.<\/p>\n\n\n\n<p>El estudio, que se realiza desde hace 21 a\u00f1os, se aplic\u00f3 a unas 1,150 personas en el pa\u00eds, y entre los elementos analizados se encontr\u00f3 el miedo, del cual destac\u00f3 que a pesar del Covid-19, el principal temor entre la poblaci\u00f3n mexicana fue el de perder su empleo, con 67%, seguido del cambio clim\u00e1tico, con 56%, la p\u00e9rdida de libertades ciudadanas con 50% y hasta la cuarta posici\u00f3n, contraer la enfermedad causada por el virus SARS-CoV-2, con 49%.<\/p>\n\n\n\n<p><strong>Sin temor a la vacuna<\/strong><\/p>\n\n\n\n<p>A diferencia de otros mercados como Estados Unidos, Francia, Pa\u00edses Bajos y Rusia, donde la poblaci\u00f3n percibi\u00f3 con desconfianza la creaci\u00f3n de diversas vacunas contra el Covid-19, en M\u00e9xico la mayor\u00eda de las personas se muestran dispuestas a recibir la aplicaci\u00f3n del biol\u00f3gico.<\/p>\n\n\n\n<p>De acuerdo con el estudio aplicado en 28 pa\u00edses, M\u00e9xico solo est\u00e1 detr\u00e1s de la India y Brasil con las intenciones para recibir la vacuna, con 75% de respuestas afirmativas. De ellas, 39% ten\u00eda la intenci\u00f3n de hacerlo lo antes posible mientras que el 36% restante lo har\u00eda en los pr\u00f3ximos seis meses a un a\u00f1o.<\/p>\n\n\n\n<p>El pa\u00eds entre los mercados estudiados con menor disposici\u00f3n es Rusia, donde se desarroll\u00f3 la vacuna Sputnik V, con apenas 40%, de las cuales solo el 15% lo har\u00eda lo antes posible; en tanto que naciones como Francia, Espa\u00f1a, Jap\u00f3n, Pa\u00edses Bajos y Estados Unidos, el pa\u00eds con mayor n\u00famero de contagios y fallecimientos a causa de la enfermedad suma en el mundo, la disposici\u00f3n a vacunarse estaba presente en menos del 60% de los encuestados. A nivel global, el promedio fue de 64%, con 33% con el deseo de hacerlo a la brevedad.<\/p>\n\n\n\n<p>\u201cM\u00e9xico ha estado m\u00e1s lejos de la desinformaci\u00f3n del tema generalizado de la vacunaci\u00f3n. Como fen\u00f3meno en estos pa\u00edses tiene que ver con las campa\u00f1as de desinformaci\u00f3n que ha habido alrededor de la vacunaci\u00f3n\u201d, consider\u00f3 Sanz para explicar este fen\u00f3meno.<\/p>\n\n\n\n<p>Fuente: https:\/\/www.forbes.com.mx\/casi-6-de-cada-10-desconfian-del-gobierno-en-mexico\/<\/p>\n","protected":false},"excerpt":{"rendered":"<p>El gobierno gan\u00f3 confianza con el inicio de la pandemia pero la perdi\u00f3 de inmediato, mientras las empresas se consagraron [&hellip;]<\/p>\n","protected":false},"author":1,"featured_media":5203,"comment_status":"open","ping_status":"open","sticky":false,"template":"","format":"standard","meta":{"site-sidebar-layout":"default","site-content-layout":"","ast-site-content-layout":"default","site-content-style":"default","site-sidebar-style":"default","ast-global-header-display":"","ast-banner-title-visibility":"","ast-main-header-display":"","ast-hfb-above-header-display":"","ast-hfb-below-header-display":"","ast-hfb-mobile-header-display":"","site-post-title":"","ast-breadcrumbs-content":"","ast-featured-img":"","footer-sml-layout":"","theme-transparent-header-meta":"","adv-header-id-meta":"","stick-header-meta":"","header-above-stick-meta":"","header-main-stick-meta":"","header-below-stick-meta":"","astra-migrate-meta-layouts":"default","ast-page-background-enabled":"default","ast-page-background-meta":{"desktop":{"background-color":"var(--ast-global-color-4)","background-image":"","background-repeat":"repeat","background-position":"center center","background-size":"auto","background-attachment":"scroll","background-type":"","background-media":"","overlay-type":"","overlay-color":"","overlay-opacity":"","overlay-gradient":""},"tablet":{"background-color":"","background-image":"","background-repeat":"repeat","background-position":"center center","background-size":"auto","background-attachment":"scroll","background-type":"","background-media":"","overlay-type":"","overlay-color":"","overlay-opacity":"","overlay-gradient":""},"mobile":{"background-color":"","background-image":"","background-repeat":"repeat","background-position":"center center","background-size":"auto","background-attachment":"scroll","background-type":"","background-media":"","overlay-type":"","overlay-color":"","overlay-opacity":"","overlay-gradient":""}},"ast-content-background-meta":{"desktop":{"background-color":"var(--ast-global-color-5)","background-image":"","background-repeat":"repeat","background-position":"center center","background-size":"auto","background-attachment":"scroll","background-type":"","background-media":"","overlay-type":"","overlay-color":"","overlay-opacity":"","overlay-gradient":""},"tablet":{"background-color":"var(--ast-global-color-5)","background-image":"","background-repeat":"repeat","background-position":"center center","background-size":"auto","background-attachment":"scroll","background-type":"","background-media":"","overlay-type":"","overlay-color":"","overlay-opacity":"","overlay-gradient":""},"mobile":{"background-color":"var(--ast-global-color-5)","background-image":"","background-repeat":"repeat","background-position":"center center","background-size":"auto","background-attachment":"scroll","background-type":"","background-media":"","overlay-type":"","overlay-color":"","overlay-opacity":"","overlay-gradient":""}},"footnotes":""},"categories":[8],"tags":[269,268],"class_list":["post-5202","post","type-post","status-publish","format-standard","has-post-thumbnail","hentry","category-noticias","tag-desconfianza-en-gobierno-de-mexico","tag-trust-barometer-de-edelman"],"_links":{"self":[{"href":"https:\/\/losperiodistas.com.mx\/portal\/wp-json\/wp\/v2\/posts\/5202","targetHints":{"allow":["GET"]}}],"collection":[{"href":"https:\/\/losperiodistas.com.mx\/portal\/wp-json\/wp\/v2\/posts"}],"about":[{"href":"https:\/\/losperiodistas.com.mx\/portal\/wp-json\/wp\/v2\/types\/post"}],"author":[{"embeddable":true,"href":"https:\/\/losperiodistas.com.mx\/portal\/wp-json\/wp\/v2\/users\/1"}],"replies":[{"embeddable":true,"href":"https:\/\/losperiodistas.com.mx\/portal\/wp-json\/wp\/v2\/comments?post=5202"}],"version-history":[{"count":1,"href":"https:\/\/losperiodistas.com.mx\/portal\/wp-json\/wp\/v2\/posts\/5202\/revisions"}],"predecessor-version":[{"id":5204,"href":"https:\/\/losperiodistas.com.mx\/portal\/wp-json\/wp\/v2\/posts\/5202\/revisions\/5204"}],"wp:featuredmedia":[{"embeddable":true,"href":"https:\/\/losperiodistas.com.mx\/portal\/wp-json\/wp\/v2\/media\/5203"}],"wp:attachment":[{"href":"https:\/\/losperiodistas.com.mx\/portal\/wp-json\/wp\/v2\/media?parent=5202"}],"wp:term":[{"taxonomy":"category","embeddable":true,"href":"https:\/\/losperiodistas.com.mx\/portal\/wp-json\/wp\/v2\/categories?post=5202"},{"taxonomy":"post_tag","embeddable":true,"href":"https:\/\/losperiodistas.com.mx\/portal\/wp-json\/wp\/v2\/tags?post=5202"}],"curies":[{"name":"wp","href":"https:\/\/api.w.org\/{rel}","templated":true}]}}