{"id":52019,"date":"2023-05-24T09:09:57","date_gmt":"2023-05-24T14:09:57","guid":{"rendered":"http:\/\/losperiodistas.com.mx\/portal\/?p=52019"},"modified":"2023-05-24T09:09:59","modified_gmt":"2023-05-24T14:09:59","slug":"haruki-murakami-premio-princesa-de-asturias-de-las-letras-2023-publico","status":"publish","type":"post","link":"https:\/\/losperiodistas.com.mx\/portal\/haruki-murakami-premio-princesa-de-asturias-de-las-letras-2023-publico\/","title":{"rendered":"Haruki Murakami, Premio Princesa de Asturias de las Letras 2023 | P\u00fablico"},"content":{"rendered":"\n<h2 class=\"has-light-green-cyan-background-color has-background has-medium-font-size wp-block-heading\" id=\"m69-68-70\">El escritor japon\u00e9s recibe el galard\u00f3n&nbsp;al que optaban 37 candidaturas de 17 nacionalidades y es el primer nip\u00f3n en conseguirlo.<\/h2>\n\n\n\n<figure class=\"wp-block-image size-large is-style-default\"><img fetchpriority=\"high\" decoding=\"async\" width=\"1024\" height=\"676\" src=\"https:\/\/losperiodistas.com.mx\/portal\/wp-content\/uploads\/2023\/05\/Captura-de-Pantalla-2023-05-24-a-las-7.57.03-1024x676.jpg\" alt=\"\" class=\"wp-image-52020\" srcset=\"https:\/\/losperiodistas.com.mx\/portal\/wp-content\/uploads\/2023\/05\/Captura-de-Pantalla-2023-05-24-a-las-7.57.03-1024x676.jpg 1024w, https:\/\/losperiodistas.com.mx\/portal\/wp-content\/uploads\/2023\/05\/Captura-de-Pantalla-2023-05-24-a-las-7.57.03-300x198.jpg 300w, https:\/\/losperiodistas.com.mx\/portal\/wp-content\/uploads\/2023\/05\/Captura-de-Pantalla-2023-05-24-a-las-7.57.03-768x507.jpg 768w, https:\/\/losperiodistas.com.mx\/portal\/wp-content\/uploads\/2023\/05\/Captura-de-Pantalla-2023-05-24-a-las-7.57.03.jpg 1324w\" sizes=\"(max-width: 1024px) 100vw, 1024px\" \/><figcaption><br>El escritor japon\u00e9s Haruki Murakami ha sido galardonado en Oviedo con el Premio Princesa de Asturias de las Letras 2023. Imagen de Archivo.\u00a0<em>\u2014<\/em>\u00a0<em>Jos\u00e9 J\u00e1come<\/em>\u00a0<em>\/<\/em>\u00a0<em>EFE<\/em><\/figcaption><\/figure>\n\n\n\n<p><\/p>\n\n\n\n<p class=\"has-vivid-red-color has-text-color has-medium-font-size\"><strong>AGENCIAS \/ P\u00daBLICO<\/strong><\/p>\n\n\n\n<p>El escritor japon\u00e9s<strong>\u00a0Haruki Murakami<\/strong>\u00a0(Kioto, 1949) ha sido galardonado este mi\u00e9rcoles en Oviedo con el\u00a0<a href=\"https:\/\/www.publico.es\/culturas\/murakami-murakami-pide-retiren-nominacion-nobel-literatura-alternativo.html#analytics-noticia:contenido-enlace\">Premio Princesa de Asturias de las Letras 2023<\/a>\u00a0al que optaban 37 candidaturas de 17 nacionalidades entre las que figuraban las del franc\u00e9s Pierre Michon, el brit\u00e1nico Julian Barnes, el italiano Erri de Luca y el espa\u00f1ol Javier Cercas.<\/p>\n\n\n\n<p>El escritor japon\u00e9s<strong>\u00a0Haruki Murakami<\/strong>\u00a0(Kioto, 1949) ha sido galardonado este mi\u00e9rcoles en Oviedo con el\u00a0<a href=\"https:\/\/www.publico.es\/culturas\/murakami-murakami-pide-retiren-nominacion-nobel-literatura-alternativo.html#analytics-noticia:contenido-enlace\">Premio Princesa de Asturias de las Letras 2023<\/a>\u00a0al que optaban 37 candidaturas de 17 nacionalidades entre las que figuraban las del franc\u00e9s Pierre Michon, el brit\u00e1nico Julian Barnes, el italiano Erri de Luca y el espa\u00f1ol Javier Cercas.<\/p>\n\n\n\n<p id=\"m1174-1-1175\">Murakami, tambi\u00e9n traductor y eterno&nbsp;<strong>aspirante tanto a este galard\u00f3n como al Nobel<\/strong>, reside en Estados Unidos y obtuvo un resonante \u00e9xito internacional con&nbsp;<a href=\"https:\/\/www.publico.es\/tag\/literatura#analytics-noticia:contenido-enlace\">su obra<\/a>&nbsp;<em>Tokio blues<\/em>&nbsp;(1987), titulada&nbsp;<em>Norwegian Wood<\/em>&nbsp;en su versi\u00f3n original y que se tradujo a m\u00e1s de 40 idiomas.<\/p>\n\n\n\n<p id=\"m1179-2-1180\">El\u00a0<strong><a href=\"https:\/\/elasombrario.publico.es\/fascinante-guia-joyas-literarias-llegan-desde-japon\/#analytics-noticia:contenido-enlace\" target=\"_blank\" rel=\"noreferrer noopener\">primer autor japon\u00e9s<\/a>\u00a0que gana el Princesa de Asturias de las Letras en sus 43 ediciones<\/strong>\u00a0se suma as\u00ed a una n\u00f3mina de galardonados de la que forman parte, entre otros, Mario Vargas Llosa, Miguel Delibes, Carlos Fuentes, G\u00fcnter Grass, Arthur Miller, Doris Lessing, Susan Sontag, Paul Auster, Margaret Atwood, Leonard Cohen, Philip Roth, Richard Ford, Leonardo Padura o el dramaturgo Juan Mayorga, que lo obtuvo en 2022.<\/p>\n\n\n\n<p id=\"m1184-3-1185\">Los&nbsp;<strong>Premios Princesa de Asturias&nbsp;<\/strong>est\u00e1n destinados, seg\u00fan se\u00f1ala su reglamento, a galardonar \u00abla labor cient\u00edfica, t\u00e9cnica, cultural, social y humanitaria realizada por personas, instituciones, grupos de personas o de instituciones en el \u00e1mbito internacional\u00bb.<\/p>\n\n\n\n<p id=\"m1189-4-1190\">Conforme a estos principios, el Premio Princesa de Asturias de las Letras&nbsp;<strong>se conceder\u00e1 a \u00abla labor de cultivo y perfeccionamiento de la creaci\u00f3n literaria<\/strong>&nbsp;en todos sus g\u00e9neros\u00bb.<\/p>\n\n\n\n<p id=\"m1194-5-1195\">Hijo de profesores de literatura, en 1975 se gradu\u00f3 en Literatura, M\u00fasica e Interpretaci\u00f3n en la Universidad Waseda de su ciudad natal. Es un apasionado de la literatura norteamericana y de la m\u00fasica anglosajona, regent\u00f3 durante a\u00f1os un local de jazz en Tokio, al tiempo que\u00a0<strong>traduc\u00eda al japon\u00e9s a autores como Truman Capote, Scott Fitzgerald, J.D. Salinger o John Irving.<\/strong><\/p>\n\n\n\n<p id=\"m1199-6-1200\">Su primer libro fue&nbsp;<strong><em>Hear the wind sing<\/em>&nbsp;(1979)<\/strong>, al que sigui\u00f3&nbsp;<em>Pinball, 1973<\/em>&nbsp;(1980), pero se dio a conocer con su novela&nbsp;<em>La caza del carnero salvaje<\/em>&nbsp;(1982) y en 1985 llegaba&nbsp;<em>El fin del mundo y el fin de las maravillas<\/em>.<\/p>\n\n\n\n<p id=\"m1204-7-1205\">Influenciado&nbsp;<strong>por escritores como Fedor Dostoievsky, Charles Dickens o el citado Truman Capote<\/strong>, Murakami escribi\u00f3 despu\u00e9s novelas como&nbsp;<em>Dance, Dance, Dance<\/em>&nbsp;(1988);&nbsp;<em>Al sur de la frontera, al oeste del sol<\/em>&nbsp;(1992);&nbsp;<em>Cr\u00f3nica del p\u00e1jaro que da cuerda al mundo<\/em>&nbsp;(1994);&nbsp;<em>Underground&nbsp;<\/em>(1997);&nbsp;<em>Sputnik, mi amor<\/em>&nbsp;(1999);&nbsp;<em>Kafka en la orilla<\/em>&nbsp;(2002) y&nbsp;<em>After dark<\/em>&nbsp;(2004).<\/p>\n\n\n\n<p id=\"m1209-8-1210\">Su<strong>&nbsp;prosa sint\u00e9tica y cinematogr\u00e1fica<\/strong>&nbsp;en la que juega con ficci\u00f3n y realidad ha cautivado a millones de lectores con una obra en la que destaca la trilog\u00eda&nbsp;<em>1Q84<\/em>&nbsp;(2009-10), tres tomos cuyo t\u00edtulo homenajea al&nbsp;<em>1984<\/em>&nbsp;de George Orwell adem\u00e1s de libros de relatos como&nbsp;<em>The elephant vanishes<\/em>&nbsp;(1993) y&nbsp;<em>Despu\u00e9s del terremoto<\/em>&nbsp;(2000), que sit\u00faa la trama en el terremoto que asol\u00f3 Kobe en 1995 y los ensayos&nbsp;<em>De qu\u00e9 hablo cuando hablo de correr<\/em>&nbsp;(2007) y&nbsp;<em>De qu\u00e9 hablo cuando hablo de escribir<\/em>&nbsp;(2015).<\/p>\n\n\n\n<p id=\"m1214-9-1215\">Murakami, que en 2023 ha publicado su \u00faltima novela,&nbsp;<em>The City and its Uncertain Walls<\/em>, est\u00e1&nbsp;<strong>en posesi\u00f3n de premios como el Frank Kafka (2006), el Premio Jerusal\u00e9n (2009), el Noma, el Tanizaki y el Yomiuri&nbsp;<\/strong>en Jap\u00f3n y en Espa\u00f1a fue distinguido con la Orden de las Artes y las Letras 2009 o el Premio Internacional de Catalu\u00f1a 2011.<\/p>\n\n\n\n<p id=\"m1219-10-1220\">El de las Letras ha sido el\u00a0<strong>quinto de los ocho Premios Princesa de Asturias en fallarse este a\u00f1o<\/strong>, todos ellos dotados con la reproducci\u00f3n de una escultura dise\u00f1ada por Joan Mir\u00f3, 50.000 euros en met\u00e1lico, un diploma y una insignia y que ser\u00e1n entregados en octubre pr\u00f3ximo durante una ceremonia en el Teatro Campoamor de Oviedo.<\/p>\n\n\n\n<p>Fuente: <a href=\"https:\/\/www.publico.es\/culturas\/haruki-murakami-premio-princesa-letras-2023.html#analytics-seccion:listado\">https:\/\/www.publico.es\/culturas\/haruki-murakami-premio-princesa-letras-2023.html#analytics-seccion:listado<\/a><\/p>\n","protected":false},"excerpt":{"rendered":"<p>El escritor japon\u00e9s recibe el galard\u00f3n&nbsp;al que optaban 37 candidaturas de 17 nacionalidades y es el primer nip\u00f3n en conseguirlo. [&hellip;]<\/p>\n","protected":false},"author":1,"featured_media":52020,"comment_status":"open","ping_status":"open","sticky":false,"template":"","format":"standard","meta":{"site-sidebar-layout":"default","site-content-layout":"","ast-site-content-layout":"default","site-content-style":"default","site-sidebar-style":"default","ast-global-header-display":"","ast-banner-title-visibility":"","ast-main-header-display":"","ast-hfb-above-header-display":"","ast-hfb-below-header-display":"","ast-hfb-mobile-header-display":"","site-post-title":"","ast-breadcrumbs-content":"","ast-featured-img":"","footer-sml-layout":"","theme-transparent-header-meta":"","adv-header-id-meta":"","stick-header-meta":"","header-above-stick-meta":"","header-main-stick-meta":"","header-below-stick-meta":"","astra-migrate-meta-layouts":"default","ast-page-background-enabled":"default","ast-page-background-meta":{"desktop":{"background-color":"var(--ast-global-color-4)","background-image":"","background-repeat":"repeat","background-position":"center center","background-size":"auto","background-attachment":"scroll","background-type":"","background-media":"","overlay-type":"","overlay-color":"","overlay-opacity":"","overlay-gradient":""},"tablet":{"background-color":"","background-image":"","background-repeat":"repeat","background-position":"center center","background-size":"auto","background-attachment":"scroll","background-type":"","background-media":"","overlay-type":"","overlay-color":"","overlay-opacity":"","overlay-gradient":""},"mobile":{"background-color":"","background-image":"","background-repeat":"repeat","background-position":"center center","background-size":"auto","background-attachment":"scroll","background-type":"","background-media":"","overlay-type":"","overlay-color":"","overlay-opacity":"","overlay-gradient":""}},"ast-content-background-meta":{"desktop":{"background-color":"var(--ast-global-color-5)","background-image":"","background-repeat":"repeat","background-position":"center center","background-size":"auto","background-attachment":"scroll","background-type":"","background-media":"","overlay-type":"","overlay-color":"","overlay-opacity":"","overlay-gradient":""},"tablet":{"background-color":"var(--ast-global-color-5)","background-image":"","background-repeat":"repeat","background-position":"center center","background-size":"auto","background-attachment":"scroll","background-type":"","background-media":"","overlay-type":"","overlay-color":"","overlay-opacity":"","overlay-gradient":""},"mobile":{"background-color":"var(--ast-global-color-5)","background-image":"","background-repeat":"repeat","background-position":"center center","background-size":"auto","background-attachment":"scroll","background-type":"","background-media":"","overlay-type":"","overlay-color":"","overlay-opacity":"","overlay-gradient":""}},"footnotes":""},"categories":[8],"tags":[16592,16593],"class_list":["post-52019","post","type-post","status-publish","format-standard","has-post-thumbnail","hentry","category-noticias","tag-haruki-murakami","tag-premio-princesa-de-asturias-de-las-letras-2023"],"_links":{"self":[{"href":"https:\/\/losperiodistas.com.mx\/portal\/wp-json\/wp\/v2\/posts\/52019","targetHints":{"allow":["GET"]}}],"collection":[{"href":"https:\/\/losperiodistas.com.mx\/portal\/wp-json\/wp\/v2\/posts"}],"about":[{"href":"https:\/\/losperiodistas.com.mx\/portal\/wp-json\/wp\/v2\/types\/post"}],"author":[{"embeddable":true,"href":"https:\/\/losperiodistas.com.mx\/portal\/wp-json\/wp\/v2\/users\/1"}],"replies":[{"embeddable":true,"href":"https:\/\/losperiodistas.com.mx\/portal\/wp-json\/wp\/v2\/comments?post=52019"}],"version-history":[{"count":1,"href":"https:\/\/losperiodistas.com.mx\/portal\/wp-json\/wp\/v2\/posts\/52019\/revisions"}],"predecessor-version":[{"id":52021,"href":"https:\/\/losperiodistas.com.mx\/portal\/wp-json\/wp\/v2\/posts\/52019\/revisions\/52021"}],"wp:featuredmedia":[{"embeddable":true,"href":"https:\/\/losperiodistas.com.mx\/portal\/wp-json\/wp\/v2\/media\/52020"}],"wp:attachment":[{"href":"https:\/\/losperiodistas.com.mx\/portal\/wp-json\/wp\/v2\/media?parent=52019"}],"wp:term":[{"taxonomy":"category","embeddable":true,"href":"https:\/\/losperiodistas.com.mx\/portal\/wp-json\/wp\/v2\/categories?post=52019"},{"taxonomy":"post_tag","embeddable":true,"href":"https:\/\/losperiodistas.com.mx\/portal\/wp-json\/wp\/v2\/tags?post=52019"}],"curies":[{"name":"wp","href":"https:\/\/api.w.org\/{rel}","templated":true}]}}