{"id":52010,"date":"2023-05-24T08:48:39","date_gmt":"2023-05-24T13:48:39","guid":{"rendered":"http:\/\/losperiodistas.com.mx\/portal\/?p=52010"},"modified":"2023-05-24T08:48:40","modified_gmt":"2023-05-24T13:48:40","slug":"el-mayor-experto-en-salud-de-ee-uu-recomienda-restringir-el-uso-de-las-redes-sociales-a-los-adolescentes-el-pais","status":"publish","type":"post","link":"https:\/\/losperiodistas.com.mx\/portal\/el-mayor-experto-en-salud-de-ee-uu-recomienda-restringir-el-uso-de-las-redes-sociales-a-los-adolescentes-el-pais\/","title":{"rendered":"El mayor experto en salud de EE UU recomienda restringir el uso de las redes sociales a los adolescentes | El Pa\u00eds"},"content":{"rendered":"\n<h2 class=\"has-background has-medium-font-size wp-block-heading\" style=\"background-color:#3af7f7\">La principal autoridad sanitaria de la Administraci\u00f3n de Biden detalla en un informe la preocupaci\u00f3n que el abuso digital puede tener en el desarrollo cerebral de los menores<\/h2>\n\n\n\n<figure class=\"wp-block-image size-large is-style-default\"><img fetchpriority=\"high\" decoding=\"async\" width=\"1024\" height=\"685\" src=\"https:\/\/losperiodistas.com.mx\/portal\/wp-content\/uploads\/2023\/05\/Captura-de-Pantalla-2023-05-24-a-las-7.42.52-1024x685.jpg\" alt=\"\" class=\"wp-image-52011\" srcset=\"https:\/\/losperiodistas.com.mx\/portal\/wp-content\/uploads\/2023\/05\/Captura-de-Pantalla-2023-05-24-a-las-7.42.52-1024x685.jpg 1024w, https:\/\/losperiodistas.com.mx\/portal\/wp-content\/uploads\/2023\/05\/Captura-de-Pantalla-2023-05-24-a-las-7.42.52-300x201.jpg 300w, https:\/\/losperiodistas.com.mx\/portal\/wp-content\/uploads\/2023\/05\/Captura-de-Pantalla-2023-05-24-a-las-7.42.52-768x514.jpg 768w, https:\/\/losperiodistas.com.mx\/portal\/wp-content\/uploads\/2023\/05\/Captura-de-Pantalla-2023-05-24-a-las-7.42.52.jpg 1518w\" sizes=\"(max-width: 1024px) 100vw, 1024px\" \/><figcaption>Tres j\u00f3venes usan sus tel\u00e9fonos m\u00f3viles a las puertas de un desfile de la Semana de la Moda de Nueva York de 2022.ALEXI ROSENFELD (GETTY IMAGES)<\/figcaption><\/figure>\n\n\n\n<p class=\"has-vivid-red-color has-text-color has-medium-font-size\"><strong>LUIS PABLO BEAUREGARD \/ Los \u00c1ngeles \/ EL PA\u00cdS<\/strong><\/p>\n\n\n\n<p>El doctor Vivek Murthy, la principal autoridad sanitaria en el gabinete del Gobierno de Joe Biden, ha publicado este martes una opini\u00f3n en la que llama a limitar el acceso de los menores de edad a las redes sociales. La recomendaci\u00f3n se debe a la \u201cpreocupaci\u00f3n creciente\u201d entre padres de familia, investigadores y expertos por el impacto que puede tener el entorno digital en la salud mental de los j\u00f3venes. \u201cNuestros ni\u00f1os y adolescentes no tienen el lujo de esperar hasta que sepamos la huella que estas tienen en ellos\u201d, afirma el cirujano general del Departamento de Salud en referencia a las redes. El funcionario admite su \u201cpreocupaci\u00f3n\u201d por la forma en la que estas plataformas est\u00e1n dise\u00f1adas y&nbsp;<a href=\"https:\/\/elpais.com\/ideas\/2023-01-20\/bruno-patino-ensayista-las-redes-sociales-son-el-quinto-poder.html\" target=\"_blank\" rel=\"noreferrer noopener\">son utilizadas para enganchar a los m\u00e1s j\u00f3venes,<\/a>&nbsp;lo que puede afectar a su desarrollo cerebral, en especial el de los adolescentes, si son consumidas sin supervisi\u00f3n.<\/p>\n\n\n\n<p>El da\u00f1o de las redes sociales depende del tiempo de exposici\u00f3n. Con una presencia casi universal entre menores, el 95% de la poblaci\u00f3n entre los 13 y los 17 a\u00f1os dice emplearlas y tambi\u00e9n encuentra beneficios en ellas. Entre las ventajas, los adolescentes afirman sentirse m\u00e1s aceptados, son el mejor canal para encontrar ayuda en momentos dif\u00edciles y un buen lugar par exponer los lados m\u00e1s creativos.<\/p>\n\n\n\n<p>Los expertos en salud, sin embargo, advierten de los problemas de salud mental que pueden acarrear m\u00e1s de tres horas diarias de uso de estas plataformas. Ese tiempo es suficiente para duplicar el riesgo de que afloren&nbsp;<a href=\"https:\/\/elpais.com\/opinion\/2021-09-19\/redes-y-salud-mental.html\" target=\"_blank\" rel=\"noreferrer noopener\">ansiedad y sentimientos depresivos&nbsp;<\/a>y es apenas la base del consumo en las aplicaciones, seg\u00fan hall\u00f3 una encuesta de 2021 que establec\u00eda las 3,5 horas como el promedio del&nbsp;<em>scrolling&nbsp;<\/em>en l\u00ednea. El abuso de las redes tambi\u00e9n puede afectar al equilibrio f\u00edsico con des\u00f3rdenes alimenticios, provocar complejos sociales y reducir la autoestima, especialmente entre las ni\u00f1as. Un tercio de las mujeres entre 11 y 15 a\u00f1os han dicho sentir adicci\u00f3n por alguna red social.<\/p>\n\n\n\n<p>Murthy argumenta que es responsabilidad del Gobierno dar herramientas para navegar las aguas pantanosas del ecosistema digital. En una reflexi\u00f3n que se repite cada vez con m\u00e1s frecuencia en Washington, el experto considera que las tecnol\u00f3gicas no hacen lo suficiente para construir espacios seguros para ni\u00f1os y adolescentes. El m\u00e9dico se pregunta por qu\u00e9 las autoridades<a href=\"https:\/\/elpais.com\/tecnologia\/2023-05-18\/montana-se-convierte-en-el-primer-estado-de-estados-unidos-que-prohibe-tiktok.html\" target=\"_blank\" rel=\"noreferrer noopener\">&nbsp;no toman las aplicaciones y redes sociales con la misma seriedad<\/a>&nbsp;que se adoptan para los nuevos juguetes o medicinas. En estos casos, los productos que llegan al mercado son sometidos a pruebas de terceros para reducir los da\u00f1os potenciales en los consumidores. \u201cDebe emplearse un enfoque prioritario a la seguridad de los productos de redes sociales, dado el c\u00famulo de evidencias del riesgo de da\u00f1o que representan para algunos ni\u00f1os y adolescentes\u201d, indica el documento.<\/p>\n\n\n\n<p>Tochi Iroku-Malize, el presidente de la Asociaci\u00f3n de M\u00e9dicos de familia, ha considerado que si bien las redes sociales son una herramienta poderosa para estar conectados, tambi\u00e9n pueden provocar sentimientos \u201cdepresivos y ansiedad\u201d entre los adolescentes. La Academia Estadounidense de Pediatras comparte la preocupaci\u00f3n, pues \u201cel mundo digital no se construy\u00f3 teniendo en cuenta un desarrollo mental sano de los ni\u00f1os\u201d.<\/p>\n\n\n\n<h2 class=\"wp-block-heading\">Lucha contra el \u2018cyberbulling\u2019<\/h2>\n\n\n\n<p>Los padres admiten que es cada vez m\u00e1s complejo guiar a las menores en un contexto de hiperconectividad y el f\u00e1cil acceso a la tecnolog\u00eda. El 70% de los encargados de la crianza la consideran hoy una tarea m\u00e1s dif\u00edcil que hace 20 a\u00f1os, siendo las principales causas las redes sociales y la convivencia digital. Ocho de cada diez tambi\u00e9n consideran que las tecnol\u00f3gicas deben hacer m\u00e1s para proteger a los menores de contenidos inapropiados. El 64% de los adolescentes dicen haber sido expuestos a contenidos de odio en el Internet.<\/p>\n\n\n\n<p><a href=\"https:\/\/www.hhs.gov\/sites\/default\/files\/sg-youth-mental-health-social-media-advisory.pdf\" target=\"_blank\" rel=\"noreferrer noopener\">El documento<\/a>&nbsp;pide a estas compa\u00f1\u00edas ser transparentes y compartir los hallazgos de sus investigaciones con expertos independientes y con el p\u00fablico, establecer un m\u00ednimo de edad para el uso de las plataformas y priorizar la salud mental y la seguridad en el dise\u00f1o y desarrollo de los productos y servicios. Algunos legisladores y expertos han dicho que es importante respetar los 13 a\u00f1os que sugieren varias plataformas como edad m\u00ednima para convertirse en usuario. La edad, m\u00e1s que requisito, ha sido tomada como gu\u00eda, pues el 40% de los ni\u00f1os entre 8 y 12 a\u00f1os en Estados Unidos utilizan las redes sociales.<\/p>\n\n\n\n<p>Otros analistas consideran que esta edad deber\u00eda recorrerse a los 16 a\u00f1os. Adem\u00e1s, el informe recomienda a las c\u00fapulas empresariales establecer comit\u00e9s de cient\u00edficos y especialistas que puedan aconsejar c\u00f3mo crear espacios seguros para los menores mientras est\u00e9n conectados.<\/p>\n\n\n\n<p>El informe, de 25 p\u00e1ginas, tambi\u00e9n sugiere a los padres de familia tener un plan que establezca l\u00edmites y reglas al uso de las plataformas y que proteja los datos personales. El funcionario sanitario m\u00e1s relevante de la Administraci\u00f3n dem\u00f3crata aconseja cortar la utilizaci\u00f3n de m\u00f3viles, tabletas y computadoras al menos una hora antes de dormir, ya que estos electr\u00f3nicos \u201cinterfieren con el sue\u00f1o\u201d. Otro de los puntos que se subrayan es la necesidad de educar a los menores en los pasos que han de seguir en caso de que sean v\u00edctimas de\u00a0<em>cyberbullying<\/em>\u00a0y de abuso por correo, mensajes de texto, juegos en l\u00ednea o redes sociales o si son contactados por alg\u00fan adulto que les haya solicitado desnudos o fotograf\u00edas expl\u00edcitas. Casi seis de cada diez ni\u00f1as han sido contactadas por extra\u00f1os en l\u00ednea, quienes las han hecho sentirse inc\u00f3modas. En Estados Unidos, algunas organizaciones como<a href=\"https:\/\/www.missingkids.org\/gethelpnow\/cybertipline\" target=\"_blank\" rel=\"noreferrer noopener\">\u00a0Cyber Tipline<\/a>\u00a0o\u00a0<a href=\"https:\/\/takeitdown.ncmec.org\/\" target=\"_blank\" rel=\"noreferrer noopener\">Take it Down<\/a>\u00a0auxilian a las v\u00edctimas de estos casos. \u201cComunica al menos a una persona de tu mayor confianza si has sido v\u00edctima de abuso, no lo mantengas en secreto\u201d, se\u00f1ala el documento, difundido expresamente para que tecnol\u00f3gicas, pol\u00edticos y familias tomen precauciones.<\/p>\n\n\n\n<p>Fuente: <a href=\"https:\/\/elpais.com\/sociedad\/2023-05-24\/el-mayor-experto-en-salud-de-ee-uu-recomienda-restringir-el-uso-de-las-redes-sociales-a-los-adolescentes.html\">https:\/\/elpais.com\/sociedad\/2023-05-24\/el-mayor-experto-en-salud-de-ee-uu-recomienda-restringir-el-uso-de-las-redes-sociales-a-los-adolescentes.html<\/a><\/p>\n","protected":false},"excerpt":{"rendered":"<p>La principal autoridad sanitaria de la Administraci\u00f3n de Biden detalla en un informe la preocupaci\u00f3n que el abuso digital puede [&hellip;]<\/p>\n","protected":false},"author":1,"featured_media":52011,"comment_status":"open","ping_status":"open","sticky":false,"template":"","format":"standard","meta":{"site-sidebar-layout":"default","site-content-layout":"","ast-site-content-layout":"default","site-content-style":"default","site-sidebar-style":"default","ast-global-header-display":"","ast-banner-title-visibility":"","ast-main-header-display":"","ast-hfb-above-header-display":"","ast-hfb-below-header-display":"","ast-hfb-mobile-header-display":"","site-post-title":"","ast-breadcrumbs-content":"","ast-featured-img":"","footer-sml-layout":"","theme-transparent-header-meta":"","adv-header-id-meta":"","stick-header-meta":"","header-above-stick-meta":"","header-main-stick-meta":"","header-below-stick-meta":"","astra-migrate-meta-layouts":"default","ast-page-background-enabled":"default","ast-page-background-meta":{"desktop":{"background-color":"var(--ast-global-color-4)","background-image":"","background-repeat":"repeat","background-position":"center center","background-size":"auto","background-attachment":"scroll","background-type":"","background-media":"","overlay-type":"","overlay-color":"","overlay-opacity":"","overlay-gradient":""},"tablet":{"background-color":"","background-image":"","background-repeat":"repeat","background-position":"center center","background-size":"auto","background-attachment":"scroll","background-type":"","background-media":"","overlay-type":"","overlay-color":"","overlay-opacity":"","overlay-gradient":""},"mobile":{"background-color":"","background-image":"","background-repeat":"repeat","background-position":"center center","background-size":"auto","background-attachment":"scroll","background-type":"","background-media":"","overlay-type":"","overlay-color":"","overlay-opacity":"","overlay-gradient":""}},"ast-content-background-meta":{"desktop":{"background-color":"var(--ast-global-color-5)","background-image":"","background-repeat":"repeat","background-position":"center center","background-size":"auto","background-attachment":"scroll","background-type":"","background-media":"","overlay-type":"","overlay-color":"","overlay-opacity":"","overlay-gradient":""},"tablet":{"background-color":"var(--ast-global-color-5)","background-image":"","background-repeat":"repeat","background-position":"center center","background-size":"auto","background-attachment":"scroll","background-type":"","background-media":"","overlay-type":"","overlay-color":"","overlay-opacity":"","overlay-gradient":""},"mobile":{"background-color":"var(--ast-global-color-5)","background-image":"","background-repeat":"repeat","background-position":"center center","background-size":"auto","background-attachment":"scroll","background-type":"","background-media":"","overlay-type":"","overlay-color":"","overlay-opacity":"","overlay-gradient":""}},"footnotes":""},"categories":[8],"tags":[16591,1915,16590],"class_list":["post-52010","post","type-post","status-publish","format-standard","has-post-thumbnail","hentry","category-noticias","tag-cyberbulling","tag-redes-sociales","tag-vivek-murthy"],"_links":{"self":[{"href":"https:\/\/losperiodistas.com.mx\/portal\/wp-json\/wp\/v2\/posts\/52010","targetHints":{"allow":["GET"]}}],"collection":[{"href":"https:\/\/losperiodistas.com.mx\/portal\/wp-json\/wp\/v2\/posts"}],"about":[{"href":"https:\/\/losperiodistas.com.mx\/portal\/wp-json\/wp\/v2\/types\/post"}],"author":[{"embeddable":true,"href":"https:\/\/losperiodistas.com.mx\/portal\/wp-json\/wp\/v2\/users\/1"}],"replies":[{"embeddable":true,"href":"https:\/\/losperiodistas.com.mx\/portal\/wp-json\/wp\/v2\/comments?post=52010"}],"version-history":[{"count":1,"href":"https:\/\/losperiodistas.com.mx\/portal\/wp-json\/wp\/v2\/posts\/52010\/revisions"}],"predecessor-version":[{"id":52012,"href":"https:\/\/losperiodistas.com.mx\/portal\/wp-json\/wp\/v2\/posts\/52010\/revisions\/52012"}],"wp:featuredmedia":[{"embeddable":true,"href":"https:\/\/losperiodistas.com.mx\/portal\/wp-json\/wp\/v2\/media\/52011"}],"wp:attachment":[{"href":"https:\/\/losperiodistas.com.mx\/portal\/wp-json\/wp\/v2\/media?parent=52010"}],"wp:term":[{"taxonomy":"category","embeddable":true,"href":"https:\/\/losperiodistas.com.mx\/portal\/wp-json\/wp\/v2\/categories?post=52010"},{"taxonomy":"post_tag","embeddable":true,"href":"https:\/\/losperiodistas.com.mx\/portal\/wp-json\/wp\/v2\/tags?post=52010"}],"curies":[{"name":"wp","href":"https:\/\/api.w.org\/{rel}","templated":true}]}}