{"id":52007,"date":"2023-05-24T08:20:26","date_gmt":"2023-05-24T13:20:26","guid":{"rendered":"http:\/\/losperiodistas.com.mx\/portal\/?p=52007"},"modified":"2023-05-24T08:20:28","modified_gmt":"2023-05-24T13:20:28","slug":"ni-larrea-ni-becker-citi-vendera-banamex-en-la-bolsa-con-una-opi-forbes","status":"publish","type":"post","link":"https:\/\/losperiodistas.com.mx\/portal\/ni-larrea-ni-becker-citi-vendera-banamex-en-la-bolsa-con-una-opi-forbes\/","title":{"rendered":"Ni Larrea ni Becker; Citi vender\u00e1 Banamex en la bolsa con una OPI | Forbes"},"content":{"rendered":"\n<p class=\"has-pale-cyan-blue-background-color has-background has-medium-font-size\"><em>La CEO de la firma, Jane Fraser, dijo que despu\u00e9s de un cuidadoso an\u00e1lisis, concluyeron que el camino \u00f3ptimo para maximizar el valor de Banamex para sus accionistas y avanzar en su objetivo estrat\u00e9gico de simplificar nuestra firma es moverse en su camino dual y enfocarse solamente en una OPI.<\/em><\/p>\n\n\n\n<p><\/p>\n\n\n\n<figure class=\"wp-block-image size-large is-style-default\"><img fetchpriority=\"high\" decoding=\"async\" width=\"1024\" height=\"577\" src=\"https:\/\/losperiodistas.com.mx\/portal\/wp-content\/uploads\/2023\/05\/Captura-de-Pantalla-2023-05-24-a-las-7.14.59-1024x577.jpg\" alt=\"\" class=\"wp-image-52008\" srcset=\"https:\/\/losperiodistas.com.mx\/portal\/wp-content\/uploads\/2023\/05\/Captura-de-Pantalla-2023-05-24-a-las-7.14.59-1024x577.jpg 1024w, https:\/\/losperiodistas.com.mx\/portal\/wp-content\/uploads\/2023\/05\/Captura-de-Pantalla-2023-05-24-a-las-7.14.59-300x169.jpg 300w, https:\/\/losperiodistas.com.mx\/portal\/wp-content\/uploads\/2023\/05\/Captura-de-Pantalla-2023-05-24-a-las-7.14.59-768x433.jpg 768w, https:\/\/losperiodistas.com.mx\/portal\/wp-content\/uploads\/2023\/05\/Captura-de-Pantalla-2023-05-24-a-las-7.14.59-1536x866.jpg 1536w, https:\/\/losperiodistas.com.mx\/portal\/wp-content\/uploads\/2023\/05\/Captura-de-Pantalla-2023-05-24-a-las-7.14.59.jpg 1720w\" sizes=\"(max-width: 1024px) 100vw, 1024px\" \/><figcaption><em>17 de enero 2022. Foto: \u00a9 Andrea Gama Del Valle<\/em><\/figcaption><\/figure>\n\n\n\n<p class=\"has-vivid-red-color has-text-color has-medium-font-size\"><strong>ROBERTO NOGUEZ \/ FORBES<\/strong><\/p>\n\n\n\n<p>Citi anunci\u00f3 este mi\u00e9rcoles que llevar\u00e1 a cabo una oferta p\u00fablica inicial (OPI) de sus negocios de Banca de Consumo y Banca Empresarial en M\u00e9xico englobada en Banamex, despu\u00e9s de la separaci\u00f3n ya planeada de su negocio institucional; con lo que quedar\u00edan fuera del proceso los empresarios Germ\u00e1n Larrea y Daniel Becker.<\/p>\n\n\n\n<p>La CEO de la firma, Jane Fraser, dijo que despu\u00e9s de un cuidadoso an\u00e1lisis, concluyeron que el camino \u00f3ptimo para maximizar el valor de Banamex para sus accionistas y avanzar en su objetivo estrat\u00e9gico de simplificar nuestra firma es moverse en su camino dual y enfocarse solamente en una OPI.<\/p>\n\n\n\n<p>\u201cCiti ha operado por m\u00e1s de un siglo en M\u00e9xico y continuaremos invirtiendo y haciendo crecer nuestra franquicia institucional, l\u00edder en la industria, en este pa\u00eds tan importante para nosotros, ofreciendo as\u00ed todo el potencial de la red global de Citi a nuestros clientes institucionales y del Citi Private Bank en este mercado prioritario\u201d, afirm\u00f3.<\/p>\n\n\n\n<p>El banco estadounidense record\u00f3 que ha seguido un proceso dual para su salida de su negocio, incluyendo la preparaci\u00f3n para una posible OPI, con el compromiso de ofrecer el m\u00e1ximo valor a sus accionistas.<\/p>\n\n\n\n<p>Para el director de Finanzas de Citi, Mark Mason, esta decisi\u00f3n evidencia su compromiso con obtener el mejor resultado para sus accionistas y les permite reiniciar con moderaci\u00f3n la recompra de acciones este trimestre, adem\u00e1s, debido a la incertidumbre sobre los requerimientos regulatorios de capital, analizar\u00e1n la recompra de acciones trimestre a trimestre.<\/p>\n\n\n\n<p>La firma estadounidense precis\u00f3 que se mantendr\u00e1 la marca Banco Nacional de M\u00e9xico (Banamex) y seguir\u00e1 siendo uno de los grupos financieros l\u00edderes en M\u00e9xico y seguir\u00e1 ofreciendo una gama completa de servicios financieros para los segmentos de Banca de Consumo y Banca Empresarial, con una amplia red de distribuci\u00f3n de 1,300 sucursales, 9,000 ATMs, 12.7 millones de clientes de la Banca de Consumo, 6,600 clientes de la Banca Empresarial y 10 millones de aforehabientes.<\/p>\n\n\n\n<p>Banamex mantendr\u00e1 las tarjetas de cr\u00e9dito, la banca minorista, cr\u00e9dito al consumo, hipotecario, seguros, pensiones, afore, dep\u00f3sitos y una oferta completa de productos de Banca Empresarial. Los aproximadamente 38,000 empleados que contribuyen al Negocio, as\u00ed como la colecci\u00f3n de arte y los edificios hist\u00f3ricos, permanecer\u00e1n como parte de Banamex.<\/p>\n\n\n\n<p>Record\u00f3 que durante las \u00faltimas dos d\u00e9cadas, las inversiones de Citi han transformado significativamente a Banamex en un banco de vanguardia, completamente enfocado en ofrecer una experiencia m\u00e1s completa, \u00e1gil e intuitiva a nuestros clientes.<\/p>\n\n\n\n<p>De hecho, ha invertido 2,500 millones de d\u00f3lares para incrementar las capacidades de banca digital y m\u00f3vil de Banamex, la cual ha fortalecido su infraestructura tecnol\u00f3gica, modernizado su red de sucursales y ATMs a nivel nacional, profundizado la relaci\u00f3n con sus segmentos clave de clientes y contribuido a la inclusi\u00f3n financiera en M\u00e9xico.<\/p>\n\n\n\n<p>Por su parte, Citi continuar\u00e1 operando un banco con licencia local en M\u00e9xico a trav\u00e9s de su Grupo de Clientes Institucionales (ICG) que ofrece servicios de banca y asesor\u00eda a instituciones privadas y p\u00fablicas, clientes del sector financiero e inversionistas, as\u00ed como a trav\u00e9s del Citi Private Bank.<\/p>\n\n\n\n<p>Y es que ha trabajado en la segregaci\u00f3n (\u201ccarve out\u201d) del negocio del ICG desde que anunci\u00f3 su plan para separar a Banamex, lo que incluye las aprobaciones regulatorias requeridas, est\u00e1 en progreso. Citi espera que la separaci\u00f3n de los negocios se complete en la segunda mitad de 2024 y que la OPI ocurra durante el 2025.<\/p>\n\n\n\n<p>Fuente: <a href=\"https:\/\/www.forbes.com.mx\/ni-larrea-ni-becker-citi-vendera-banamex-en-la-bolsa-con-una-opi\/\">https:\/\/www.forbes.com.mx\/ni-larrea-ni-becker-citi-vendera-banamex-en-la-bolsa-con-una-opi\/<\/a><\/p>\n","protected":false},"excerpt":{"rendered":"<p>La CEO de la firma, Jane Fraser, dijo que despu\u00e9s de un cuidadoso an\u00e1lisis, concluyeron que el camino \u00f3ptimo para [&hellip;]<\/p>\n","protected":false},"author":1,"featured_media":52008,"comment_status":"open","ping_status":"open","sticky":false,"template":"","format":"standard","meta":{"site-sidebar-layout":"default","site-content-layout":"","ast-site-content-layout":"default","site-content-style":"default","site-sidebar-style":"default","ast-global-header-display":"","ast-banner-title-visibility":"","ast-main-header-display":"","ast-hfb-above-header-display":"","ast-hfb-below-header-display":"","ast-hfb-mobile-header-display":"","site-post-title":"","ast-breadcrumbs-content":"","ast-featured-img":"","footer-sml-layout":"","theme-transparent-header-meta":"","adv-header-id-meta":"","stick-header-meta":"","header-above-stick-meta":"","header-main-stick-meta":"","header-below-stick-meta":"","astra-migrate-meta-layouts":"default","ast-page-background-enabled":"default","ast-page-background-meta":{"desktop":{"background-color":"var(--ast-global-color-4)","background-image":"","background-repeat":"repeat","background-position":"center center","background-size":"auto","background-attachment":"scroll","background-type":"","background-media":"","overlay-type":"","overlay-color":"","overlay-opacity":"","overlay-gradient":""},"tablet":{"background-color":"","background-image":"","background-repeat":"repeat","background-position":"center center","background-size":"auto","background-attachment":"scroll","background-type":"","background-media":"","overlay-type":"","overlay-color":"","overlay-opacity":"","overlay-gradient":""},"mobile":{"background-color":"","background-image":"","background-repeat":"repeat","background-position":"center center","background-size":"auto","background-attachment":"scroll","background-type":"","background-media":"","overlay-type":"","overlay-color":"","overlay-opacity":"","overlay-gradient":""}},"ast-content-background-meta":{"desktop":{"background-color":"var(--ast-global-color-5)","background-image":"","background-repeat":"repeat","background-position":"center center","background-size":"auto","background-attachment":"scroll","background-type":"","background-media":"","overlay-type":"","overlay-color":"","overlay-opacity":"","overlay-gradient":""},"tablet":{"background-color":"var(--ast-global-color-5)","background-image":"","background-repeat":"repeat","background-position":"center center","background-size":"auto","background-attachment":"scroll","background-type":"","background-media":"","overlay-type":"","overlay-color":"","overlay-opacity":"","overlay-gradient":""},"mobile":{"background-color":"var(--ast-global-color-5)","background-image":"","background-repeat":"repeat","background-position":"center center","background-size":"auto","background-attachment":"scroll","background-type":"","background-media":"","overlay-type":"","overlay-color":"","overlay-opacity":"","overlay-gradient":""}},"footnotes":""},"categories":[8],"tags":[199,16588,16589],"class_list":["post-52007","post","type-post","status-publish","format-standard","has-post-thumbnail","hentry","category-noticias","tag-amlo","tag-banamex-a-la-bolsa","tag-opi-citi-group"],"_links":{"self":[{"href":"https:\/\/losperiodistas.com.mx\/portal\/wp-json\/wp\/v2\/posts\/52007","targetHints":{"allow":["GET"]}}],"collection":[{"href":"https:\/\/losperiodistas.com.mx\/portal\/wp-json\/wp\/v2\/posts"}],"about":[{"href":"https:\/\/losperiodistas.com.mx\/portal\/wp-json\/wp\/v2\/types\/post"}],"author":[{"embeddable":true,"href":"https:\/\/losperiodistas.com.mx\/portal\/wp-json\/wp\/v2\/users\/1"}],"replies":[{"embeddable":true,"href":"https:\/\/losperiodistas.com.mx\/portal\/wp-json\/wp\/v2\/comments?post=52007"}],"version-history":[{"count":1,"href":"https:\/\/losperiodistas.com.mx\/portal\/wp-json\/wp\/v2\/posts\/52007\/revisions"}],"predecessor-version":[{"id":52009,"href":"https:\/\/losperiodistas.com.mx\/portal\/wp-json\/wp\/v2\/posts\/52007\/revisions\/52009"}],"wp:featuredmedia":[{"embeddable":true,"href":"https:\/\/losperiodistas.com.mx\/portal\/wp-json\/wp\/v2\/media\/52008"}],"wp:attachment":[{"href":"https:\/\/losperiodistas.com.mx\/portal\/wp-json\/wp\/v2\/media?parent=52007"}],"wp:term":[{"taxonomy":"category","embeddable":true,"href":"https:\/\/losperiodistas.com.mx\/portal\/wp-json\/wp\/v2\/categories?post=52007"},{"taxonomy":"post_tag","embeddable":true,"href":"https:\/\/losperiodistas.com.mx\/portal\/wp-json\/wp\/v2\/tags?post=52007"}],"curies":[{"name":"wp","href":"https:\/\/api.w.org\/{rel}","templated":true}]}}