{"id":52004,"date":"2023-05-24T08:04:21","date_gmt":"2023-05-24T13:04:21","guid":{"rendered":"http:\/\/losperiodistas.com.mx\/portal\/?p=52004"},"modified":"2023-05-24T08:04:23","modified_gmt":"2023-05-24T13:04:23","slug":"registran-195-casos-de-enfermedades-por-ceniza-el-economista","status":"publish","type":"post","link":"https:\/\/losperiodistas.com.mx\/portal\/registran-195-casos-de-enfermedades-por-ceniza-el-economista\/","title":{"rendered":"Registran 195 casos de enfermedades por ceniza | El Economista"},"content":{"rendered":"\n<p class=\"has-background has-medium-font-size\" style=\"background-color:#f3d861\">Aunque el Sem\u00e1foro de Alerta Volc\u00e1nica permanece en Amarillo fase 3 y las autoridades se mantienen en permanente monitoreo de la actividad del volc\u00e1n.<\/p>\n\n\n\n<p><\/p>\n\n\n\n<figure class=\"wp-block-image size-large is-style-default\"><img fetchpriority=\"high\" decoding=\"async\" width=\"1024\" height=\"680\" src=\"https:\/\/losperiodistas.com.mx\/portal\/wp-content\/uploads\/2023\/05\/Captura-de-Pantalla-2023-05-24-a-las-7.00.09-1024x680.jpg\" alt=\"\" class=\"wp-image-52005\" srcset=\"https:\/\/losperiodistas.com.mx\/portal\/wp-content\/uploads\/2023\/05\/Captura-de-Pantalla-2023-05-24-a-las-7.00.09-1024x680.jpg 1024w, https:\/\/losperiodistas.com.mx\/portal\/wp-content\/uploads\/2023\/05\/Captura-de-Pantalla-2023-05-24-a-las-7.00.09-300x199.jpg 300w, https:\/\/losperiodistas.com.mx\/portal\/wp-content\/uploads\/2023\/05\/Captura-de-Pantalla-2023-05-24-a-las-7.00.09-768x510.jpg 768w, https:\/\/losperiodistas.com.mx\/portal\/wp-content\/uploads\/2023\/05\/Captura-de-Pantalla-2023-05-24-a-las-7.00.09.jpg 1508w\" sizes=\"(max-width: 1024px) 100vw, 1024px\" \/><figcaption>Contin\u00faan los recorridos por las rutas de evacuaci\u00f3n para evaluar condiciones para garantizar que sean transitables. Foto: Reuters<\/figcaption><\/figure>\n\n\n\n<p class=\"has-vivid-red-color has-text-color has-medium-font-size\"><strong>ARTURO ROJAS \/ EL ECONOMISTA<\/strong><\/p>\n\n\n\n<p>La Coordinaci\u00f3n Nacional de Protecci\u00f3n Civil dio a conocer que, la tarde de este martes, el Popocat\u00e9petl registr\u00f3 una explosi\u00f3n de vapor de agua y gas, con bajo contenido de ceniza que alcanz\u00f3 una altura de 1,000 metros en direcci\u00f3n sureste de Puebla; aunque el Sem\u00e1foro de Alerta Volc\u00e1nica permanece en Amarillo fase 3 y las autoridades se mantienen en permanente monitoreo de la actividad del volc\u00e1n.<\/p>\n\n\n\n<p>Tambi\u00e9n, se inform\u00f3 que ayer se continuaron los recorridos por las rutas de evacuaci\u00f3n para evaluar las condiciones en que estas se encuentran para garantizar que sean transitables; adem\u00e1s, de que se reunieron con el titular y personal de Protecci\u00f3n Civil de Puebla para dar seguimiento a las acciones de prevenci\u00f3n ante la actividad volc\u00e1nica y con autoridades municipales para coordinar las acciones establecidas en el Plan Operativo para el volc\u00e1n.<\/p>\n\n\n\n<p>El gobernador poblano Sergio Salom\u00f3n C\u00e9spedes inform\u00f3 que, derivado de la emisi\u00f3n de ceniza, se hab\u00edan presentado 195 casos de padecimientos en 84 unidades m\u00e9dicas, que se encuentran en la l\u00ednea de riesgo de la franja Izta-Popo.<\/p>\n\n\n\n<p>De estas, 42 personas hab\u00edan sido atendidas por rinitis al\u00e9rgica, 133 por laringitis, 16 que presentaron casos de conjuntivitis y una persona por un caso de dermatitis por contacto con las cenizas.<\/p>\n\n\n\n<p>Adem\u00e1s, en los Centros de Atenci\u00f3n de Emergencia Volc\u00e1nica se realizaron 15 consultas, de las cuales 10 fueron pedi\u00e1tricas. Tambi\u00e9n se inform\u00f3 sobre la ampliaci\u00f3n de los servicios de salud en los municipios de Mart\u00edn Texmelucan y Huejotzingo.<\/p>\n\n\n\n<p>De igual modo, se descart\u00f3 la implementaci\u00f3n del Hoy No Circula debido a que la calidad del aire hab\u00eda mejorado. Y el Aeropuerto Internacional Hermanos Serd\u00e1n reanud\u00f3 operaciones normales durante las primeras horas de ayer.<\/p>\n\n\n\n<h2 class=\"wp-block-heading\">De vuelta a clases<\/h2>\n\n\n\n<p>Por otro lado, el Gobierno de Tlaxcala inform\u00f3 que debido a los reportes de mejora en la calidad del aire, por parte de Protecci\u00f3n Civil de la entidad, y el bajo contenido de ceniza, regresan a clases presenciales siete municipios (Papalotla de Xicoht\u00e9ncatl, Zacatelco, Nativitas, Tepetitla de Lardiz\u00e1bal Xicohtzinco, Tenancingo y San Pablo del Monte).<\/p>\n\n\n\n<p>En Morelos, el gobernador Cuauht\u00e9moc Blanco se reuni\u00f3 este martes con los miembros de su gabinete para dar seguimiento a los trabajos del Plan Fuerza Tarea Popocat\u00e9petl, derivado del cambio en el Sem\u00e1foro a amarillo fase 3.<\/p>\n\n\n\n<p>Nos mantenemos atentos y coordinando acciones entre todas las dependencias del Ejecutivo en caso de que haya aumento en la actividad\u201d, asegur\u00f3 el gobernador en sus redes sociales.<\/p>\n\n\n\n<p>Por otro lado, el Centro Nacional de Prevenci\u00f3n de Desastres inform\u00f3 que, en las \u00faltimas 24 horas, el Popocat\u00e9petl hab\u00eda presentado 22 exhalaciones y 1,234 minutos de tremor; esto signific\u00f3 17 exhalaciones m\u00e1s, pero 155 minutos menos de tremor que el reporte anterior del 22 de mayo.<\/p>\n\n\n\n<p><a href=\"mailto:politica@eleconomista.mx\">politica@eleconomista.mx<\/a><\/p>\n\n\n\n<p>Fuente: <a href=\"https:\/\/www.eleconomista.com.mx\/politica\/Registran-195-casos-de-enfermedades-por-ceniza-20230523-0120.html\">https:\/\/www.eleconomista.com.mx\/politica\/Registran-195-casos-de-enfermedades-por-ceniza-20230523-0120.html<\/a><\/p>\n","protected":false},"excerpt":{"rendered":"<p>Aunque el Sem\u00e1foro de Alerta Volc\u00e1nica permanece en Amarillo fase 3 y las autoridades se mantienen en permanente monitoreo de [&hellip;]<\/p>\n","protected":false},"author":1,"featured_media":52005,"comment_status":"open","ping_status":"open","sticky":false,"template":"","format":"standard","meta":{"site-sidebar-layout":"default","site-content-layout":"","ast-site-content-layout":"default","site-content-style":"default","site-sidebar-style":"default","ast-global-header-display":"","ast-banner-title-visibility":"","ast-main-header-display":"","ast-hfb-above-header-display":"","ast-hfb-below-header-display":"","ast-hfb-mobile-header-display":"","site-post-title":"","ast-breadcrumbs-content":"","ast-featured-img":"","footer-sml-layout":"","theme-transparent-header-meta":"","adv-header-id-meta":"","stick-header-meta":"","header-above-stick-meta":"","header-main-stick-meta":"","header-below-stick-meta":"","astra-migrate-meta-layouts":"default","ast-page-background-enabled":"default","ast-page-background-meta":{"desktop":{"background-color":"var(--ast-global-color-4)","background-image":"","background-repeat":"repeat","background-position":"center center","background-size":"auto","background-attachment":"scroll","background-type":"","background-media":"","overlay-type":"","overlay-color":"","overlay-opacity":"","overlay-gradient":""},"tablet":{"background-color":"","background-image":"","background-repeat":"repeat","background-position":"center center","background-size":"auto","background-attachment":"scroll","background-type":"","background-media":"","overlay-type":"","overlay-color":"","overlay-opacity":"","overlay-gradient":""},"mobile":{"background-color":"","background-image":"","background-repeat":"repeat","background-position":"center center","background-size":"auto","background-attachment":"scroll","background-type":"","background-media":"","overlay-type":"","overlay-color":"","overlay-opacity":"","overlay-gradient":""}},"ast-content-background-meta":{"desktop":{"background-color":"var(--ast-global-color-5)","background-image":"","background-repeat":"repeat","background-position":"center center","background-size":"auto","background-attachment":"scroll","background-type":"","background-media":"","overlay-type":"","overlay-color":"","overlay-opacity":"","overlay-gradient":""},"tablet":{"background-color":"var(--ast-global-color-5)","background-image":"","background-repeat":"repeat","background-position":"center center","background-size":"auto","background-attachment":"scroll","background-type":"","background-media":"","overlay-type":"","overlay-color":"","overlay-opacity":"","overlay-gradient":""},"mobile":{"background-color":"var(--ast-global-color-5)","background-image":"","background-repeat":"repeat","background-position":"center center","background-size":"auto","background-attachment":"scroll","background-type":"","background-media":"","overlay-type":"","overlay-color":"","overlay-opacity":"","overlay-gradient":""}},"footnotes":""},"categories":[8],"tags":[16587,16586],"class_list":["post-52004","post","type-post","status-publish","format-standard","has-post-thumbnail","hentry","category-noticias","tag-afectaciones-a-personas","tag-ceniza-volcanica"],"_links":{"self":[{"href":"https:\/\/losperiodistas.com.mx\/portal\/wp-json\/wp\/v2\/posts\/52004","targetHints":{"allow":["GET"]}}],"collection":[{"href":"https:\/\/losperiodistas.com.mx\/portal\/wp-json\/wp\/v2\/posts"}],"about":[{"href":"https:\/\/losperiodistas.com.mx\/portal\/wp-json\/wp\/v2\/types\/post"}],"author":[{"embeddable":true,"href":"https:\/\/losperiodistas.com.mx\/portal\/wp-json\/wp\/v2\/users\/1"}],"replies":[{"embeddable":true,"href":"https:\/\/losperiodistas.com.mx\/portal\/wp-json\/wp\/v2\/comments?post=52004"}],"version-history":[{"count":1,"href":"https:\/\/losperiodistas.com.mx\/portal\/wp-json\/wp\/v2\/posts\/52004\/revisions"}],"predecessor-version":[{"id":52006,"href":"https:\/\/losperiodistas.com.mx\/portal\/wp-json\/wp\/v2\/posts\/52004\/revisions\/52006"}],"wp:featuredmedia":[{"embeddable":true,"href":"https:\/\/losperiodistas.com.mx\/portal\/wp-json\/wp\/v2\/media\/52005"}],"wp:attachment":[{"href":"https:\/\/losperiodistas.com.mx\/portal\/wp-json\/wp\/v2\/media?parent=52004"}],"wp:term":[{"taxonomy":"category","embeddable":true,"href":"https:\/\/losperiodistas.com.mx\/portal\/wp-json\/wp\/v2\/categories?post=52004"},{"taxonomy":"post_tag","embeddable":true,"href":"https:\/\/losperiodistas.com.mx\/portal\/wp-json\/wp\/v2\/tags?post=52004"}],"curies":[{"name":"wp","href":"https:\/\/api.w.org\/{rel}","templated":true}]}}