{"id":52001,"date":"2023-05-24T07:49:26","date_gmt":"2023-05-24T12:49:26","guid":{"rendered":"http:\/\/losperiodistas.com.mx\/portal\/?p=52001"},"modified":"2023-05-24T07:49:27","modified_gmt":"2023-05-24T12:49:27","slug":"volcan-popocatepetl-hoy-24-de-mayo-continuan-tremores-y-expulsion-de-fragmentos-incandescentes-infobae","status":"publish","type":"post","link":"https:\/\/losperiodistas.com.mx\/portal\/volcan-popocatepetl-hoy-24-de-mayo-continuan-tremores-y-expulsion-de-fragmentos-incandescentes-infobae\/","title":{"rendered":"Volc\u00e1n Popocat\u00e9petl hoy 24 de mayo: contin\u00faan tremores y expulsi\u00f3n de fragmentos incandescentes | Infobae"},"content":{"rendered":"\n<h2 class=\"has-black-color has-luminous-vivid-amber-background-color has-text-color has-background has-medium-font-size wp-block-heading\">Se recomienda a la poblaci\u00f3n evitar las actividades al aire libre para reducir su exposici\u00f3n a los materiales expulsados por \u201cDon Goyo\u201d<\/h2>\n\n\n\n<figure class=\"wp-block-image size-large is-style-default\"><img fetchpriority=\"high\" decoding=\"async\" width=\"1024\" height=\"537\" src=\"https:\/\/losperiodistas.com.mx\/portal\/wp-content\/uploads\/2023\/05\/Captura-de-Pantalla-2023-05-24-a-las-6.42.54-1024x537.jpg\" alt=\"\" class=\"wp-image-52002\" srcset=\"https:\/\/losperiodistas.com.mx\/portal\/wp-content\/uploads\/2023\/05\/Captura-de-Pantalla-2023-05-24-a-las-6.42.54-1024x537.jpg 1024w, https:\/\/losperiodistas.com.mx\/portal\/wp-content\/uploads\/2023\/05\/Captura-de-Pantalla-2023-05-24-a-las-6.42.54-300x157.jpg 300w, https:\/\/losperiodistas.com.mx\/portal\/wp-content\/uploads\/2023\/05\/Captura-de-Pantalla-2023-05-24-a-las-6.42.54-768x403.jpg 768w, https:\/\/losperiodistas.com.mx\/portal\/wp-content\/uploads\/2023\/05\/Captura-de-Pantalla-2023-05-24-a-las-6.42.54-1536x806.jpg 1536w, https:\/\/losperiodistas.com.mx\/portal\/wp-content\/uploads\/2023\/05\/Captura-de-Pantalla-2023-05-24-a-las-6.42.54.jpg 1590w\" sizes=\"(max-width: 1024px) 100vw, 1024px\" \/><\/figure>\n\n\n\n<p><\/p>\n\n\n\n<p><\/p>\n\n\n\n<p class=\"has-vivid-red-color has-text-color has-medium-font-size\"><strong>REDACCI\u00d3N INFOBAE M\u00c9XICO<\/strong><\/p>\n\n\n\n<p><strong>06:17\u00a0hs HOY<\/strong><\/p>\n\n\n\n<h2 class=\"wp-block-heading\">Vista del volc\u00e1n Popocat\u00e9petl en vivo<\/h2>\n\n\n\n<figure class=\"wp-block-embed is-type-video is-provider-youtube wp-block-embed-youtube wp-embed-aspect-4-3 wp-has-aspect-ratio\"><div class=\"wp-block-embed__wrapper\">\n<iframe title=\"Volc\u00e1n Popocat\u00e9petl En Vivo | Vista Tianguismanalco, Puebla\" width=\"500\" height=\"375\" src=\"https:\/\/www.youtube.com\/embed\/K8kBTFR04uk?feature=oembed\" frameborder=\"0\" allow=\"accelerometer; autoplay; clipboard-write; encrypted-media; gyroscope; picture-in-picture; web-share\" referrerpolicy=\"strict-origin-when-cross-origin\" allowfullscreen><\/iframe>\n<\/div><\/figure>\n\n\n\n<h2 class=\"wp-block-heading\">La ceniza del Popocat\u00e9petl en otros estados<\/h2>\n\n\n\n<p>Reportes del\u00a0<strong>Centro de Avisos de Ceniza Volc\u00e1nica de Washington, D.C.\u00a0<\/strong>(VAAC, por sus siglas en ingl\u00e9s), detallaron que debido al comportamiento del viento, las cenizas de \u201cDon Goyo\u201d continuar\u00e1n su desplazamiento hacia el sureste del pa\u00eds.<\/p>\n\n\n\n<figure class=\"wp-block-embed is-type-rich is-provider-twitter wp-block-embed-twitter\"><div class=\"wp-block-embed__wrapper\">\n<blockquote class=\"twitter-tweet\" data-width=\"500\" data-dnt=\"true\"><p lang=\"en\" dir=\"ltr\">Updated ash advisory for <a href=\"https:\/\/twitter.com\/hashtag\/Popocatepetl?src=hash&amp;ref_src=twsrc%5Etfw\">#Popocatepetl<\/a> in <a href=\"https:\/\/twitter.com\/hashtag\/Mexico?src=hash&amp;ref_src=twsrc%5Etfw\">#Mexico<\/a> <a href=\"https:\/\/t.co\/k8TycveJXa\">https:\/\/t.co\/k8TycveJXa<\/a> <a href=\"https:\/\/t.co\/ombwTrfBMv\">pic.twitter.com\/ombwTrfBMv<\/a><\/p>&mdash; Washington VAAC (@WashVAAC) <a href=\"https:\/\/twitter.com\/WashVAAC\/status\/1661336351705567240?ref_src=twsrc%5Etfw\">May 24, 2023<\/a><\/blockquote><script async src=\"https:\/\/platform.twitter.com\/widgets.js\" charset=\"utf-8\"><\/script>\n<\/div><\/figure>\n\n\n\n<h2 class=\"wp-block-heading\">5:34<\/h2>\n\n\n\n<h2 class=\"wp-block-heading\">\u00bfPor qu\u00e9 aument\u00f3 la actividad de \u201cDon Goyo\u201d?<\/h2>\n\n\n\n<p>Informaci\u00f3n proporcionada por el director del Cenapred, y compartida por<em>\u00a0Aristegui Noticias,<\/em>\u00a0detall\u00f3 que el incremento de la actividad de este volc\u00e1n a partir del 19 de mayo se debi\u00f3 al\u00a0<strong>movimiento de magma en el interior de los conductos<\/strong>\u00a0de la estructura.<\/p>\n\n\n\n<h2 class=\"wp-block-heading\">2:45<\/h2>\n\n\n\n<h2 class=\"wp-block-heading\">Los tres posibles escenarios que podr\u00eda presentar \u201cDon Goyo\u201d<\/h2>\n\n\n\n<p><strong>Enrique Guevara Ortiz,<\/strong>&nbsp;director del Cenapred, explic\u00f3 en una entrevista con&nbsp;<em>Aristegui Noticias<\/em>&nbsp;que, con base en el monitoreo del comportamiento reciente del Popocat\u00e9petl, hay tres posibles futuros respecto a la actividad volc\u00e1nica:<\/p>\n\n\n\n<p>&#8211; El primero y m\u00e1s favorable ser\u00eda una<strong>&nbsp;progresiva reducci\u00f3n en la actividad&nbsp;<\/strong>que llevar\u00eda al cr\u00e1ter a un periodo de reposo.<\/p>\n\n\n\n<p>&#8211; El segundo es que \u201cDon Goyo\u201d mantenga una actividad efusiva con algunas explosiones, como ha ocurrido en fechas recientes.<\/p>\n\n\n\n<p>&#8211; Finalmente, el escenario m\u00e1s catastr\u00f3fico (pero menos probable) ser\u00eda un incremento en la actividad, lo cual podr\u00eda orillar a las autoridades a modificar el estado de alerta volc\u00e1nica.<\/p>\n\n\n\n<p><strong>2:19<\/strong><\/p>\n\n\n\n<p>La Coordinaci\u00f3n Nacional de Protecci\u00f3n Civil (<strong>CNPC<\/strong>) inform\u00f3 que, desde las 00:50 hrs. de este 24 de mayo, la actividad volc\u00e1nica de \u201cDon Goyo\u201d ocasion\u00f3 un tremor de baja amplitud, acompa\u00f1ado de la expulsi\u00f3n de fragmentos incandescentes.<\/p>\n\n\n\n<p>Aunado a ello, se detect\u00f3 emisi\u00f3n constante de vapor de agua y gas, con bajo contenido de ceniza en direcci\u00f3n al sureste.<img decoding=\"async\" height=\"600\" width=\"800\" srcset=\"https:\/\/www.infobae.com\/new-resizer\/jp9CWROrI_hF1OgT9yBg9oWWSwU=\/420x315\/filters:format(webp):quality(85)\/cloudfront-us-east-1.images.arcpublishing.com\/infobae\/HGXLREPVBRADTO5E6VXGCE5IRM.jpg 420w,https:\/\/www.infobae.com\/new-resizer\/vTDzrfMrJEfonKsRnxYXTRo7Xw4=\/768x576\/filters:format(webp):quality(85)\/cloudfront-us-east-1.images.arcpublishing.com\/infobae\/HGXLREPVBRADTO5E6VXGCE5IRM.jpg 768w,https:\/\/www.infobae.com\/new-resizer\/r_d8AA5G41WnXHqkGeazMgPl7iY=\/992x744\/filters:format(webp):quality(85)\/cloudfront-us-east-1.images.arcpublishing.com\/infobae\/HGXLREPVBRADTO5E6VXGCE5IRM.jpg 992w,https:\/\/www.infobae.com\/new-resizer\/eG6c3PfQ5okTWoyeKwhBdW-XZiI=\/1200x900\/filters:format(webp):quality(85)\/cloudfront-us-east-1.images.arcpublishing.com\/infobae\/HGXLREPVBRADTO5E6VXGCE5IRM.jpg 1200w,https:\/\/www.infobae.com\/new-resizer\/7R9HJpSmWc1Vgu2caSZbjwPKMUs=\/1440x1080\/filters:format(webp):quality(85)\/cloudfront-us-east-1.images.arcpublishing.com\/infobae\/HGXLREPVBRADTO5E6VXGCE5IRM.jpg 1440w\" class=\"\" src=\"https:\/\/cloudfront-us-east-1.images.arcpublishing.com\/infobae\/HGXLREPVBRADTO5E6VXGCE5IRM.jpg\" alt=\"(Twitter\/CNPC_MX)\">(Twitter\/CNPC_MX)<\/p>\n\n\n\n<h2 class=\"wp-block-heading\">1:14<\/h2>\n\n\n\n<h2 class=\"wp-block-heading\">Puebla \u201cest\u00e1 lista\u201d para una posible contingencia por \u201cDon Goyo\u201d<\/h2>\n\n\n\n<p>En una entrevista con N+, el gobernador<strong>&nbsp;Sergio Salom\u00f3n C\u00e9spedes<\/strong>&nbsp;consider\u00f3 que tanto las autoridades como la poblaci\u00f3n del estado est\u00e1n preparadas para enfrentar alguna emergencia que pudiera ser causada por el \u201cPopo\u201d.<\/p>\n\n\n\n<p>\u201cNunca sabremos cu\u00e1l puede ser la magnitud, peo estamos ya preparados para poder atacar las diferentes etapas de una&nbsp;<strong>posible contingencia de erupci\u00f3n<\/strong>\u201d, explic\u00f3 el mandatario.00:19&nbsp;hsHOY<\/p>\n\n\n\n<p><strong>0:19<\/strong><\/p>\n\n\n\n<p>Los \u00faltimos reportes del Centro Nacional de Prevenci\u00f3n de Desastres (<strong>Cenapred<\/strong>) detallaron que, debido a las condiciones meteorol\u00f3gicas durante la noche del 23 de mayo y los primeros minutos del d\u00eda 24, la visibilidad hacia el Popocat\u00e9petl ha estado obstaculizada, aunque se ha podido observar una emisi\u00f3n de vapor y gas con bajo contenido de ceniza.<\/p>\n\n\n\n<p>Fuente: <a href=\"https:\/\/www.infobae.com\/mexico\/2023\/05\/24\/volcan-popocatepetl-hoy-24-de-mayo-se-mantiene-alerta-amarilla-fase-3-ante-caida-de-ceniza\/\">https:\/\/www.infobae.com\/mexico\/2023\/05\/24\/volcan-popocatepetl-hoy-24-de-mayo-se-mantiene-alerta-amarilla-fase-3-ante-caida-de-ceniza\/<\/a><\/p>\n","protected":false},"excerpt":{"rendered":"<p>Se recomienda a la poblaci\u00f3n evitar las actividades al aire libre para reducir su exposici\u00f3n a los materiales expulsados por [&hellip;]<\/p>\n","protected":false},"author":1,"featured_media":52002,"comment_status":"open","ping_status":"open","sticky":false,"template":"","format":"standard","meta":{"site-sidebar-layout":"default","site-content-layout":"","ast-site-content-layout":"default","site-content-style":"default","site-sidebar-style":"default","ast-global-header-display":"","ast-banner-title-visibility":"","ast-main-header-display":"","ast-hfb-above-header-display":"","ast-hfb-below-header-display":"","ast-hfb-mobile-header-display":"","site-post-title":"","ast-breadcrumbs-content":"","ast-featured-img":"","footer-sml-layout":"","theme-transparent-header-meta":"","adv-header-id-meta":"","stick-header-meta":"","header-above-stick-meta":"","header-main-stick-meta":"","header-below-stick-meta":"","astra-migrate-meta-layouts":"default","ast-page-background-enabled":"default","ast-page-background-meta":{"desktop":{"background-color":"var(--ast-global-color-4)","background-image":"","background-repeat":"repeat","background-position":"center center","background-size":"auto","background-attachment":"scroll","background-type":"","background-media":"","overlay-type":"","overlay-color":"","overlay-opacity":"","overlay-gradient":""},"tablet":{"background-color":"","background-image":"","background-repeat":"repeat","background-position":"center center","background-size":"auto","background-attachment":"scroll","background-type":"","background-media":"","overlay-type":"","overlay-color":"","overlay-opacity":"","overlay-gradient":""},"mobile":{"background-color":"","background-image":"","background-repeat":"repeat","background-position":"center center","background-size":"auto","background-attachment":"scroll","background-type":"","background-media":"","overlay-type":"","overlay-color":"","overlay-opacity":"","overlay-gradient":""}},"ast-content-background-meta":{"desktop":{"background-color":"var(--ast-global-color-5)","background-image":"","background-repeat":"repeat","background-position":"center center","background-size":"auto","background-attachment":"scroll","background-type":"","background-media":"","overlay-type":"","overlay-color":"","overlay-opacity":"","overlay-gradient":""},"tablet":{"background-color":"var(--ast-global-color-5)","background-image":"","background-repeat":"repeat","background-position":"center center","background-size":"auto","background-attachment":"scroll","background-type":"","background-media":"","overlay-type":"","overlay-color":"","overlay-opacity":"","overlay-gradient":""},"mobile":{"background-color":"var(--ast-global-color-5)","background-image":"","background-repeat":"repeat","background-position":"center center","background-size":"auto","background-attachment":"scroll","background-type":"","background-media":"","overlay-type":"","overlay-color":"","overlay-opacity":"","overlay-gradient":""}},"footnotes":""},"categories":[8],"tags":[16585,16584],"class_list":["post-52001","post","type-post","status-publish","format-standard","has-post-thumbnail","hentry","category-noticias","tag-mayo-24-2023","tag-popocatepetl-actividad"],"_links":{"self":[{"href":"https:\/\/losperiodistas.com.mx\/portal\/wp-json\/wp\/v2\/posts\/52001","targetHints":{"allow":["GET"]}}],"collection":[{"href":"https:\/\/losperiodistas.com.mx\/portal\/wp-json\/wp\/v2\/posts"}],"about":[{"href":"https:\/\/losperiodistas.com.mx\/portal\/wp-json\/wp\/v2\/types\/post"}],"author":[{"embeddable":true,"href":"https:\/\/losperiodistas.com.mx\/portal\/wp-json\/wp\/v2\/users\/1"}],"replies":[{"embeddable":true,"href":"https:\/\/losperiodistas.com.mx\/portal\/wp-json\/wp\/v2\/comments?post=52001"}],"version-history":[{"count":1,"href":"https:\/\/losperiodistas.com.mx\/portal\/wp-json\/wp\/v2\/posts\/52001\/revisions"}],"predecessor-version":[{"id":52003,"href":"https:\/\/losperiodistas.com.mx\/portal\/wp-json\/wp\/v2\/posts\/52001\/revisions\/52003"}],"wp:featuredmedia":[{"embeddable":true,"href":"https:\/\/losperiodistas.com.mx\/portal\/wp-json\/wp\/v2\/media\/52002"}],"wp:attachment":[{"href":"https:\/\/losperiodistas.com.mx\/portal\/wp-json\/wp\/v2\/media?parent=52001"}],"wp:term":[{"taxonomy":"category","embeddable":true,"href":"https:\/\/losperiodistas.com.mx\/portal\/wp-json\/wp\/v2\/categories?post=52001"},{"taxonomy":"post_tag","embeddable":true,"href":"https:\/\/losperiodistas.com.mx\/portal\/wp-json\/wp\/v2\/tags?post=52001"}],"curies":[{"name":"wp","href":"https:\/\/api.w.org\/{rel}","templated":true}]}}