{"id":51998,"date":"2023-05-24T07:40:29","date_gmt":"2023-05-24T12:40:29","guid":{"rendered":"http:\/\/losperiodistas.com.mx\/portal\/?p=51998"},"modified":"2023-05-24T07:40:31","modified_gmt":"2023-05-24T12:40:31","slug":"grupo-mexico-y-amlo-llegan-a-acuerdo-sobre-las-vias-de-ferrosur-la-lista","status":"publish","type":"post","link":"https:\/\/losperiodistas.com.mx\/portal\/grupo-mexico-y-amlo-llegan-a-acuerdo-sobre-las-vias-de-ferrosur-la-lista\/","title":{"rendered":"Grupo M\u00e9xico y AMLO llegan a acuerdo sobre las v\u00edas de Ferrosur | La-Lista"},"content":{"rendered":"\n<p class=\"has-background has-medium-font-size\" style=\"background-color:#c5efb8\">Grupo M\u00e9xico y el presidente AMLO llegaron a un acuerdo, luego del decreto que dio la toma temporal de tramos f\u00e9rreos por parte de la Semar.<\/p>\n\n\n\n<p><\/p>\n\n\n\n<figure class=\"wp-block-image size-large is-style-default\"><img fetchpriority=\"high\" decoding=\"async\" width=\"1024\" height=\"634\" src=\"https:\/\/losperiodistas.com.mx\/portal\/wp-content\/uploads\/2023\/05\/Captura-de-Pantalla-2023-05-24-a-las-6.35.09-1024x634.jpg\" alt=\"\" class=\"wp-image-51999\" srcset=\"https:\/\/losperiodistas.com.mx\/portal\/wp-content\/uploads\/2023\/05\/Captura-de-Pantalla-2023-05-24-a-las-6.35.09-1024x634.jpg 1024w, https:\/\/losperiodistas.com.mx\/portal\/wp-content\/uploads\/2023\/05\/Captura-de-Pantalla-2023-05-24-a-las-6.35.09-300x186.jpg 300w, https:\/\/losperiodistas.com.mx\/portal\/wp-content\/uploads\/2023\/05\/Captura-de-Pantalla-2023-05-24-a-las-6.35.09-768x476.jpg 768w, https:\/\/losperiodistas.com.mx\/portal\/wp-content\/uploads\/2023\/05\/Captura-de-Pantalla-2023-05-24-a-las-6.35.09-1536x952.jpg 1536w, https:\/\/losperiodistas.com.mx\/portal\/wp-content\/uploads\/2023\/05\/Captura-de-Pantalla-2023-05-24-a-las-6.35.09-2048x1269.jpg 2048w\" sizes=\"(max-width: 1024px) 100vw, 1024px\" \/><figcaption>Las acciones de Grupo M\u00e9xico reportan bajas en la BMV. Foto: Grupo M\u00e9xico<\/figcaption><\/figure>\n\n\n\n<p class=\"has-vivid-red-color has-text-color has-medium-font-size\"><strong>REDACCI\u00d3N LA-LISTA<\/strong><\/p>\n\n\n\n<p>Grupo M\u00e9xico y el presidente Andr\u00e9s Manuel L\u00f3pez Obrador (AMLO) llegaron a un acuerdo, luego del decreto que dio la toma temporal de tramos f\u00e9rreos de Ferrosur por parte de la Secretar\u00eda de Marina (Semar)<\/p>\n\n\n\n<p>El diario\u00a0<em><a href=\"https:\/\/www.milenio.com\/negocios\/grupo-mexico-amlo-logran-vias-ferrosur\" target=\"_blank\" rel=\"noreferrer noopener\">Milenio<\/a><\/em>\u00a0destac\u00f3 que la reuni\u00f3n, entre el sector privado y la administraci\u00f3n actual, fue calificada como \u201cmuy buena, mejor de lo esperado\u201d.<\/p>\n\n\n\n<p class=\"has-cyan-bluish-gray-background-color has-background\">No te pierdas:<a href=\"https:\/\/la-lista.com\/la-lista-labs\/2023\/05\/22\/que-hace-el-grupo-especializado-de-apoyo-a-la-busqueda-inmediata-geabi-de-la-ssc-cdmx\">Qu\u00e9 hace el Grupo Especializado de Apoyo a la B\u00fasqueda Inmediata GEABI de la SSC CDMX<\/a><\/p>\n\n\n\n<p>Los detalles sobre el acuerdo entre Grupo M\u00e9xico y el presidente AMLO se dar\u00e1n a conocer por ambas partes el mi\u00e9rcoles 24 de mayo.<\/p>\n\n\n\n<p>Durante su conferencia de prensa matutina del 22 de mayo, L\u00f3pez Obrador relat\u00f3 que si los elementos de la Marina entraron a los tramos fue para \u201ccuidar que no haya un sabotaje y que nos culpen, pero no es para que se detengan las operaciones. Est\u00e1n operando, eso tambi\u00e9n informarlo\u201d.<\/p>\n\n\n\n<p>Anteriormente Grupo M\u00e9xico asegur\u00f3 que la toma de tramos f\u00e9rreos por parte del gobierno de M\u00e9xico puede afectar al libre mercado, a la empresa y a sus trabajadores, si se convierte en definitiva y no se alcanza un acuerdo.<\/p>\n\n\n\n<figure class=\"wp-block-image is-style-default\"><img decoding=\"async\" src=\"https:\/\/i0.wp.com\/la-lista.com\/wp-content\/uploads\/2023\/05\/tramo-ferrero-grupo-mexico.jpeg?resize=800%2C531&amp;ssl=1\" alt=\"Grupo M\u00e9xico y AMLO llegan a acuerdo sobre las v\u00edas de Ferrosur - tramo-ferrero-grupo-mexico\" class=\"wp-image-412688\"\/><figcaption>Un tramo f\u00e9rreo ha elevado la tensi\u00f3n entre el gobierno federal y Grupo M\u00e9xico. Foto: Cuartoscuro<\/figcaption><\/figure>\n\n\n\n<p>El pasado 19 de mayo, el presidente Andr\u00e9s Manuel L\u00f3pez Obrador, a trav\u00e9s de la Secretar\u00eda de Marina, declar\u00f3 de utilidad p\u00fablica tres tramos ferroviarios pertenecientes a Ferrosur a favor de Ferrocarril del Istmo de Tehuantepec, S.A. de C.V., con el fin de integrarlos al Corredor Interoce\u00e1nico del Istmo de Tehuantepec.<\/p>\n\n\n\n<p>\u201cDe no llegar a un acuerdo en la negaci\u00f3n, la ocupaci\u00f3n temporal se convertir\u00e1 en definitiva, en deterioro de la empresa, sus empleados, clientes y del libre mercado\u201d, puntualiz\u00f3 la compa\u00f1\u00eda en un comunicado.<\/p>\n\n\n\n<p class=\"has-cyan-bluish-gray-background-color has-background\">No te pierdas:<a href=\"https:\/\/la-lista.com\/economia\/2023\/05\/22\/la-bolsa-mexicana-de-valores-cae-1-53-afectada-por-grupo-mexico\">La Bolsa Mexicana de Valores cae 1.53%, afectada por Grupo M\u00e9xico<\/a><\/p>\n\n\n\n<p>Grupo M\u00e9xico asegur\u00f3 que la toma de los tramos f\u00e9rreos los tom\u00f3 por sorpresa, pues ese mismo d\u00eda \u201cestaban agendas reuniones de trabajo entre las partes para avanzar en la negociaci\u00f3n\u201d, y lament\u00f3 que actualmente las negaciones se encuentren en un punto dif\u00edcil.\u00a0<\/p>\n\n\n\n<p>La empresa propiedad de Germ\u00e1n Larrea adelant\u00f3 que contin\u00faa con el an\u00e1lisis de los alcances y decreto de ocupaci\u00f3n, \u201c a fin de determinar las acciones que se deba emprender\u201d.<\/p>\n\n\n\n<p>Grupo M\u00e9xico record\u00f3 que en 2022 firmaron un acuerdo con las secretar\u00edas de Gobernaci\u00f3n y de Comunicaciones y Transportes sobre el tramo f\u00e9rreo que va de Coatzacoalcos a Medias Aguas, con el fin de que la compa\u00f1\u00eda construyera una v\u00eda independiente que ser\u00eda operada por la Secretar\u00eda de Marina.\u00a0<\/p>\n\n\n\n<p>Fuente: <a href=\"https:\/\/la-lista.com\/mexico\/2023\/05\/23\/grupo-mexico-y-amlo-llegan-a-acuerdo-sobre-las-vias-de-ferrosur\">https:\/\/la-lista.com\/mexico\/2023\/05\/23\/grupo-mexico-y-amlo-llegan-a-acuerdo-sobre-las-vias-de-ferrosur<\/a><\/p>\n","protected":false},"excerpt":{"rendered":"<p>Grupo M\u00e9xico y el presidente AMLO llegaron a un acuerdo, luego del decreto que dio la toma temporal de tramos [&hellip;]<\/p>\n","protected":false},"author":1,"featured_media":51999,"comment_status":"open","ping_status":"open","sticky":false,"template":"","format":"standard","meta":{"site-sidebar-layout":"default","site-content-layout":"","ast-site-content-layout":"default","site-content-style":"default","site-sidebar-style":"default","ast-global-header-display":"","ast-banner-title-visibility":"","ast-main-header-display":"","ast-hfb-above-header-display":"","ast-hfb-below-header-display":"","ast-hfb-mobile-header-display":"","site-post-title":"","ast-breadcrumbs-content":"","ast-featured-img":"","footer-sml-layout":"","theme-transparent-header-meta":"","adv-header-id-meta":"","stick-header-meta":"","header-above-stick-meta":"","header-main-stick-meta":"","header-below-stick-meta":"","astra-migrate-meta-layouts":"default","ast-page-background-enabled":"default","ast-page-background-meta":{"desktop":{"background-color":"var(--ast-global-color-4)","background-image":"","background-repeat":"repeat","background-position":"center center","background-size":"auto","background-attachment":"scroll","background-type":"","background-media":"","overlay-type":"","overlay-color":"","overlay-opacity":"","overlay-gradient":""},"tablet":{"background-color":"","background-image":"","background-repeat":"repeat","background-position":"center center","background-size":"auto","background-attachment":"scroll","background-type":"","background-media":"","overlay-type":"","overlay-color":"","overlay-opacity":"","overlay-gradient":""},"mobile":{"background-color":"","background-image":"","background-repeat":"repeat","background-position":"center center","background-size":"auto","background-attachment":"scroll","background-type":"","background-media":"","overlay-type":"","overlay-color":"","overlay-opacity":"","overlay-gradient":""}},"ast-content-background-meta":{"desktop":{"background-color":"var(--ast-global-color-5)","background-image":"","background-repeat":"repeat","background-position":"center center","background-size":"auto","background-attachment":"scroll","background-type":"","background-media":"","overlay-type":"","overlay-color":"","overlay-opacity":"","overlay-gradient":""},"tablet":{"background-color":"var(--ast-global-color-5)","background-image":"","background-repeat":"repeat","background-position":"center center","background-size":"auto","background-attachment":"scroll","background-type":"","background-media":"","overlay-type":"","overlay-color":"","overlay-opacity":"","overlay-gradient":""},"mobile":{"background-color":"var(--ast-global-color-5)","background-image":"","background-repeat":"repeat","background-position":"center center","background-size":"auto","background-attachment":"scroll","background-type":"","background-media":"","overlay-type":"","overlay-color":"","overlay-opacity":"","overlay-gradient":""}},"footnotes":""},"categories":[8],"tags":[199,16565,13905],"class_list":["post-51998","post","type-post","status-publish","format-standard","has-post-thumbnail","hentry","category-noticias","tag-amlo","tag-ferrosur","tag-grupo-mexico"],"_links":{"self":[{"href":"https:\/\/losperiodistas.com.mx\/portal\/wp-json\/wp\/v2\/posts\/51998","targetHints":{"allow":["GET"]}}],"collection":[{"href":"https:\/\/losperiodistas.com.mx\/portal\/wp-json\/wp\/v2\/posts"}],"about":[{"href":"https:\/\/losperiodistas.com.mx\/portal\/wp-json\/wp\/v2\/types\/post"}],"author":[{"embeddable":true,"href":"https:\/\/losperiodistas.com.mx\/portal\/wp-json\/wp\/v2\/users\/1"}],"replies":[{"embeddable":true,"href":"https:\/\/losperiodistas.com.mx\/portal\/wp-json\/wp\/v2\/comments?post=51998"}],"version-history":[{"count":1,"href":"https:\/\/losperiodistas.com.mx\/portal\/wp-json\/wp\/v2\/posts\/51998\/revisions"}],"predecessor-version":[{"id":52000,"href":"https:\/\/losperiodistas.com.mx\/portal\/wp-json\/wp\/v2\/posts\/51998\/revisions\/52000"}],"wp:featuredmedia":[{"embeddable":true,"href":"https:\/\/losperiodistas.com.mx\/portal\/wp-json\/wp\/v2\/media\/51999"}],"wp:attachment":[{"href":"https:\/\/losperiodistas.com.mx\/portal\/wp-json\/wp\/v2\/media?parent=51998"}],"wp:term":[{"taxonomy":"category","embeddable":true,"href":"https:\/\/losperiodistas.com.mx\/portal\/wp-json\/wp\/v2\/categories?post=51998"},{"taxonomy":"post_tag","embeddable":true,"href":"https:\/\/losperiodistas.com.mx\/portal\/wp-json\/wp\/v2\/tags?post=51998"}],"curies":[{"name":"wp","href":"https:\/\/api.w.org\/{rel}","templated":true}]}}