{"id":51995,"date":"2023-05-24T07:31:29","date_gmt":"2023-05-24T12:31:29","guid":{"rendered":"http:\/\/losperiodistas.com.mx\/portal\/?p=51995"},"modified":"2023-05-24T07:31:31","modified_gmt":"2023-05-24T12:31:31","slug":"asi-fue-el-ultimo-programa-de-marco-aurelio-ramirez-periodista-asesinado-en-tehuacan-oem","status":"publish","type":"post","link":"https:\/\/losperiodistas.com.mx\/portal\/asi-fue-el-ultimo-programa-de-marco-aurelio-ramirez-periodista-asesinado-en-tehuacan-oem\/","title":{"rendered":"As\u00ed fue el \u00faltimo programa de Marco Aurelio Ram\u00edrez, periodista asesinado en Tehuac\u00e1n | OEM"},"content":{"rendered":"\n<h3 class=\"has-background has-medium-font-size wp-block-heading\" style=\"background-color:#c6fa5e\">Marco Aurelio se desempe\u00f1\u00f3 por m\u00e1s de 30 a\u00f1os dentro del periodismo, principalmente en el reporte de la nota roja<\/h3>\n\n\n\n<figure class=\"wp-block-image size-large is-style-default\"><img fetchpriority=\"high\" decoding=\"async\" width=\"1024\" height=\"723\" src=\"https:\/\/losperiodistas.com.mx\/portal\/wp-content\/uploads\/2023\/05\/Captura-de-Pantalla-2023-05-24-a-las-6.24.39-1024x723.jpg\" alt=\"\" class=\"wp-image-51996\" srcset=\"https:\/\/losperiodistas.com.mx\/portal\/wp-content\/uploads\/2023\/05\/Captura-de-Pantalla-2023-05-24-a-las-6.24.39-1024x723.jpg 1024w, https:\/\/losperiodistas.com.mx\/portal\/wp-content\/uploads\/2023\/05\/Captura-de-Pantalla-2023-05-24-a-las-6.24.39-300x212.jpg 300w, https:\/\/losperiodistas.com.mx\/portal\/wp-content\/uploads\/2023\/05\/Captura-de-Pantalla-2023-05-24-a-las-6.24.39-768x543.jpg 768w, https:\/\/losperiodistas.com.mx\/portal\/wp-content\/uploads\/2023\/05\/Captura-de-Pantalla-2023-05-24-a-las-6.24.39.jpg 1506w\" sizes=\"(max-width: 1024px) 100vw, 1024px\" \/><\/figure>\n\n\n\n<p><\/p>\n\n\n\n<p>JULIO S\u00c1NCHEZ \/ EL SOL DE PUEBLA<\/p>\n\n\n\n<p><strong><a href=\"https:\/\/www.elsoldepuebla.com.mx\/local\/estado\/en-tehuacan-urge-una-estrategia-de-seguridad-especialista-9549156.html\" target=\"_blank\" rel=\"noreferrer noopener\">Marco Aurelio Ram\u00edrez<\/a><\/strong>,&nbsp;<strong>periodista asesinado en Tehuac\u00e1n, Puebla<\/strong>, fue colaborador de distintos medios de comunicaci\u00f3n, principalmente&nbsp;<strong>escritos<\/strong>, adem\u00e1s de tener participaci\u00f3n en una&nbsp;<strong>emisi\u00f3n de radio<\/strong>&nbsp;al ser parte del programa \u201c<strong>Un cafecito<\/strong>\u201d.<\/p>\n\n\n\n<p>Este programa es conducido por\u00a0<strong>Jos\u00e9 \u00c1ngel L\u00f3pez C\u00e1rdenas<\/strong>\u00a0y es transmitido en\u00a0<strong>Stereoluz Fm 99.9<\/strong>, donde Marco Aurelio contaba con un\u00a0<strong>espacio para narrar distintas noticias<\/strong>, en especial de Tehuac\u00e1n, nombrado como \u201c<strong>Ah\u00ed la dejamos<\/strong>\u2026\u201d.<\/p>\n\n\n\n<p>Su \u00faltima participaci\u00f3n en el programa ocurri\u00f3 el&nbsp;<strong>pasado 18 de mayo<\/strong>&nbsp;en donde coment\u00f3 noticias como el&nbsp;<strong>\u00faltimo reporte del volc\u00e1n Popocat\u00e9petl<\/strong>&nbsp;y el&nbsp;<strong>recorrido que el gobernador Sergio Salom\u00f3n C\u00e9spedes hab\u00eda realizado<\/strong>&nbsp;<strong>en los municipios cercanos<\/strong>&nbsp;como parte de las medidas de prevenci\u00f3n. Adem\u00e1s, del regreso a la&nbsp;<strong>modalidad escolar a distancia<\/strong>&nbsp;en varios municipios de Puebla.<\/p>\n\n\n\n<ul class=\"wp-block-list\"><li><strong>Leer m\u00e1s:&nbsp;<a href=\"https:\/\/www.elsoldepuebla.com.mx\/local\/estado\/asesinan-a-marco-aurelio-ramirez-periodista-de-nota-roja-en-tehuacan-10109260.html\" target=\"_blank\" rel=\"noreferrer noopener\">Asesinan a Marco Aurelio Ram\u00edrez, periodista de nota roja en Tehuac\u00e1n<\/a><\/strong><\/li><\/ul>\n\n\n\n<p>Coment\u00f3 sobre el&nbsp;<strong>clima en Tehuac\u00e1n<\/strong>&nbsp;y destac\u00f3 la labor del&nbsp;<strong>personal de bomberos y Protecci\u00f3n Civil<\/strong>, a la par de&nbsp;<strong>criticar al<\/strong>&nbsp;<strong>\u00e1rea de Desarrollo Urbano y \u00c1reas P\u00fablicas<\/strong>, como al Sist<strong>ema de Agua de Potable<\/strong>&nbsp;por su mal manejo en las obras en el municipio.<\/p>\n\n\n\n<p>El siguiente tema que expuso es el caso de\u00a0<strong>Mario Mar\u00edn<\/strong>\u00a0y el proceso del juicio relacionado con Lydia Cacho. Al respecto, comenta que Mar\u00edn se encuentra en el\u00a0<strong>Centro Federal de Readaptaci\u00f3n N\u00famero 1 Altiplano<\/strong>, donde tambi\u00e9n se ubica\u00a0<strong>Javier L\u00f3pez Zavala<\/strong>\u00a0como dos personas anteriormente en el poder que ahora se mantienen en prisi\u00f3n.<\/p>\n\n\n\n<p>Dentro de su cr\u00edtica habl\u00f3 sobre los&nbsp;<strong>planes de la construcci\u00f3n de un nuevo Cerezo<\/strong>&nbsp;en Tehuac\u00e1n, un proyecto que hab\u00eda sido anunciado y que tuvo que ser cancelado.<\/p>\n\n\n\n<p><em>\u201cLa realidad es que les falta bastante a nuestras autoridades municipales, hacer bien la planeaci\u00f3n y el desarrollo de estas, o sea ver qu\u00e9, c\u00f3mo, cu\u00e1ndo, d\u00f3nde, por qu\u00e9 se tienen que hacer las cosas y la situaci\u00f3n del Cerezo si es delicada, hay una sobrepoblaci\u00f3n tremenda\u201d<\/em>, coment\u00f3.<\/p>\n\n\n\n<p>Al existir la&nbsp;<strong>posibilidad de la lluvia en el clima<\/strong>, el periodista hizo una&nbsp;<strong>recomendaci\u00f3n a la poblaci\u00f3n de Tehuac\u00e1n<\/strong>&nbsp;a&nbsp;<strong>extremar precauciones<\/strong>&nbsp;e incluso pidi\u00f3 a los automovilistas no mojar a las personas en las calles en caso de encharcamientos al ir personas con su familia o madres con sus hijos.<\/p>\n\n\n\n<p>\u201c<strong>Ah\u00ed la dej\u00f3 mi Jos\u00e9 \u00c1ngel<\/strong>\u201d, dice para finalizar su participaci\u00f3n y regresar los micr\u00f3fonos al conductor principal del programa.<\/p>\n\n\n\n<figure class=\"wp-block-embed is-type-video is-provider-youtube wp-block-embed-youtube wp-embed-aspect-16-9 wp-has-aspect-ratio\"><div class=\"wp-block-embed__wrapper\">\n<iframe title=\"Ah\u00ed la dejamos...\/ Cierre de emisi\u00f3n.\" width=\"500\" height=\"281\" src=\"https:\/\/www.youtube.com\/embed\/ZldKUB90rVs?feature=oembed\" frameborder=\"0\" allow=\"accelerometer; autoplay; clipboard-write; encrypted-media; gyroscope; picture-in-picture; web-share\" referrerpolicy=\"strict-origin-when-cross-origin\" allowfullscreen><\/iframe>\n<\/div><\/figure>\n\n\n\n<p><\/p>\n\n\n\n<h2 class=\"wp-block-heading\"><strong>El asesinato de Marco Aurelio Ram\u00edrez<\/strong><\/h2>\n\n\n\n<p>Este&nbsp;<strong>martes 23 de mayo<\/strong>&nbsp;se report\u00f3 en&nbsp;<strong>Tehuac\u00e1n<\/strong>&nbsp;el&nbsp;<strong>asesinato de Marco Aurelio Ram\u00edrez<\/strong>, quien, junto a su profesi\u00f3n de&nbsp;<strong>periodista<\/strong>, se desempe\u00f1\u00f3 como&nbsp;<strong>exdirector General de Gobierno del municipio&nbsp;<\/strong>durante el periodo de&nbsp;<strong>Felipe Patjane<\/strong>&nbsp;como alcalde, quien fue sentenciado por los delitos de uso ilegal de facultades en noviembre de 2022.<\/p>\n\n\n\n<p><strong>Marco Aurelio se encontraba a bordo de un autom\u00f3vil a baja velocidad<\/strong>&nbsp;cuando fue alcanzado por una persona caminando y&nbsp;<strong>se emparej\u00f3 a la ventilla<\/strong>&nbsp;para&nbsp;<strong>realizar al menos cinco disparos<\/strong>.<\/p>\n\n\n\n<p>La situaci\u00f3n ocurri\u00f3 cerca de las&nbsp;<strong>13:20 horas<\/strong>&nbsp;en la&nbsp;<strong>calle Agua Alhuelican<\/strong>&nbsp;entre las&nbsp;<strong>calles Geranio y Gladiola en el fraccionamiento Agua Blanca 1<\/strong>. Vecinos de la zona fueron quienes dieron aviso a las autoridades.<\/p>\n\n\n\n<p>Posteriormente, la Fiscal\u00eda General del Estado (<strong>FGE<\/strong>) dieron inicio a la carpeta de investigaci\u00f3n para esclarecer el asesinato de&nbsp;<strong>Marco Aurelio Ram\u00edrez.<\/strong><\/p>\n\n\n\n<p><em>Con informaci\u00f3n de Gustavo Ortiz<\/em><\/p>\n\n\n\n<p>Fuente: <a href=\"https:\/\/www.elsoldepuebla.com.mx\/local\/estado\/asi-fue-el-ultimo-programa-de-marco-aurelio-ramirez-periodista-asesinado-en-tehuacan-10111173.html\">https:\/\/www.elsoldepuebla.com.mx\/local\/estado\/asi-fue-el-ultimo-programa-de-marco-aurelio-ramirez-periodista-asesinado-en-tehuacan-10111173.html<\/a><\/p>\n","protected":false},"excerpt":{"rendered":"<p>Marco Aurelio se desempe\u00f1\u00f3 por m\u00e1s de 30 a\u00f1os dentro del periodismo, principalmente en el reporte de la nota roja [&hellip;]<\/p>\n","protected":false},"author":1,"featured_media":51996,"comment_status":"open","ping_status":"open","sticky":false,"template":"","format":"standard","meta":{"site-sidebar-layout":"default","site-content-layout":"","ast-site-content-layout":"default","site-content-style":"default","site-sidebar-style":"default","ast-global-header-display":"","ast-banner-title-visibility":"","ast-main-header-display":"","ast-hfb-above-header-display":"","ast-hfb-below-header-display":"","ast-hfb-mobile-header-display":"","site-post-title":"","ast-breadcrumbs-content":"","ast-featured-img":"","footer-sml-layout":"","theme-transparent-header-meta":"","adv-header-id-meta":"","stick-header-meta":"","header-above-stick-meta":"","header-main-stick-meta":"","header-below-stick-meta":"","astra-migrate-meta-layouts":"default","ast-page-background-enabled":"default","ast-page-background-meta":{"desktop":{"background-color":"var(--ast-global-color-4)","background-image":"","background-repeat":"repeat","background-position":"center center","background-size":"auto","background-attachment":"scroll","background-type":"","background-media":"","overlay-type":"","overlay-color":"","overlay-opacity":"","overlay-gradient":""},"tablet":{"background-color":"","background-image":"","background-repeat":"repeat","background-position":"center center","background-size":"auto","background-attachment":"scroll","background-type":"","background-media":"","overlay-type":"","overlay-color":"","overlay-opacity":"","overlay-gradient":""},"mobile":{"background-color":"","background-image":"","background-repeat":"repeat","background-position":"center center","background-size":"auto","background-attachment":"scroll","background-type":"","background-media":"","overlay-type":"","overlay-color":"","overlay-opacity":"","overlay-gradient":""}},"ast-content-background-meta":{"desktop":{"background-color":"var(--ast-global-color-5)","background-image":"","background-repeat":"repeat","background-position":"center center","background-size":"auto","background-attachment":"scroll","background-type":"","background-media":"","overlay-type":"","overlay-color":"","overlay-opacity":"","overlay-gradient":""},"tablet":{"background-color":"var(--ast-global-color-5)","background-image":"","background-repeat":"repeat","background-position":"center center","background-size":"auto","background-attachment":"scroll","background-type":"","background-media":"","overlay-type":"","overlay-color":"","overlay-opacity":"","overlay-gradient":""},"mobile":{"background-color":"var(--ast-global-color-5)","background-image":"","background-repeat":"repeat","background-position":"center center","background-size":"auto","background-attachment":"scroll","background-type":"","background-media":"","overlay-type":"","overlay-color":"","overlay-opacity":"","overlay-gradient":""}},"footnotes":""},"categories":[8],"tags":[16583,7640,3443],"class_list":["post-51995","post","type-post","status-publish","format-standard","has-post-thumbnail","hentry","category-noticias","tag-marco-aurelio-ramirez-hernandez","tag-periodista-asesinado","tag-tehuacan"],"_links":{"self":[{"href":"https:\/\/losperiodistas.com.mx\/portal\/wp-json\/wp\/v2\/posts\/51995","targetHints":{"allow":["GET"]}}],"collection":[{"href":"https:\/\/losperiodistas.com.mx\/portal\/wp-json\/wp\/v2\/posts"}],"about":[{"href":"https:\/\/losperiodistas.com.mx\/portal\/wp-json\/wp\/v2\/types\/post"}],"author":[{"embeddable":true,"href":"https:\/\/losperiodistas.com.mx\/portal\/wp-json\/wp\/v2\/users\/1"}],"replies":[{"embeddable":true,"href":"https:\/\/losperiodistas.com.mx\/portal\/wp-json\/wp\/v2\/comments?post=51995"}],"version-history":[{"count":1,"href":"https:\/\/losperiodistas.com.mx\/portal\/wp-json\/wp\/v2\/posts\/51995\/revisions"}],"predecessor-version":[{"id":51997,"href":"https:\/\/losperiodistas.com.mx\/portal\/wp-json\/wp\/v2\/posts\/51995\/revisions\/51997"}],"wp:featuredmedia":[{"embeddable":true,"href":"https:\/\/losperiodistas.com.mx\/portal\/wp-json\/wp\/v2\/media\/51996"}],"wp:attachment":[{"href":"https:\/\/losperiodistas.com.mx\/portal\/wp-json\/wp\/v2\/media?parent=51995"}],"wp:term":[{"taxonomy":"category","embeddable":true,"href":"https:\/\/losperiodistas.com.mx\/portal\/wp-json\/wp\/v2\/categories?post=51995"},{"taxonomy":"post_tag","embeddable":true,"href":"https:\/\/losperiodistas.com.mx\/portal\/wp-json\/wp\/v2\/tags?post=51995"}],"curies":[{"name":"wp","href":"https:\/\/api.w.org\/{rel}","templated":true}]}}