{"id":51982,"date":"2023-05-23T14:52:24","date_gmt":"2023-05-23T19:52:24","guid":{"rendered":"http:\/\/losperiodistas.com.mx\/portal\/?p=51982"},"modified":"2023-05-24T07:24:49","modified_gmt":"2023-05-24T12:24:49","slug":"paz-vega-que-empieza-a-rodar-su-primera-pelicula-como-directora-por-whatsapp-cortas-con-el-novio-diriges-una-pelicula-lo-haces-todo-yo-dona","status":"publish","type":"post","link":"https:\/\/losperiodistas.com.mx\/portal\/paz-vega-que-empieza-a-rodar-su-primera-pelicula-como-directora-por-whatsapp-cortas-con-el-novio-diriges-una-pelicula-lo-haces-todo-yo-dona\/","title":{"rendered":"Paz Vega, que empieza a rodar su primera pel\u00edcula como directora: \u00bb Por Whatsapp cortas con el novio, diriges una pel\u00edcula, lo haces todo\u00bb | Yo Dona"},"content":{"rendered":"\n<p class=\"has-background has-medium-font-size\" style=\"background-color:#44f4dc\">Ha sido unos de los rostros espa\u00f1oles que ha dejado el pabell\u00f3n muy alto en la&nbsp;<a href=\"https:\/\/www.elmundo.es\/album\/yodona\/moda\/2023\/05\/16\/6463ac75fc6c83c25a8b45b2.html\" target=\"_blank\" rel=\"noreferrer noopener\">alfombra roja del Festival de Cine de Cannes,&nbsp;<\/a>donde ha presentado su pr\u00f3ximo proyecto: &#8216;Rita&#8217;, la pel\u00edcula que&nbsp;<strong>guioniza y dirige,&nbsp;<\/strong>y que empieza a rodar esta misma semana.<\/p>\n\n\n\n<p><\/p>\n\n\n\n<figure class=\"wp-block-image size-large is-style-default\"><img fetchpriority=\"high\" decoding=\"async\" width=\"772\" height=\"1024\" src=\"https:\/\/losperiodistas.com.mx\/portal\/wp-content\/uploads\/2023\/05\/Captura-de-Pantalla-2023-05-23-a-las-13.44.48-772x1024.jpg\" alt=\"\" class=\"wp-image-51983\" srcset=\"https:\/\/losperiodistas.com.mx\/portal\/wp-content\/uploads\/2023\/05\/Captura-de-Pantalla-2023-05-23-a-las-13.44.48-772x1024.jpg 772w, https:\/\/losperiodistas.com.mx\/portal\/wp-content\/uploads\/2023\/05\/Captura-de-Pantalla-2023-05-23-a-las-13.44.48-226x300.jpg 226w, https:\/\/losperiodistas.com.mx\/portal\/wp-content\/uploads\/2023\/05\/Captura-de-Pantalla-2023-05-23-a-las-13.44.48-768x1019.jpg 768w, https:\/\/losperiodistas.com.mx\/portal\/wp-content\/uploads\/2023\/05\/Captura-de-Pantalla-2023-05-23-a-las-13.44.48-1158x1536.jpg 1158w, https:\/\/losperiodistas.com.mx\/portal\/wp-content\/uploads\/2023\/05\/Captura-de-Pantalla-2023-05-23-a-las-13.44.48.jpg 1260w\" sizes=\"(max-width: 772px) 100vw, 772px\" \/><\/figure>\n\n\n\n<p><\/p>\n\n\n\n<p class=\"has-vivid-red-color has-text-color has-medium-font-size\"><strong>BEGO\u00d1A DONAT \/ YO DONA<\/strong><\/p>\n\n\n\n<p>Paz Vega (Sevilla, 1976) no tiene formaci\u00f3n acad\u00e9mica como cineasta ni escritora, pero ha le\u00eddo guiones de todo tipo, tanto los que luego se han hecho carne en su persona como los much\u00edsimos que ha rechazado.&nbsp;<strong>\u00abEn las cinco primeras p\u00e1ginas ya s\u00e9 si va a funcionar o no\u00bb,&nbsp;<\/strong>comparte con Yo Dona.<\/p>\n\n\n\n<p>Esa experiencia de aprendizaje le ha dado el empuje para aventurarse como guionista, y las d\u00e9cadas de carrera en sets espa\u00f1oles e internacionales, el arrojo para<strong>&nbsp;estrenarse como directora.&nbsp;<\/strong>La actriz aprovech\u00f3 el contexto del Festival de Cannes para presentar el rodaje de su \u00f3pera prima ante la prensa.<\/p>\n\n\n\n<p>Su debut se titular\u00e1&nbsp;<strong>&#8216;Rita&#8217;&nbsp;<\/strong>y tiene tintes autobiogr\u00e1ficos, pues es una pel\u00edcula inici\u00e1tica sobre una ni\u00f1a de un barrio de Sevilla en plena celebraci\u00f3n del pase de Espa\u00f1a a cuartos de final en la Eurocopa 1984. Este cambio de registro no implica, no obstante, que aparque su carrera como actriz: \u00abTengo que dar de comer a tres adolescentes, no puedo esperar cinco a\u00f1os a que frag\u00fce una pel\u00edcula\u00bb. La filmaci\u00f3n arrancar\u00e1 este mismo jueves, 25 de mayo, durar\u00e1 seis semanas y cuenta entre el reparto con Roberto \u00c1lamo y ella misma en un papel peque\u00f1o, el de la madre de la protagonista.<\/p>\n\n\n\n<p><strong>PREGUNTA \u00bfCu\u00e1l es la mejor hora para escribir y de qu\u00e9 guisa?<\/strong><\/p>\n\n\n\n<p><strong>RESPUESTA<\/strong>: Escribo en el ordenador y en el tel\u00e9fono, porque a veces me pilla la inspiraci\u00f3n en cualquier sitio. El tema de las musas es real, hay momentos, que sin forzar, escribes un texto bien dialogado, porque has dormido mejor, no s\u00e9&#8230; y ocasiones en las que quieres y no te sale. Para escribir y no frustrarte, la disciplina es important\u00edsima, pero tambi\u00e9n hay que fluir. Y si est\u00e1s de que no, porque en tu cabeza tienes mil problemas, lo dejas reposar.<\/p>\n\n\n\n<p><strong>P: \u00bfCu\u00e1ndo fue la \u00faltima vez que le diste &#8216;fast forward&#8217; a una pel\u00edcula?<\/strong><\/p>\n\n\n\n<p><strong>R:<\/strong> Directamente la quito. No tengo la curiosidad de llegar hasta el final si no me est\u00e1 gustando. Por suerte, la \u00faltima serie que he visto ha sido la nueva temporada de &#8216;The Crown&#8217;, de la que soy muy fan.<\/p>\n\n\n\n<p><strong>P: Ahora que eres guionista, \u00bfte temen tus amigos por si cuelas sus vidas en tus textos?<\/strong><\/p>\n\n\n\n<p><strong>R: <\/strong>Espero que no, porque por ahora me interesan historias del pasado, de un tiempo que es una pena, pero ya no va a volver. En la ficci\u00f3n me parece m\u00e1s estimulante todo lo anterior al mundo digital. En mi pr\u00f3ximo guion tambi\u00e9n miro atr\u00e1s, pero estar\u00e1 protagonizado por un adolescente y un ni\u00f1o. \u00daltimamente me estoy preguntando por qu\u00e9 me voy a la vida en anal\u00f3gico siempre que escribo. Mi conclusi\u00f3n es que cuando eres joven eres m\u00e1s sabia, porque no albergas prejuicios y te enfrentas a las situaciones con la mirada limpia. Esa edad me resulta m\u00e1s interesante para escribir que los adultos con cargas emocionales, porque me permite contar la vida con sus sombras y sus luces desde un lugar muy bonito.<\/p>\n\n\n\n<p><strong>P: \u00bfCu\u00e1l es tu magdalena de Proust de la infancia?<\/strong><\/p>\n\n\n\n<p><strong>R: <\/strong>Mi infancia sab\u00eda a tostadas con aceite de oliva y a zumo de naranja reci\u00e9n exprimido. Y ol\u00eda a cloro y a calor.<\/p>\n\n\n\n<p><strong>P: \u00bfQu\u00e9 sue\u00f1o de la infancia ya no cumplir\u00e1s?<\/strong><\/p>\n\n\n\n<p><strong>R: <\/strong>De peque\u00f1a quer\u00eda ser campeona ol\u00edmpica. De hecho, la nataci\u00f3n se me daba muy bien, porque era alta y fuerte, y compet\u00eda. En mi ilusi\u00f3n so\u00f1aba con ir a las Olimpiadas.<\/p>\n\n\n\n<p><strong>P: \u00bfEscondes a una directora mandona en tu interior?<\/strong><\/p>\n\n\n\n<p><strong>R: <\/strong>En la vida real dirijo a mi familia. Tengo a tres adolescentes en casa a los que no s\u00f3lo doy \u00f3rdenes, sino que tambi\u00e9n les doy libertad. En la pel\u00edcula mi intenci\u00f3n es colaborar. Yo no impongo. Si la gente supiera el gran trabajo de equipo que es una pel\u00edcula&#8230; No es por menospreciar mi propio trabajo, pero como actriz, cuando llegas al set, hay un trabajo de muchas personas, de muchos a\u00f1os, de mucho pensamiento. Cuando pasas a este lado, eres una m\u00e1s. Tu labor es el de ser la directora al frente de la orquesta, pero los que tocan son el resto. Eso s\u00ed, tomas 20.000 millones de decisiones al d\u00eda. Tengo el WhatsApp lleno de fotos, de gamas crom\u00e1ticas, de telas&#8230; Doy pautas, como, por ejemplo, hoy mismo, el color del papel de las paredes de la casa, pero tambi\u00e9n dejo libertad.<\/p>\n\n\n\n<p><strong>P: \u00bfCon qu\u00e9 herramientas digitales te llevas bien?<\/strong><\/p>\n\n\n\n<p><strong>R: <\/strong>Con Drive y con WhatsApp. Por whats cortas con el novio, diriges una pel\u00edcula, lo haces todo.<\/p>\n\n\n\n<p><strong>P: \u00bfDirigir\u00edas una pel\u00edcula a partir de un guion de ChatGPT?<\/strong><\/p>\n\n\n\n<p><strong>R: <\/strong>Ser\u00eda s\u00faperinteresante, pero me resultar\u00eda extra\u00f1o, porque hay algo en la emoci\u00f3n y en lo que no se dice que esta inteligencia artificial todav\u00eda no puede captar. \u00bfC\u00f3mo puede explicar los silencios?\u00bfC\u00f3mo, las preguntas sin respuesta? Le tengo un coraje a ese bicho&#8230; A esa m\u00e1quina le falta vida.<\/p>\n\n\n\n<p>Fuente: <a href=\"https:\/\/www.elmundo.es\/yodona\/actualidad\/2023\/05\/23\/646b58c3fc6c8351018b4591.html\">https:\/\/www.elmundo.es\/yodona\/actualidad\/2023\/05\/23\/646b58c3fc6c8351018b4591.html<\/a><\/p>\n\n\n\n<h2 class=\"wp-block-heading\"><\/h2>\n\n\n\n<p><\/p>\n","protected":false},"excerpt":{"rendered":"<p>Ha sido unos de los rostros espa\u00f1oles que ha dejado el pabell\u00f3n muy alto en la&nbsp;alfombra roja del Festival de [&hellip;]<\/p>\n","protected":false},"author":1,"featured_media":51983,"comment_status":"open","ping_status":"open","sticky":false,"template":"","format":"standard","meta":{"site-sidebar-layout":"default","site-content-layout":"","ast-site-content-layout":"default","site-content-style":"default","site-sidebar-style":"default","ast-global-header-display":"","ast-banner-title-visibility":"","ast-main-header-display":"","ast-hfb-above-header-display":"","ast-hfb-below-header-display":"","ast-hfb-mobile-header-display":"","site-post-title":"","ast-breadcrumbs-content":"","ast-featured-img":"","footer-sml-layout":"","theme-transparent-header-meta":"","adv-header-id-meta":"","stick-header-meta":"","header-above-stick-meta":"","header-main-stick-meta":"","header-below-stick-meta":"","astra-migrate-meta-layouts":"default","ast-page-background-enabled":"default","ast-page-background-meta":{"desktop":{"background-color":"var(--ast-global-color-4)","background-image":"","background-repeat":"repeat","background-position":"center center","background-size":"auto","background-attachment":"scroll","background-type":"","background-media":"","overlay-type":"","overlay-color":"","overlay-opacity":"","overlay-gradient":""},"tablet":{"background-color":"","background-image":"","background-repeat":"repeat","background-position":"center center","background-size":"auto","background-attachment":"scroll","background-type":"","background-media":"","overlay-type":"","overlay-color":"","overlay-opacity":"","overlay-gradient":""},"mobile":{"background-color":"","background-image":"","background-repeat":"repeat","background-position":"center center","background-size":"auto","background-attachment":"scroll","background-type":"","background-media":"","overlay-type":"","overlay-color":"","overlay-opacity":"","overlay-gradient":""}},"ast-content-background-meta":{"desktop":{"background-color":"var(--ast-global-color-5)","background-image":"","background-repeat":"repeat","background-position":"center center","background-size":"auto","background-attachment":"scroll","background-type":"","background-media":"","overlay-type":"","overlay-color":"","overlay-opacity":"","overlay-gradient":""},"tablet":{"background-color":"var(--ast-global-color-5)","background-image":"","background-repeat":"repeat","background-position":"center center","background-size":"auto","background-attachment":"scroll","background-type":"","background-media":"","overlay-type":"","overlay-color":"","overlay-opacity":"","overlay-gradient":""},"mobile":{"background-color":"var(--ast-global-color-5)","background-image":"","background-repeat":"repeat","background-position":"center center","background-size":"auto","background-attachment":"scroll","background-type":"","background-media":"","overlay-type":"","overlay-color":"","overlay-opacity":"","overlay-gradient":""}},"footnotes":""},"categories":[8],"tags":[16582],"class_list":["post-51982","post","type-post","status-publish","format-standard","has-post-thumbnail","hentry","category-noticias","tag-paz-vega"],"_links":{"self":[{"href":"https:\/\/losperiodistas.com.mx\/portal\/wp-json\/wp\/v2\/posts\/51982","targetHints":{"allow":["GET"]}}],"collection":[{"href":"https:\/\/losperiodistas.com.mx\/portal\/wp-json\/wp\/v2\/posts"}],"about":[{"href":"https:\/\/losperiodistas.com.mx\/portal\/wp-json\/wp\/v2\/types\/post"}],"author":[{"embeddable":true,"href":"https:\/\/losperiodistas.com.mx\/portal\/wp-json\/wp\/v2\/users\/1"}],"replies":[{"embeddable":true,"href":"https:\/\/losperiodistas.com.mx\/portal\/wp-json\/wp\/v2\/comments?post=51982"}],"version-history":[{"count":2,"href":"https:\/\/losperiodistas.com.mx\/portal\/wp-json\/wp\/v2\/posts\/51982\/revisions"}],"predecessor-version":[{"id":51994,"href":"https:\/\/losperiodistas.com.mx\/portal\/wp-json\/wp\/v2\/posts\/51982\/revisions\/51994"}],"wp:featuredmedia":[{"embeddable":true,"href":"https:\/\/losperiodistas.com.mx\/portal\/wp-json\/wp\/v2\/media\/51983"}],"wp:attachment":[{"href":"https:\/\/losperiodistas.com.mx\/portal\/wp-json\/wp\/v2\/media?parent=51982"}],"wp:term":[{"taxonomy":"category","embeddable":true,"href":"https:\/\/losperiodistas.com.mx\/portal\/wp-json\/wp\/v2\/categories?post=51982"},{"taxonomy":"post_tag","embeddable":true,"href":"https:\/\/losperiodistas.com.mx\/portal\/wp-json\/wp\/v2\/tags?post=51982"}],"curies":[{"name":"wp","href":"https:\/\/api.w.org\/{rel}","templated":true}]}}