{"id":51977,"date":"2023-05-23T13:44:26","date_gmt":"2023-05-23T18:44:26","guid":{"rendered":"http:\/\/losperiodistas.com.mx\/portal\/?p=51977"},"modified":"2023-05-23T13:44:28","modified_gmt":"2023-05-23T18:44:28","slug":"la-presidenta-del-ine-deja-sin-cabeza-a-la-unidad-de-fiscalizacion-area-clave-para-el-instituto-e-incomoda-a-morena-animal-politico","status":"publish","type":"post","link":"https:\/\/losperiodistas.com.mx\/portal\/la-presidenta-del-ine-deja-sin-cabeza-a-la-unidad-de-fiscalizacion-area-clave-para-el-instituto-e-incomoda-a-morena-animal-politico\/","title":{"rendered":"La presidenta del INE deja sin cabeza a la Unidad de Fiscalizaci\u00f3n, \u00e1rea clave para el instituto e inc\u00f3moda a Morena | Animal Pol\u00edtico"},"content":{"rendered":"\n<p class=\"has-pale-pink-background-color has-background has-medium-font-size\">La renuncia de Jacqueline Vargas, una funcionaria inc\u00f3moda a Morena, abre otro hueco en la Junta General Ejecutiva del Instituto Nacional Electoral (INE).<\/p>\n\n\n\n<p><\/p>\n\n\n\n<figure class=\"wp-block-image size-large\"><img fetchpriority=\"high\" decoding=\"async\" width=\"1024\" height=\"574\" src=\"https:\/\/losperiodistas.com.mx\/portal\/wp-content\/uploads\/2023\/05\/Captura-de-pantalla-2023-05-23-a-las-12.38.04-1024x574.png\" alt=\"\" class=\"wp-image-51978\" srcset=\"https:\/\/losperiodistas.com.mx\/portal\/wp-content\/uploads\/2023\/05\/Captura-de-pantalla-2023-05-23-a-las-12.38.04-1024x574.png 1024w, https:\/\/losperiodistas.com.mx\/portal\/wp-content\/uploads\/2023\/05\/Captura-de-pantalla-2023-05-23-a-las-12.38.04-300x168.png 300w, https:\/\/losperiodistas.com.mx\/portal\/wp-content\/uploads\/2023\/05\/Captura-de-pantalla-2023-05-23-a-las-12.38.04-768x431.png 768w, https:\/\/losperiodistas.com.mx\/portal\/wp-content\/uploads\/2023\/05\/Captura-de-pantalla-2023-05-23-a-las-12.38.04.png 1284w\" sizes=\"(max-width: 1024px) 100vw, 1024px\" \/><figcaption>Cuartoscuro Archivo<\/figcaption><\/figure>\n\n\n\n<p><\/p>\n\n\n\n<p class=\"has-vivid-red-color has-text-color has-medium-font-size\"><strong>ANIMAL POL\u00cdTICO<\/strong><\/p>\n\n\n\n<p>En pleno proceso electoral en Coahuila y Estado de M\u00e9xico, la consejera presidenta del Instituto Nacional Electoral (INE),&nbsp;<a href=\"https:\/\/www.animalpolitico.com\/politica\/guadalupe-taddei-zavala-presidenta-ine-morena\" target=\"_blank\" rel=\"noreferrer noopener\"><strong>Guadalupe Taddei<\/strong><\/a>, decidi\u00f3 descabezar la Unidad T\u00e9cnica de Fiscalizaci\u00f3n (UTF), encargada de auditar los ingresos y gastos de partidos pol\u00edticos y candidatos.<\/p>\n\n\n\n<p>Desde la semana pasada, Taddei pidi\u00f3 la renuncia de&nbsp;<strong>Jacqueline Vargas<\/strong>, hoy extitular de la Unidad de Fiscalizaci\u00f3n, para colocar ah\u00ed, como encargado de despacho, a&nbsp;<strong>David Ram\u00edrez Bernal,<\/strong>&nbsp;un asesor del consejero Uc-Kib Espadas, quien actualmente preside la comisi\u00f3n encargada de aprobar los proyectos en materia de fiscalizaci\u00f3n.<\/p>\n\n\n\n<p>Taddei pact\u00f3 este movimiento con el consejero que preside la Comisi\u00f3n de Fiscalizaci\u00f3n, luego de un intento fallido por colocar en la unidad t\u00e9cnica a un funcionario recomendado por el titular del \u00d3rgano Interno de Control, Jes\u00fas George Zamora.<\/p>\n\n\n\n<p>La renuncia ocurre, adem\u00e1s, luego de desencuentros entre la Unidad de Fiscalizaci\u00f3n y los cuatro nuevos integrantes del Consejo General (incluida la nueva presidenta); diferencias que quedaron evidenciadas en la<a href=\"https:\/\/www.youtube.com\/watch?v=TyYudplSrV4\" target=\"_blank\" rel=\"noreferrer noopener\">&nbsp;sesi\u00f3n del pasado 28 de abril,<\/a>&nbsp;cuando las nuevas consejeras y consejeros votaron en contra de proyectos presentados por la unidad mediante los cuales se propon\u00eda sancionar a diversos partidos pol\u00edticos por faltas a las reglas de financiamiento.<\/p>\n\n\n\n<p class=\"has-cyan-bluish-gray-background-color has-background\">Lee:&nbsp;<a href=\"https:\/\/www.animalpolitico.com\/politica\/guadalupe-taddei-nombramientos-estructura-ine\" target=\"_blank\" rel=\"noreferrer noopener\"><strong><em>Guadalupe Taddei negocia con sus pares el equipo operativo que la acompa\u00f1ar\u00e1 en el INE<\/em><\/strong><\/a><\/p>\n\n\n\n<h2 class=\"wp-block-heading\"><strong>Jacqueline Vargas y los asuntos a su cargo&nbsp;<\/strong><\/h2>\n\n\n\n<p>Vargas es una funcionaria de larga experiencia en el \u00e1mbito fiscal, quien lleg\u00f3 al INE a finales de 2020 y tuvo bajo su responsabilidad asuntos importantes, como las<strong>&nbsp;sanciones a F\u00e9lix Salgado y Rub\u00e9n Mor\u00f3n<\/strong>, por no presentar informes de precampa\u00f1a; la fiscalizaci\u00f3n de los informes de ingresos y gastos de los partidos en el proceso electoral de 2021, y el cierre de investigaciones como el&nbsp;<strong>caso Texcoco<\/strong>, el caso&nbsp;<strong>Odebrecht<\/strong>&nbsp;y la&nbsp;<strong>Operaci\u00f3n Zafiro.<\/strong><\/p>\n\n\n\n<p>Recientemente, la funcionaria hab\u00eda sido objeto de descalificaciones y cr\u00edticas por parte de los representantes de&nbsp;<strong>Morena y el PRI<\/strong>&nbsp;\u2212los partidos m\u00e1s multados\u2212 por llevar a cabo investigaciones que evidenciaron pr\u00e1cticas ilegales en el financiamiento de sus campa\u00f1as.<\/p>\n\n\n\n<p>En 2021, la UTF descubri\u00f3 que F\u00e9lix Salgado Macedonio, Rub\u00e9n Mor\u00f3n y decenas de precandidatos de Morena a diversos cargos hab\u00edan hecho precampa\u00f1as sin presentar sus informes de gastos, por lo que propuso castigarlos con la cancelaci\u00f3n del registro de sus candidaturas.<\/p>\n\n\n\n<p>Despu\u00e9s, concluy\u00f3 las investigaciones del caso Texcoco, proponiendo una multa a Morena por la retenci\u00f3n ilegal de una parte del salario a trabajadores del ayuntamiento cuando Delfina G\u00f3mez era presidenta municipal.<\/p>\n\n\n\n<p>Tambi\u00e9n tuvo bajo su responsabilidad investigaciones del caso Odebrecht y la Operaci\u00f3n Zafiro, y recientemente hab\u00eda propuesto una multa millonaria al PRI por el financiamiento ilegal de sus campa\u00f1as con recursos del gobierno priista de C\u00e9sar Duarte en Chihuahua.<\/p>\n\n\n\n<p>El 28 de abril, cuando se discut\u00edan dos proyectos de multa al PRI y el PT por incurrir en nuevas modalidades de financiamiento irregular, la UTF fue acusada por el representante priista, Gerardo Triana, de actuar \u201ccon dolo\u201d.<\/p>\n\n\n\n<p>Jacqueline Vargas era la \u00faltima de las funcionarias allegadas a Lorenzo C\u00f3rdova que quedaba en la Junta General Ejecutiva del INE.<\/p>\n\n\n\n<p>Junto con sus dem\u00e1s compa\u00f1eros, hab\u00eda presentado su renuncia durante el mes de marzo, al entrar en vigor el plan B de reforma electoral, pero en abril present\u00f3 un desistimiento luego de la designaci\u00f3n de Taddei, Rita Bell L\u00f3pez, Arturo Castillo y Jorge Monta\u00f1o.<\/p>\n\n\n\n<p>Sin embargo, luego de 50 d\u00edas, se vio obligada a presentar su renuncia irrevocable, por petici\u00f3n de la consejera presidenta.<\/p>\n\n\n\n<h2 class=\"wp-block-heading\"><strong>Los pendientes&nbsp;<\/strong><\/h2>\n\n\n\n<p>Despu\u00e9s de la salida de Vargas, s\u00f3lo una de las posiciones de la Junta General Ejecutiva mantiene al mismo funcionario que antes del 3 de abril: la Unidad T\u00e9cnica de Servicios de Inform\u00e1tica, con Jorge Torres.<\/p>\n\n\n\n<p class=\"has-cyan-bluish-gray-background-color has-background\">Te puede interesar:&nbsp;<strong><em><a href=\"https:\/\/www.animalpolitico.com\/politica\/notas\/guadalupe-taddei-ine-sueldo-opositores-consejeros\" target=\"_blank\" rel=\"noreferrer noopener\">Baja su sueldo, discute con opositores y corrige a consejera: Guadalupe Taddei marca \u201cnuevo estilo\u201d en el INE<\/a><\/em><\/strong><\/p>\n\n\n\n<p>El resto de las Direcciones Ejecutivas y Unidades T\u00e9cnicas del INE se maneja con encargados de despacho,&nbsp;<a href=\"https:\/\/www.animalpolitico.com\/politica\/presidenta-ine-taddei-salario-amlo\" target=\"_blank\" rel=\"noreferrer noopener\">tal como lo ha documentado&nbsp;<em>Animal Pol\u00edtico<\/em><\/a><em>.<\/em><\/p>\n\n\n\n<p>La renuncia de Vargas se suma a la de Ana Laura Mart\u00ednez, exdirectora ejecutiva de Administraci\u00f3n, y de Roberto Heycher Cardiel, exdirector de Capacitaci\u00f3n y Educaci\u00f3n C\u00edvica, quienes se fueron en la segunda semana de mayo, y tambi\u00e9n formaban parte del equipo del anterior consejero presidente.<\/p>\n\n\n\n<p>Estos movimientos se dan mientras&nbsp;<a href=\"https:\/\/www.animalpolitico.com\/politica\/guadalupe-taddei-nombramientos-estructura-ine\" target=\"_blank\" rel=\"noreferrer noopener\">la consejera presidenta sigue cabildeando con el resto de consejeras y consejeros<\/a>&nbsp;el nombramiento de un secretario ejecutivo, que es el cargo operativo m\u00e1s importante del instituto, actualmente ocupado por un encargado de despacho.<\/p>\n\n\n\n<p>Taddei insiste en colocar den la Secretar\u00eda Ejecutiva a su paisano y colaborador de a\u00f1os,&nbsp;<a href=\"https:\/\/www.animalpolitico.com\/politica\/flavio-cienfuegos-exfuncionario-taddei-ine\" target=\"_blank\" rel=\"noreferrer noopener\">Flavio Cienfuegos<\/a>, quien ha sido rechazado, tanto por sus antecedentes como por el hecho de que algunas consejeras han demandado que la Secretar\u00eda sea ocupada por una mujer.<\/p>\n\n\n\n<p>Cienfuegos se sigue desempe\u00f1ando como jefe de la Oficina de la Presidencia del Consejo General, y es el principal operador de Taddei dentro y fuera del instituto.<\/p>\n\n\n\n<p>Hasta el momento, la nueva consejera presidenta no ha logrado hacer un solo nombramiento definitivo en la estructura del INE, pues en todos los casos se requiere el voto de al menos ocho de los 11 integrantes del Consejo General.<\/p>\n\n\n\n<p>Fuente: <a href=\"https:\/\/www.animalpolitico.com\/politica\/ine-guadalupe-taddei-fiscalizacion-morena\">https:\/\/www.animalpolitico.com\/politica\/ine-guadalupe-taddei-fiscalizacion-morena<\/a><\/p>\n","protected":false},"excerpt":{"rendered":"<p>La renuncia de Jacqueline Vargas, una funcionaria inc\u00f3moda a Morena, abre otro hueco en la Junta General Ejecutiva del Instituto [&hellip;]<\/p>\n","protected":false},"author":1,"featured_media":51978,"comment_status":"open","ping_status":"open","sticky":false,"template":"","format":"standard","meta":{"site-sidebar-layout":"default","site-content-layout":"","ast-site-content-layout":"default","site-content-style":"default","site-sidebar-style":"default","ast-global-header-display":"","ast-banner-title-visibility":"","ast-main-header-display":"","ast-hfb-above-header-display":"","ast-hfb-below-header-display":"","ast-hfb-mobile-header-display":"","site-post-title":"","ast-breadcrumbs-content":"","ast-featured-img":"","footer-sml-layout":"","theme-transparent-header-meta":"","adv-header-id-meta":"","stick-header-meta":"","header-above-stick-meta":"","header-main-stick-meta":"","header-below-stick-meta":"","astra-migrate-meta-layouts":"default","ast-page-background-enabled":"default","ast-page-background-meta":{"desktop":{"background-color":"var(--ast-global-color-4)","background-image":"","background-repeat":"repeat","background-position":"center center","background-size":"auto","background-attachment":"scroll","background-type":"","background-media":"","overlay-type":"","overlay-color":"","overlay-opacity":"","overlay-gradient":""},"tablet":{"background-color":"","background-image":"","background-repeat":"repeat","background-position":"center center","background-size":"auto","background-attachment":"scroll","background-type":"","background-media":"","overlay-type":"","overlay-color":"","overlay-opacity":"","overlay-gradient":""},"mobile":{"background-color":"","background-image":"","background-repeat":"repeat","background-position":"center center","background-size":"auto","background-attachment":"scroll","background-type":"","background-media":"","overlay-type":"","overlay-color":"","overlay-opacity":"","overlay-gradient":""}},"ast-content-background-meta":{"desktop":{"background-color":"var(--ast-global-color-5)","background-image":"","background-repeat":"repeat","background-position":"center center","background-size":"auto","background-attachment":"scroll","background-type":"","background-media":"","overlay-type":"","overlay-color":"","overlay-opacity":"","overlay-gradient":""},"tablet":{"background-color":"var(--ast-global-color-5)","background-image":"","background-repeat":"repeat","background-position":"center center","background-size":"auto","background-attachment":"scroll","background-type":"","background-media":"","overlay-type":"","overlay-color":"","overlay-opacity":"","overlay-gradient":""},"mobile":{"background-color":"var(--ast-global-color-5)","background-image":"","background-repeat":"repeat","background-position":"center center","background-size":"auto","background-attachment":"scroll","background-type":"","background-media":"","overlay-type":"","overlay-color":"","overlay-opacity":"","overlay-gradient":""}},"footnotes":""},"categories":[8],"tags":[15798,885,16580],"class_list":["post-51977","post","type-post","status-publish","format-standard","has-post-thumbnail","hentry","category-noticias","tag-guadalupe-taddei","tag-ine","tag-jacqueline-vargas"],"_links":{"self":[{"href":"https:\/\/losperiodistas.com.mx\/portal\/wp-json\/wp\/v2\/posts\/51977","targetHints":{"allow":["GET"]}}],"collection":[{"href":"https:\/\/losperiodistas.com.mx\/portal\/wp-json\/wp\/v2\/posts"}],"about":[{"href":"https:\/\/losperiodistas.com.mx\/portal\/wp-json\/wp\/v2\/types\/post"}],"author":[{"embeddable":true,"href":"https:\/\/losperiodistas.com.mx\/portal\/wp-json\/wp\/v2\/users\/1"}],"replies":[{"embeddable":true,"href":"https:\/\/losperiodistas.com.mx\/portal\/wp-json\/wp\/v2\/comments?post=51977"}],"version-history":[{"count":1,"href":"https:\/\/losperiodistas.com.mx\/portal\/wp-json\/wp\/v2\/posts\/51977\/revisions"}],"predecessor-version":[{"id":51979,"href":"https:\/\/losperiodistas.com.mx\/portal\/wp-json\/wp\/v2\/posts\/51977\/revisions\/51979"}],"wp:featuredmedia":[{"embeddable":true,"href":"https:\/\/losperiodistas.com.mx\/portal\/wp-json\/wp\/v2\/media\/51978"}],"wp:attachment":[{"href":"https:\/\/losperiodistas.com.mx\/portal\/wp-json\/wp\/v2\/media?parent=51977"}],"wp:term":[{"taxonomy":"category","embeddable":true,"href":"https:\/\/losperiodistas.com.mx\/portal\/wp-json\/wp\/v2\/categories?post=51977"},{"taxonomy":"post_tag","embeddable":true,"href":"https:\/\/losperiodistas.com.mx\/portal\/wp-json\/wp\/v2\/tags?post=51977"}],"curies":[{"name":"wp","href":"https:\/\/api.w.org\/{rel}","templated":true}]}}