{"id":51972,"date":"2023-05-23T12:25:19","date_gmt":"2023-05-23T17:25:19","guid":{"rendered":"http:\/\/losperiodistas.com.mx\/portal\/?p=51972"},"modified":"2023-05-23T12:25:20","modified_gmt":"2023-05-23T17:25:20","slug":"otro-sacerdote-cegado-por-las-balas-criminales-en-mexico-aleteia","status":"publish","type":"post","link":"https:\/\/losperiodistas.com.mx\/portal\/otro-sacerdote-cegado-por-las-balas-criminales-en-mexico-aleteia\/","title":{"rendered":"Otro sacerdote cegado por las balas criminales en M\u00e9xico | Aleteia"},"content":{"rendered":"\n<p class=\"has-black-color has-text-color has-background has-medium-font-size\" style=\"background-color:#ed9797\">Durante muchos a\u00f1os, M\u00e9xico se ha convertido en el l\u00edder de asesinatos de sacerdotes en Latinoam\u00e9rica y en el mundo. Esa maldici\u00f3n sigue pesando en el pa\u00eds de Santa Mar\u00eda de Guadalupe. Una tristeza que rompe su coraz\u00f3n de madre<\/p>\n\n\n\n<p><\/p>\n\n\n\n<figure class=\"wp-block-image size-full is-style-default\"><img fetchpriority=\"high\" decoding=\"async\" width=\"640\" height=\"426\" src=\"https:\/\/losperiodistas.com.mx\/portal\/wp-content\/uploads\/2023\/05\/000_33AQ6NB.jpg\" alt=\"\" class=\"wp-image-51973\" srcset=\"https:\/\/losperiodistas.com.mx\/portal\/wp-content\/uploads\/2023\/05\/000_33AQ6NB.jpg 640w, https:\/\/losperiodistas.com.mx\/portal\/wp-content\/uploads\/2023\/05\/000_33AQ6NB-300x200.jpg 300w\" sizes=\"(max-width: 640px) 100vw, 640px\" \/><figcaption>Pedro PARDO \/ AFP<\/figcaption><\/figure>\n\n\n\n<p><\/p>\n\n\n\n<p class=\"has-vivid-red-color has-text-color has-medium-font-size\"><strong>JAIME SEPTI\u00c9N \/ ALETEIA<\/strong><\/p>\n\n\n\n<p>Toca el turno de esta lamentable lista al sacerdote Javier Garc\u00eda Villafa\u00f1a, quien apenas el pasado 25 de abril fuera asignado a la parroquia de Capacho en el municipio de Huandacareo, en el Estado de Michoac\u00e1n.<\/p>\n\n\n\n<p>El padre Garc\u00eda Villafa\u00f1a, de la orden de los agustinos, fue asesinado a tiros mientras conduc\u00eda su autom\u00f3vil, un Nissan Sentra de color blanco. El escueto reporte de la Fiscal\u00eda General del Estado de Michoac\u00e1n indica que cerca de las 19:00 horas del lunes 22 de mayo se report\u00f3 el crimen cometido sobre la carretera Cuitzeo-Huandacareo, donde fue localizado un auto que presentaba impactos de bala y presuntamente una cartulina con un mensaje escrito por un grupo criminal, aunque eso no ha sido confirmado.<\/p>\n\n\n\n<p>La&nbsp;<a href=\"https:\/\/www.facebook.com\/profile.php?id=100070415115066\" target=\"_blank\" rel=\"noreferrer noopener\">parroquia de San Francisco Curungueo<\/a>&nbsp;confirm\u00f3 en redes sociales que la persona que hab\u00eda sido asesinada era el p\u00e1rroco:&nbsp;<strong>\u00abInf\u00f3rmanos que hoy a las 6 PM fue interceptado en la carretera el P. Fray Javier Garc\u00eda Villafa\u00f1a y falleci\u00f3 asesinado. Que en paz descanse el p\u00e1rroco de Capacho.Nuestro m\u00e1s sentido p\u00e9same a nuestros Agustinos\u00bb<\/strong>, se lee en la publicaci\u00f3n.<\/p>\n\n\n\n<p>La parroquia de Santa Ana Maya tambi\u00e9n se pronunci\u00f3 al respecto: \u00abEl Pbro. Jaime Oceguera Salda\u00f1a y toda est\u00e1 comunidad nos unimos en oraci\u00f3n por el eterno descanso de nuestro hermano Fray Javier Garc\u00eda Villafa\u00f1a, p\u00e1rroco de Capacho, Michoac\u00e1n, quien el d\u00eda de hoy ha partido a la Casa del Padre a gozar de su Gloria eterna\u00bb.<\/p>\n\n\n\n<figure class=\"wp-block-image is-style-default\"><img decoding=\"async\" src=\"https:\/\/wp.es.aleteia.org\/wp-content\/uploads\/sites\/7\/2020\/12\/ROBERTO-MALGESINI.jpg?w=300&amp;h=169&amp;crop=1\" alt=\"ROBERTO-MALGESINI.jpg\"\/><\/figure>\n\n\n\n<p><em>Te puede interesar:<\/em><a href=\"https:\/\/es.aleteia.org\/2023\/01\/30\/sacerdote-asesinado-un-ex-preso-dice-que-fue-como-un-padre-para-el-en-prision\/\">Sacerdote asesinado: un ex preso dice que fue como un padre para \u00e9l en prisi\u00f3n<\/a><\/p>\n\n\n\n<p>Por su parte, la arquidi\u00f3cesis de Morelia tambi\u00e9n coloc\u00f3 una esquela, en la que a nombre del arzobispo Carlos Garfias Merlos lamentan la muerte del sacerdote. En sus redes sociales, la arquidi\u00f3cesis lament\u00f3 los hechos diciendo:<\/p>\n\n\n\n<p><em>\u00abQueridos hermanos: el Se\u00f1or ha llamado a su presencia al &#x271d;&#xfe0f; Pbro. Fray Javier Garc\u00eda Villafa\u00f1a, OSA. Los Obispos en la Arquidi\u00f3cesis, el Presbiterio y toda la Arquidi\u00f3cesis de Morelia se unen en oraci\u00f3n, y en las manos de Mar\u00eda Inmaculada conf\u00edan a este hijo suyo para que el Se\u00f1or de la Vida le reciba en sus moradas de gloria\u00bb.<\/em><\/p>\n\n\n\n<p>El pasado domingo, Garc\u00eda Villafa\u00f1a ofici\u00f3 su \u00faltima misa en la iglesia de Capacho, donde se venera al Se\u00f1or de la Expiraci\u00f3n, la figura con m\u00e1s fieles en toda la regi\u00f3n que incluye al municipio vecino de Cuitzeo.<\/p>\n\n\n\n<p>Fuente:<a href=\"https:\/\/es.aleteia.org\/2023\/05\/23\/otro-sacerdote-cegado-por-las-balas-criminales-en-mexico\/\">https:\/\/es.aleteia.org\/2023\/05\/23\/otro-sacerdote-cegado-por-las-balas-criminales-en-mexico\/<\/a><\/p>\n","protected":false},"excerpt":{"rendered":"<p>Durante muchos a\u00f1os, M\u00e9xico se ha convertido en el l\u00edder de asesinatos de sacerdotes en Latinoam\u00e9rica y en el mundo. [&hellip;]<\/p>\n","protected":false},"author":1,"featured_media":51973,"comment_status":"open","ping_status":"open","sticky":false,"template":"","format":"standard","meta":{"site-sidebar-layout":"default","site-content-layout":"","ast-site-content-layout":"default","site-content-style":"default","site-sidebar-style":"default","ast-global-header-display":"","ast-banner-title-visibility":"","ast-main-header-display":"","ast-hfb-above-header-display":"","ast-hfb-below-header-display":"","ast-hfb-mobile-header-display":"","site-post-title":"","ast-breadcrumbs-content":"","ast-featured-img":"","footer-sml-layout":"","theme-transparent-header-meta":"","adv-header-id-meta":"","stick-header-meta":"","header-above-stick-meta":"","header-main-stick-meta":"","header-below-stick-meta":"","astra-migrate-meta-layouts":"default","ast-page-background-enabled":"default","ast-page-background-meta":{"desktop":{"background-color":"var(--ast-global-color-4)","background-image":"","background-repeat":"repeat","background-position":"center center","background-size":"auto","background-attachment":"scroll","background-type":"","background-media":"","overlay-type":"","overlay-color":"","overlay-opacity":"","overlay-gradient":""},"tablet":{"background-color":"","background-image":"","background-repeat":"repeat","background-position":"center center","background-size":"auto","background-attachment":"scroll","background-type":"","background-media":"","overlay-type":"","overlay-color":"","overlay-opacity":"","overlay-gradient":""},"mobile":{"background-color":"","background-image":"","background-repeat":"repeat","background-position":"center center","background-size":"auto","background-attachment":"scroll","background-type":"","background-media":"","overlay-type":"","overlay-color":"","overlay-opacity":"","overlay-gradient":""}},"ast-content-background-meta":{"desktop":{"background-color":"var(--ast-global-color-5)","background-image":"","background-repeat":"repeat","background-position":"center center","background-size":"auto","background-attachment":"scroll","background-type":"","background-media":"","overlay-type":"","overlay-color":"","overlay-opacity":"","overlay-gradient":""},"tablet":{"background-color":"var(--ast-global-color-5)","background-image":"","background-repeat":"repeat","background-position":"center center","background-size":"auto","background-attachment":"scroll","background-type":"","background-media":"","overlay-type":"","overlay-color":"","overlay-opacity":"","overlay-gradient":""},"mobile":{"background-color":"var(--ast-global-color-5)","background-image":"","background-repeat":"repeat","background-position":"center center","background-size":"auto","background-attachment":"scroll","background-type":"","background-media":"","overlay-type":"","overlay-color":"","overlay-opacity":"","overlay-gradient":""}},"footnotes":""},"categories":[8],"tags":[14822,16579],"class_list":["post-51972","post","type-post","status-publish","format-standard","has-post-thumbnail","hentry","category-noticias","tag-asesinatos","tag-sacerdotes-mexicanos"],"_links":{"self":[{"href":"https:\/\/losperiodistas.com.mx\/portal\/wp-json\/wp\/v2\/posts\/51972","targetHints":{"allow":["GET"]}}],"collection":[{"href":"https:\/\/losperiodistas.com.mx\/portal\/wp-json\/wp\/v2\/posts"}],"about":[{"href":"https:\/\/losperiodistas.com.mx\/portal\/wp-json\/wp\/v2\/types\/post"}],"author":[{"embeddable":true,"href":"https:\/\/losperiodistas.com.mx\/portal\/wp-json\/wp\/v2\/users\/1"}],"replies":[{"embeddable":true,"href":"https:\/\/losperiodistas.com.mx\/portal\/wp-json\/wp\/v2\/comments?post=51972"}],"version-history":[{"count":1,"href":"https:\/\/losperiodistas.com.mx\/portal\/wp-json\/wp\/v2\/posts\/51972\/revisions"}],"predecessor-version":[{"id":51974,"href":"https:\/\/losperiodistas.com.mx\/portal\/wp-json\/wp\/v2\/posts\/51972\/revisions\/51974"}],"wp:featuredmedia":[{"embeddable":true,"href":"https:\/\/losperiodistas.com.mx\/portal\/wp-json\/wp\/v2\/media\/51973"}],"wp:attachment":[{"href":"https:\/\/losperiodistas.com.mx\/portal\/wp-json\/wp\/v2\/media?parent=51972"}],"wp:term":[{"taxonomy":"category","embeddable":true,"href":"https:\/\/losperiodistas.com.mx\/portal\/wp-json\/wp\/v2\/categories?post=51972"},{"taxonomy":"post_tag","embeddable":true,"href":"https:\/\/losperiodistas.com.mx\/portal\/wp-json\/wp\/v2\/tags?post=51972"}],"curies":[{"name":"wp","href":"https:\/\/api.w.org\/{rel}","templated":true}]}}