{"id":51962,"date":"2023-05-23T10:45:23","date_gmt":"2023-05-23T15:45:23","guid":{"rendered":"http:\/\/losperiodistas.com.mx\/portal\/?p=51962"},"modified":"2023-05-23T10:45:27","modified_gmt":"2023-05-23T15:45:27","slug":"monologos-de-menade-nunca-falta","status":"publish","type":"post","link":"https:\/\/losperiodistas.com.mx\/portal\/monologos-de-menade-nunca-falta\/","title":{"rendered":"Mon\u00f3logos de M\u00e9nade | Nunca falta"},"content":{"rendered":"\n<figure class=\"wp-block-image size-large is-style-default\"><img fetchpriority=\"high\" decoding=\"async\" width=\"1024\" height=\"576\" src=\"https:\/\/losperiodistas.com.mx\/portal\/wp-content\/uploads\/2023\/05\/menade-2-1024x576.jpg\" alt=\"\" class=\"wp-image-51963\" srcset=\"https:\/\/losperiodistas.com.mx\/portal\/wp-content\/uploads\/2023\/05\/menade-2-1024x576.jpg 1024w, https:\/\/losperiodistas.com.mx\/portal\/wp-content\/uploads\/2023\/05\/menade-2-300x169.jpg 300w, https:\/\/losperiodistas.com.mx\/portal\/wp-content\/uploads\/2023\/05\/menade-2-768x432.jpg 768w, https:\/\/losperiodistas.com.mx\/portal\/wp-content\/uploads\/2023\/05\/menade-2.jpg 1200w\" sizes=\"(max-width: 1024px) 100vw, 1024px\" \/><\/figure>\n\n\n\n<p><\/p>\n\n\n\n<p class=\"has-vivid-red-color has-text-color\" style=\"font-size:32px\"><strong><em>Por Itandehui Rodr\u00edguez Mart\u00ednez<\/em><\/strong><\/p>\n\n\n\n<p>@Itandehui_RoMa<\/p>\n\n\n\n<p>Nunca falta alguien que malinterprete las instrucciones o que se pase por \u201cel Arco del Triunfo\u201d las mismas, porque tiene cierta autoridad.<\/p>\n\n\n\n<p>Nunca falta, alguien que lleve a cabo acciones que trastoquen los buenos trabajos en tiempos complicados y este, fue el caso de Norma Lay\u00f3n.<\/p>\n\n\n\n<p>S\u00ed, la que aspira a ser gobernadora. La pol\u00edtica que pinta corazones en las bardas de Puebla, pero que no trata con mucho amor a los poblanos.<\/p>\n\n\n\n<figure class=\"wp-block-embed is-type-rich is-provider-twitter wp-block-embed-twitter\"><div class=\"wp-block-embed__wrapper\">\n<blockquote class=\"twitter-tweet\" data-width=\"500\" data-dnt=\"true\"><p lang=\"es\" dir=\"ltr\">Reportan que <a href=\"https:\/\/twitter.com\/NormaLayon?ref_src=twsrc%5Etfw\">@NormaLayon<\/a> intent\u00f3 \u201csecuestrar\u201d el tianguis de San Mart\u00edn Texmelucan, porque mand\u00f3 detener decenas de autobuses que se dirig\u00edan al lugar a fin de evitar su instalaci\u00f3n.<br><br>Su arrebato de prepotencia, deriv\u00f3 en esta ocurrencia que afectar\u00e1 la econom\u00eda de miles de\u2026 <a href=\"https:\/\/t.co\/npnFwvdQhI\">pic.twitter.com\/npnFwvdQhI<\/a><\/p>&mdash; PAULO YOLATL (@pauloyolatl) <a href=\"https:\/\/twitter.com\/pauloyolatl\/status\/1660881107846418432?ref_src=twsrc%5Etfw\">May 23, 2023<\/a><\/blockquote><script async src=\"https:\/\/platform.twitter.com\/widgets.js\" charset=\"utf-8\"><\/script>\n<\/div><\/figure>\n\n\n\n<p>La alcaldesa no ley\u00f3 bien el comunicado del Gobierno del Estado donde se indicaba que deb\u00eda suspenderse la venta de alimentos preparados en el Tianguis de San Mart\u00edn Texmelucan. Ella, prefiri\u00f3 mandar a detener los veh\u00edculos que transportaban a todos los comerciantes, impidiendo su instalaci\u00f3n.<\/p>\n\n\n\n<p>\u00bfQu\u00e9 provoc\u00f3 con esto?<\/p>\n\n\n\n<p>Que hoy no haya Tianguis, que familias dedicadas al comercio no puedan llevar dinero a sus casas, que familias que se abastecen de productos para revender en otros puntos, tampoco puedan vender en sus casas.<\/p>\n\n\n\n<p>El da\u00f1o es incuantificable.<\/p>\n\n\n\n<p>\u00bfNo es bastante ya con la afectaci\u00f3n a las personas dedicadas a la venta de alimentos? \u00bfEra necesario afectar a todos?<\/p>\n\n\n\n<figure class=\"wp-block-embed is-type-rich is-provider-twitter wp-block-embed-twitter\"><div class=\"wp-block-embed__wrapper\">\n<blockquote class=\"twitter-tweet\" data-width=\"500\" data-dnt=\"true\"><p lang=\"es\" dir=\"ltr\"><a href=\"https:\/\/twitter.com\/hashtag\/COMUNICADO?src=hash&amp;ref_src=twsrc%5Etfw\">#COMUNICADO<\/a><br>A fin de procurar la salud de las y los poblanos informamos lo siguiente.<br><br>\ud83d\udcf0 <a href=\"https:\/\/t.co\/b10qad6xwf\">https:\/\/t.co\/b10qad6xwf<\/a> <a href=\"https:\/\/t.co\/ODCRwtf1Ic\">pic.twitter.com\/ODCRwtf1Ic<\/a><\/p>&mdash; Gobierno de Puebla (@Gob_Puebla) <a href=\"https:\/\/twitter.com\/Gob_Puebla\/status\/1660817069871595522?ref_src=twsrc%5Etfw\">May 23, 2023<\/a><\/blockquote><script async src=\"https:\/\/platform.twitter.com\/widgets.js\" charset=\"utf-8\"><\/script>\n<\/div><\/figure>\n\n\n\n<p>El comunicado es perfectamente claro, dice que no deber\u00e1n establecimientos de comida en el lugar, eso era todo.<\/p>\n\n\n\n<p>Una persona que aspira a gobernarnos y que atenta contra el comercio y la econom\u00eda \u00bfdebe gobernarnos?<\/p>\n\n\n\n<p>Evidentemente sabe que no va a gobernar.<\/p>\n\n\n\n<p>Evidentemente sabe que no tiene posibilidades de llegar a despachar a Casa Aguayo.<\/p>\n\n\n\n<p>Es obvio que lo est\u00e1 haciendo para negociar y forzar que le den una posici\u00f3n en la siguiente elecci\u00f3n.<\/p>\n\n\n\n<p>Pero \u00bfde esta manera que pretende lograrlo?<\/p>\n\n\n\n<h2 class=\"wp-block-heading\">MC y el PRI<\/h2>\n\n\n\n<p>Me llama mucho la atenci\u00f3n la campa\u00f1a de MC contra el PRI en EDOMEX y el Coahuila, \u00bfya la vieron?<\/p>\n\n\n\n<figure class=\"wp-block-embed is-type-rich is-provider-twitter wp-block-embed-twitter\"><div class=\"wp-block-embed__wrapper\">\n<blockquote class=\"twitter-tweet\" data-width=\"500\" data-dnt=\"true\"><p lang=\"es\" dir=\"ltr\">No se puede combatir la corrupci\u00f3n de la Casa Gris con los responsables de la Casa Blanca. Ni se puede combatir a los ladrones de Segalmex con los ladrones de la Estafa Maestra. <br><br>No se puede combatir la militarizaci\u00f3n de Morena con quienes la avalaron ni luchar contra el\u2026 <a href=\"https:\/\/t.co\/oFlnLR0dQI\">pic.twitter.com\/oFlnLR0dQI<\/a><\/p>&mdash; Jorge \u00c1lvarez M\u00e1ynez (@AlvarezMaynez) <a href=\"https:\/\/twitter.com\/AlvarezMaynez\/status\/1660856076785385472?ref_src=twsrc%5Etfw\">May 23, 2023<\/a><\/blockquote><script async src=\"https:\/\/platform.twitter.com\/widgets.js\" charset=\"utf-8\"><\/script>\n<\/div><\/figure>\n\n\n\n<p>\u00abCon el PRI ni a la esquina\u201d.<\/p>\n\n\n\n<p>Hace ya varios a\u00f1os tuve a la peor maestra que pas\u00f3 por mi vida estudiantil. Me dio clases en primero y en sexto de primaria, una maestra de esas para olvidar. Fue la \u00fanica, en todo mi registro escolar, que me mand\u00f3 a la direcci\u00f3n \u201cpor portarme mal\u201d, cuando en realidad era una ni\u00f1a bastante t\u00edmida y callada. Luego crec\u00ed y cambi\u00e9, pero de peque\u00f1a, no conviv\u00eda con nadie.<\/p>\n\n\n\n<p>El d\u00eda que me mand\u00f3 a la direcci\u00f3n por \u201chablar mucho\u201d, me dijo \u201cno hagas cosas buenas que parezcan malas\u201d. La mujer no sab\u00eda cu\u00e1n estrictos eran mis padres conmigo y con mi hermana en mi casa y el gran problema que eso iba a generarme y, as\u00ed pas\u00f3.<\/p>\n\n\n\n<p>Nunca entend\u00ed cu\u00e1l era su problema conmigo, menos que un adulto con poder abusara de \u00e9l para meterse con una ni\u00f1a. Pero gracias a ella y a otras personas, soy el dolor de huevos de hoy que no se calla y se defiende.<\/p>\n\n\n\n<p>Luego de compartirles un episodio traum\u00e1tico de mi vida para dar contexto, contin\u00fao. A MC hoy le aplica el \u201cno hagas cosas buenas que parezcan malas\u201d, el dicho que tanto odio pero en este caso, aplica.<\/p>\n\n\n\n<p>El se\u00f1alamiento que hace el diputado federal, Jorge \u00c1lvarez Maynez, en Twitter, me parece correcto:<\/p>\n\n\n\n<p>&nbsp;\u201cNo se puede combatir la corrupci\u00f3n de la Casa Gris con los responsables de la Casa Blanca. Ni se puede combatir a los ladrones de Segalmex con los ladrones de la Estafa Maestra. No se puede combatir la militarizaci\u00f3n de Morena con quienes la avalaron ni luchar contra el Ej\u00e9rcito Esp\u00eda con quienes utilizaron Pegasus contra periodistas\u201d.<\/p>\n\n\n\n<p>Pero para poder \u201ccombatir\u201d a los responsables de la Casa Gris, sin tener que considerar que lo hagan los de la Casa Blanca, \u00bfno deber\u00eda existir otra opci\u00f3n para los electores de EDOMEX? Porque ellos decidieron no registrar candidato.<\/p>\n\n\n\n<p>Si no vas a participar en el proceso electoral, no participas para bien, ni para mal, no hablas, no le entras, no te metes.<\/p>\n\n\n\n<p>Porque justamente provocan lo que est\u00e1 sucediendo, que la gente confirme lo que se ha sospechado siempre, que MC<em>&nbsp;le hace la chamba a Morena<\/em>.<\/p>\n\n\n\n<p>Pero tambi\u00e9n el PRI le hace la chamba a Morena, no nos hagamos como \u201cel T\u00edo Lolo\u201d.<\/p>\n\n\n\n<p>\u00bfQui\u00e9n demonios es la oposici\u00f3n en M\u00e9xico?<\/p>\n\n\n\n<p>\u00bfLily T\u00e9llez? \u00a1Por favor!<\/p>\n\n\n\n<p>MC no deber\u00eda hacer cosas buenas que parezcan malas.<\/p>\n","protected":false},"excerpt":{"rendered":"<p>Por Itandehui Rodr\u00edguez Mart\u00ednez @Itandehui_RoMa Nunca falta alguien que malinterprete las instrucciones o que se pase por \u201cel Arco del [&hellip;]<\/p>\n","protected":false},"author":1,"featured_media":51963,"comment_status":"open","ping_status":"open","sticky":false,"template":"","format":"standard","meta":{"site-sidebar-layout":"default","site-content-layout":"","ast-site-content-layout":"default","site-content-style":"default","site-sidebar-style":"default","ast-global-header-display":"","ast-banner-title-visibility":"","ast-main-header-display":"","ast-hfb-above-header-display":"","ast-hfb-below-header-display":"","ast-hfb-mobile-header-display":"","site-post-title":"","ast-breadcrumbs-content":"","ast-featured-img":"","footer-sml-layout":"","theme-transparent-header-meta":"","adv-header-id-meta":"","stick-header-meta":"","header-above-stick-meta":"","header-main-stick-meta":"","header-below-stick-meta":"","astra-migrate-meta-layouts":"default","ast-page-background-enabled":"default","ast-page-background-meta":{"desktop":{"background-color":"var(--ast-global-color-4)","background-image":"","background-repeat":"repeat","background-position":"center center","background-size":"auto","background-attachment":"scroll","background-type":"","background-media":"","overlay-type":"","overlay-color":"","overlay-opacity":"","overlay-gradient":""},"tablet":{"background-color":"","background-image":"","background-repeat":"repeat","background-position":"center center","background-size":"auto","background-attachment":"scroll","background-type":"","background-media":"","overlay-type":"","overlay-color":"","overlay-opacity":"","overlay-gradient":""},"mobile":{"background-color":"","background-image":"","background-repeat":"repeat","background-position":"center center","background-size":"auto","background-attachment":"scroll","background-type":"","background-media":"","overlay-type":"","overlay-color":"","overlay-opacity":"","overlay-gradient":""}},"ast-content-background-meta":{"desktop":{"background-color":"var(--ast-global-color-5)","background-image":"","background-repeat":"repeat","background-position":"center center","background-size":"auto","background-attachment":"scroll","background-type":"","background-media":"","overlay-type":"","overlay-color":"","overlay-opacity":"","overlay-gradient":""},"tablet":{"background-color":"var(--ast-global-color-5)","background-image":"","background-repeat":"repeat","background-position":"center center","background-size":"auto","background-attachment":"scroll","background-type":"","background-media":"","overlay-type":"","overlay-color":"","overlay-opacity":"","overlay-gradient":""},"mobile":{"background-color":"var(--ast-global-color-5)","background-image":"","background-repeat":"repeat","background-position":"center center","background-size":"auto","background-attachment":"scroll","background-type":"","background-media":"","overlay-type":"","overlay-color":"","overlay-opacity":"","overlay-gradient":""}},"footnotes":""},"categories":[8,22],"tags":[2328,16577],"class_list":["post-51962","post","type-post","status-publish","format-standard","has-post-thumbnail","hentry","category-noticias","category-opinion-invitada","tag-san-martin-texmelucan","tag-tianguis"],"_links":{"self":[{"href":"https:\/\/losperiodistas.com.mx\/portal\/wp-json\/wp\/v2\/posts\/51962","targetHints":{"allow":["GET"]}}],"collection":[{"href":"https:\/\/losperiodistas.com.mx\/portal\/wp-json\/wp\/v2\/posts"}],"about":[{"href":"https:\/\/losperiodistas.com.mx\/portal\/wp-json\/wp\/v2\/types\/post"}],"author":[{"embeddable":true,"href":"https:\/\/losperiodistas.com.mx\/portal\/wp-json\/wp\/v2\/users\/1"}],"replies":[{"embeddable":true,"href":"https:\/\/losperiodistas.com.mx\/portal\/wp-json\/wp\/v2\/comments?post=51962"}],"version-history":[{"count":1,"href":"https:\/\/losperiodistas.com.mx\/portal\/wp-json\/wp\/v2\/posts\/51962\/revisions"}],"predecessor-version":[{"id":51964,"href":"https:\/\/losperiodistas.com.mx\/portal\/wp-json\/wp\/v2\/posts\/51962\/revisions\/51964"}],"wp:featuredmedia":[{"embeddable":true,"href":"https:\/\/losperiodistas.com.mx\/portal\/wp-json\/wp\/v2\/media\/51963"}],"wp:attachment":[{"href":"https:\/\/losperiodistas.com.mx\/portal\/wp-json\/wp\/v2\/media?parent=51962"}],"wp:term":[{"taxonomy":"category","embeddable":true,"href":"https:\/\/losperiodistas.com.mx\/portal\/wp-json\/wp\/v2\/categories?post=51962"},{"taxonomy":"post_tag","embeddable":true,"href":"https:\/\/losperiodistas.com.mx\/portal\/wp-json\/wp\/v2\/tags?post=51962"}],"curies":[{"name":"wp","href":"https:\/\/api.w.org\/{rel}","templated":true}]}}