{"id":51716,"date":"2023-05-18T08:51:36","date_gmt":"2023-05-18T13:51:36","guid":{"rendered":"http:\/\/losperiodistas.com.mx\/portal\/?p=51716"},"modified":"2023-05-18T08:51:37","modified_gmt":"2023-05-18T13:51:37","slug":"listos-ante-la-actividad-del-popocatepetl","status":"publish","type":"post","link":"https:\/\/losperiodistas.com.mx\/portal\/listos-ante-la-actividad-del-popocatepetl\/","title":{"rendered":"<strong>Listos ante la actividad del Popocat\u00e9petl<\/strong>"},"content":{"rendered":"\n<p><\/p>\n\n\n\n<p class=\"has-vivid-red-color has-text-color\" style=\"font-size:26px\"><strong><em>Por Fernando Manzanilla Prieto<\/em><\/strong><\/p>\n\n\n\n<p><\/p>\n\n\n\n<p>En los \u00faltimos d\u00edas las y los habitantes de la zona metropolitana de Puebla y municipios aleda\u00f1os hemos sido testigos de la intensa actividad del volc\u00e1n Popocat\u00e9petl, dentro de la cual se han observado m\u00faltiples exhalaciones acompa\u00f1adas de vapor de agua, gases volc\u00e1nicos y ceniza.<\/p>\n\n\n\n<p>Si bien esto es algo \u201cnormal\u201d para quienes vivimos en esta zona, dado que don Goyo es uno de los volcanes m\u00e1s activos del pa\u00eds, de los m\u00e1s de 40 que existen en M\u00e9xico, esto de acuerdo con el Centro Nacional de Prevenci\u00f3n de Desastres (CENAPRED), lo cierto es que la intensidad de las fumarolas ha aumentado tambi\u00e9n la cantidad de ceniza que est\u00e1 cayendo en la ciudad. No es coincidencia que Popocat\u00e9petl signifique \u201cCerro que humea\u201d en N\u00e1huatl.<\/p>\n\n\n\n<p>A pesar de esta situaci\u00f3n, las autoridades de Protecci\u00f3n Civil han informado que el sem\u00e1foro se mantiene en amarillo fase 2, con la recomendaci\u00f3n a las personas a tomar medidas ante la ceniza, adem\u00e1s de no acercarse al volc\u00e1n y mucho menos al cr\u00e1ter.<\/p>\n\n\n\n<p>Y es que no podemos olvidar que la actividad volc\u00e1nica representa una amenaza significativa para las comunidades cercanas, ya que puede desencadenar una serie de eventos peligrosos, como erupciones, flujos pirocl\u00e1sticos y la liberaci\u00f3n de gases t\u00f3xicos.<\/p>\n\n\n\n<p>Por ello considero vital que el gobierno implemente medidas eficientes de protecci\u00f3n civil que permitan saber que, en caso de alguna contingencia de mayor impacto, estamos listos para salvaguardar la vida y el bienestar de la poblaci\u00f3n.<\/p>\n\n\n\n<p>Es as\u00ed que veo como un buen momento el revisar el estado de las rutas de evacuaci\u00f3n, as\u00ed como el Plan de Evacuaci\u00f3n existente y que opera desde Protecci\u00f3n Civil.<\/p>\n\n\n\n<p>Debemos tener en cuenta que al menos 24 comunidades, pertenecientes a 6 municipios poblanos, son las que se encuentran en la zona de mayor peligro y en ella viven por lo menos unos 50 mil habitantes.<\/p>\n\n\n\n<p>Como comentaba, ya existe un Plan para actuar ante este tipo de contingencia, el cual como Secretario General de Gobierno de la entidad me toc\u00f3 construir ante una importante actividad del coloso.<\/p>\n\n\n\n<p>Por ello es muy importante que el gobierno difunda estos planes de contingencia, de manera clara y detallada, en los que se expliquen detalladamente los procedimientos de evacuaci\u00f3n en caso de una erupci\u00f3n volc\u00e1nica inminente o en desarrollo. Estos planes deben incluir rutas de evacuaci\u00f3n seguras, puntos de encuentro, albergues temporales y protocolos de comunicaci\u00f3n.<\/p>\n\n\n\n<p>En este mismo sentido es que las autoridades deber\u00e1n continuar promoviendo la coordinaci\u00f3n y colaboraci\u00f3n efectiva entre todas las instituciones involucradas en la protecci\u00f3n civil. Esto implica la participaci\u00f3n activa de los cuerpos de seguridad, servicios de emergencia, fuerzas armadas, instituciones de salud y organizaciones no gubernamentales. Estas entidades deben estar preparadas para actuar de manera conjunta y eficiente, compartiendo informaci\u00f3n y recursos para responder de manera adecuada a las necesidades de la poblaci\u00f3n afectada.<\/p>\n\n\n\n<p>Asimismo es crucial que el gobierno establezca canales de comunicaci\u00f3n efectivos con la poblaci\u00f3n, brindando informaci\u00f3n clara y oportuna sobre la actividad volc\u00e1nica, los riesgos asociados y las medidas de protecci\u00f3n. Esto puede incluir la implementaci\u00f3n de sistemas de alerta a trav\u00e9s de mensajes de texto, redes sociales, medios de comunicaci\u00f3n y altavoces p\u00fablicos.<\/p>\n\n\n\n<p>Adem\u00e1s, se deben llevar a cabo campa\u00f1as de educaci\u00f3n p\u00fablica para promover la conciencia y la preparaci\u00f3n ante los desastres volc\u00e1nicos, capacitando a la poblaci\u00f3n en t\u00e9cnicas de evacuaci\u00f3n, primeros auxilios y medidas de autoprotecci\u00f3n, as\u00ed como en la importancia de seguir las instrucciones de evacuaci\u00f3n emitidas por las autoridades competentes.<\/p>\n\n\n\n<p>Es muy importante tener presentes estas medidas, ya que a veces se nos olvida que vivimos en una zona de riesgo por contingencia volc\u00e1nica. Hoy la gran cantidad de ceniza nos recuerda que no debemos bajar la guardia y debemos mantenernos atentos para actuar adecuadamente y emprender medidas preventivas que salven vidas.<\/p>\n","protected":false},"excerpt":{"rendered":"<p>Por Fernando Manzanilla Prieto En los \u00faltimos d\u00edas las y los habitantes de la zona metropolitana de Puebla y municipios [&hellip;]<\/p>\n","protected":false},"author":1,"featured_media":51717,"comment_status":"open","ping_status":"open","sticky":false,"template":"","format":"standard","meta":{"site-sidebar-layout":"default","site-content-layout":"","ast-site-content-layout":"default","site-content-style":"default","site-sidebar-style":"default","ast-global-header-display":"","ast-banner-title-visibility":"","ast-main-header-display":"","ast-hfb-above-header-display":"","ast-hfb-below-header-display":"","ast-hfb-mobile-header-display":"","site-post-title":"","ast-breadcrumbs-content":"","ast-featured-img":"","footer-sml-layout":"","theme-transparent-header-meta":"","adv-header-id-meta":"","stick-header-meta":"","header-above-stick-meta":"","header-main-stick-meta":"","header-below-stick-meta":"","astra-migrate-meta-layouts":"default","ast-page-background-enabled":"default","ast-page-background-meta":{"desktop":{"background-color":"var(--ast-global-color-4)","background-image":"","background-repeat":"repeat","background-position":"center center","background-size":"auto","background-attachment":"scroll","background-type":"","background-media":"","overlay-type":"","overlay-color":"","overlay-opacity":"","overlay-gradient":""},"tablet":{"background-color":"","background-image":"","background-repeat":"repeat","background-position":"center center","background-size":"auto","background-attachment":"scroll","background-type":"","background-media":"","overlay-type":"","overlay-color":"","overlay-opacity":"","overlay-gradient":""},"mobile":{"background-color":"","background-image":"","background-repeat":"repeat","background-position":"center center","background-size":"auto","background-attachment":"scroll","background-type":"","background-media":"","overlay-type":"","overlay-color":"","overlay-opacity":"","overlay-gradient":""}},"ast-content-background-meta":{"desktop":{"background-color":"var(--ast-global-color-5)","background-image":"","background-repeat":"repeat","background-position":"center center","background-size":"auto","background-attachment":"scroll","background-type":"","background-media":"","overlay-type":"","overlay-color":"","overlay-opacity":"","overlay-gradient":""},"tablet":{"background-color":"var(--ast-global-color-5)","background-image":"","background-repeat":"repeat","background-position":"center center","background-size":"auto","background-attachment":"scroll","background-type":"","background-media":"","overlay-type":"","overlay-color":"","overlay-opacity":"","overlay-gradient":""},"mobile":{"background-color":"var(--ast-global-color-5)","background-image":"","background-repeat":"repeat","background-position":"center center","background-size":"auto","background-attachment":"scroll","background-type":"","background-media":"","overlay-type":"","overlay-color":"","overlay-opacity":"","overlay-gradient":""}},"footnotes":""},"categories":[24,8],"tags":[4065],"class_list":["post-51716","post","type-post","status-publish","format-standard","has-post-thumbnail","hentry","category-fernando-manzanilla","category-noticias","tag-popocatepetl"],"_links":{"self":[{"href":"https:\/\/losperiodistas.com.mx\/portal\/wp-json\/wp\/v2\/posts\/51716","targetHints":{"allow":["GET"]}}],"collection":[{"href":"https:\/\/losperiodistas.com.mx\/portal\/wp-json\/wp\/v2\/posts"}],"about":[{"href":"https:\/\/losperiodistas.com.mx\/portal\/wp-json\/wp\/v2\/types\/post"}],"author":[{"embeddable":true,"href":"https:\/\/losperiodistas.com.mx\/portal\/wp-json\/wp\/v2\/users\/1"}],"replies":[{"embeddable":true,"href":"https:\/\/losperiodistas.com.mx\/portal\/wp-json\/wp\/v2\/comments?post=51716"}],"version-history":[{"count":1,"href":"https:\/\/losperiodistas.com.mx\/portal\/wp-json\/wp\/v2\/posts\/51716\/revisions"}],"predecessor-version":[{"id":51718,"href":"https:\/\/losperiodistas.com.mx\/portal\/wp-json\/wp\/v2\/posts\/51716\/revisions\/51718"}],"wp:featuredmedia":[{"embeddable":true,"href":"https:\/\/losperiodistas.com.mx\/portal\/wp-json\/wp\/v2\/media\/51717"}],"wp:attachment":[{"href":"https:\/\/losperiodistas.com.mx\/portal\/wp-json\/wp\/v2\/media?parent=51716"}],"wp:term":[{"taxonomy":"category","embeddable":true,"href":"https:\/\/losperiodistas.com.mx\/portal\/wp-json\/wp\/v2\/categories?post=51716"},{"taxonomy":"post_tag","embeddable":true,"href":"https:\/\/losperiodistas.com.mx\/portal\/wp-json\/wp\/v2\/tags?post=51716"}],"curies":[{"name":"wp","href":"https:\/\/api.w.org\/{rel}","templated":true}]}}