{"id":51713,"date":"2023-05-18T08:46:41","date_gmt":"2023-05-18T13:46:41","guid":{"rendered":"http:\/\/losperiodistas.com.mx\/portal\/?p=51713"},"modified":"2023-05-18T08:46:43","modified_gmt":"2023-05-18T13:46:43","slug":"armenta-el-morenista-que-apoyo-a-epn-critico-al-populista-y-se-dice-amenazado-por-la-scjn-el-cristalazo","status":"publish","type":"post","link":"https:\/\/losperiodistas.com.mx\/portal\/armenta-el-morenista-que-apoyo-a-epn-critico-al-populista-y-se-dice-amenazado-por-la-scjn-el-cristalazo\/","title":{"rendered":"Armenta: el morenista que apoy\u00f3 a EPN, critic\u00f3 al \u2018populista\u2019 y se dice amenazado por la SCJN | El Cristalazo"},"content":{"rendered":"\n<p class=\"has-light-green-cyan-background-color has-background has-medium-font-size\"><em><strong>El senador poblano, conocido por su oportunismo y ser maestro de las distracciones, sin evidencias claras dice haber sido supuestamente amenazado desde un tel\u00e9fono de la ministra presidenta de la SCJN, algo que le ha desatado cr\u00edticas<\/strong><\/em><\/p>\n\n\n\n<p><\/p>\n\n\n\n<figure class=\"wp-block-image size-large is-style-default\"><img fetchpriority=\"high\" decoding=\"async\" width=\"1024\" height=\"541\" src=\"https:\/\/losperiodistas.com.mx\/portal\/wp-content\/uploads\/2023\/05\/Captura-de-Pantalla-2023-05-18-a-las-7.42.25-1024x541.jpg\" alt=\"\" class=\"wp-image-51714\" srcset=\"https:\/\/losperiodistas.com.mx\/portal\/wp-content\/uploads\/2023\/05\/Captura-de-Pantalla-2023-05-18-a-las-7.42.25-1024x541.jpg 1024w, https:\/\/losperiodistas.com.mx\/portal\/wp-content\/uploads\/2023\/05\/Captura-de-Pantalla-2023-05-18-a-las-7.42.25-300x159.jpg 300w, https:\/\/losperiodistas.com.mx\/portal\/wp-content\/uploads\/2023\/05\/Captura-de-Pantalla-2023-05-18-a-las-7.42.25-768x406.jpg 768w, https:\/\/losperiodistas.com.mx\/portal\/wp-content\/uploads\/2023\/05\/Captura-de-Pantalla-2023-05-18-a-las-7.42.25-1536x812.jpg 1536w, https:\/\/losperiodistas.com.mx\/portal\/wp-content\/uploads\/2023\/05\/Captura-de-Pantalla-2023-05-18-a-las-7.42.25.jpg 2040w\" sizes=\"(max-width: 1024px) 100vw, 1024px\" \/><\/figure>\n\n\n\n<p><\/p>\n\n\n\n<p><\/p>\n\n\n\n<p class=\"has-vivid-red-color has-text-color has-medium-font-size\"><strong>REDACCI\u00d3N EL CRISTALAZO<\/strong><\/p>\n\n\n\n<p>Etiquetado como un chapul\u00edn interesado y oportunista y casi maestro de las artima\u00f1as, el senador morenista, Alejandro Armenta Mier ha sido severamente criticado en redes sociales por su pasado priista, venderse al mejor postor y apostarle al enga\u00f1o como medio distractor. Tras su salida del PRI en 2017 para cambiar el color por el guinda de Morena, ha simulado bien que las cr\u00edticas que lanz\u00f3 contra la izquierda populista que hoy defiende ya son cosas del pasado, que nadie en la 4T se lo recriminar\u00e1, y ahora salta como v\u00edctima por una supuestamente amenaza desde la Suprema Corte de Justicia de la Naci\u00f3n (SCJN).<\/p>\n\n\n\n<p>El presidente de la mesa directiva del Senado dijo, a manera de denuncia, que recibi\u00f3 presuntas amenazas contra \u00e9l y su familia v\u00eda WhatsApp, supuestamente proferidas desde un tel\u00e9fono celular de la ministra presidenta de la Suprema Corte de Justicia de la Naci\u00f3n (SCJN), Norma Pi\u00f1a, lo que a todas luces apunta a ser una farsa y distractor m\u00e1s tal vez fraguado desde Palacio Nacional.<\/p>\n\n\n\n<p>A ra\u00edz de esta queja infundada que busca desvirtuar lo que realmente ocurre en el pa\u00eds, al senador Armenta Mier les han llovido cr\u00edticas y recordatorios de cuando \u00e9l fue un supuesto militante priista de hueso colorado, como lleg\u00f3 a presumir, y cuando el 25 de julio del 2012, como coordinador de campa\u00f1a de Enrique Pe\u00f1a Nieto en Puebla, critic\u00f3 a la izquierda a la que supuestamente rechazaba, as\u00ed como a su presidenciable y ahora mandatario, Andr\u00e9s Manuel L\u00f3pez Obrador.<\/p>\n\n\n\n<figure class=\"wp-block-image is-style-default\"><img decoding=\"async\" src=\"https:\/\/www.elcristalazo.com\/blog\/wp-content\/uploads\/2023\/05\/Armenta.jpg\" alt=\"\" class=\"wp-image-30489\"\/><\/figure>\n\n\n\n<p>En un Tuit que circula en redes sociales con fecha del 25 de julio de 2012, aparece el ahora senador morena Alejandro Armenta sonriente, con camisa blanca y los colores del PRI y el bordado el nombre de Pe\u00f1a Nieto en letras may\u00fasculas, acompa\u00f1ado de la leyenda: \u00a1Felicidades a Enrique Pe\u00f1a Nieto!, vencimos al socialismo populista de la izquierda. Fue un honor luchar a tu lado como coordinador de campa\u00f1a del PRI en Puebla. Estoy convencido de que ser\u00e1s un gran presidente y que a tu lado construiremos el futuro.<\/p>\n\n\n\n<p>En su pasado priista Armenta Mier inici\u00f3 dentro del \u00e1mbito del servicio p\u00fablico en el gobierno estatal de Mario Mar\u00edn Torres, entre 2005 y 2011; posteriormente fue nombrado Secretario de Desarrollo Social de Puebla y Director General del Sistema para el Desarrollo Integral de la Familia en la entidad (Sedif).<\/p>\n\n\n\n<p>Luego del triunfo de Pe\u00f1a Nieto como presidente de la Rep\u00fablica, como premio por ser coordinador de campa\u00f1a en Puebla del expresidente de la Rep\u00fablica, se le nombr\u00f3 director general del Registro Nacional de Poblaci\u00f3n (Renapo) de la Secretar\u00eda de Gobernaci\u00f3n&nbsp;(Segob) de 2012 al 2015.<\/p>\n\n\n\n<p>En 2017 Armenta Mier decide dar el brinco a Morena, donde por \u00e9l las cr\u00edticas a la izquierda populista que critic\u00f3 ya eran cosa del pasado. Habr\u00e1 que ver si algunos militantes de verdad de izquierda hayan enterrado esos ataques.<\/p>\n\n\n\n<p>Fuente: <a href=\"https:\/\/www.elcristalazo.com\/blog\/alejandro-armenta-el-morenista-que-critico-a-la-izquierda-populista-y-se-dice-amenazado-por-la-scjn\/\">https:\/\/www.elcristalazo.com\/blog\/alejandro-armenta-el-morenista-que-critico-a-la-izquierda-populista-y-se-dice-amenazado-por-la-scjn\/<\/a><\/p>\n","protected":false},"excerpt":{"rendered":"<p>El senador poblano, conocido por su oportunismo y ser maestro de las distracciones, sin evidencias claras dice haber sido supuestamente [&hellip;]<\/p>\n","protected":false},"author":1,"featured_media":51714,"comment_status":"open","ping_status":"open","sticky":false,"template":"","format":"standard","meta":{"site-sidebar-layout":"default","site-content-layout":"","ast-site-content-layout":"default","site-content-style":"default","site-sidebar-style":"default","ast-global-header-display":"","ast-banner-title-visibility":"","ast-main-header-display":"","ast-hfb-above-header-display":"","ast-hfb-below-header-display":"","ast-hfb-mobile-header-display":"","site-post-title":"","ast-breadcrumbs-content":"","ast-featured-img":"","footer-sml-layout":"","theme-transparent-header-meta":"","adv-header-id-meta":"","stick-header-meta":"","header-above-stick-meta":"","header-main-stick-meta":"","header-below-stick-meta":"","astra-migrate-meta-layouts":"default","ast-page-background-enabled":"default","ast-page-background-meta":{"desktop":{"background-color":"var(--ast-global-color-4)","background-image":"","background-repeat":"repeat","background-position":"center center","background-size":"auto","background-attachment":"scroll","background-type":"","background-media":"","overlay-type":"","overlay-color":"","overlay-opacity":"","overlay-gradient":""},"tablet":{"background-color":"","background-image":"","background-repeat":"repeat","background-position":"center center","background-size":"auto","background-attachment":"scroll","background-type":"","background-media":"","overlay-type":"","overlay-color":"","overlay-opacity":"","overlay-gradient":""},"mobile":{"background-color":"","background-image":"","background-repeat":"repeat","background-position":"center center","background-size":"auto","background-attachment":"scroll","background-type":"","background-media":"","overlay-type":"","overlay-color":"","overlay-opacity":"","overlay-gradient":""}},"ast-content-background-meta":{"desktop":{"background-color":"var(--ast-global-color-5)","background-image":"","background-repeat":"repeat","background-position":"center center","background-size":"auto","background-attachment":"scroll","background-type":"","background-media":"","overlay-type":"","overlay-color":"","overlay-opacity":"","overlay-gradient":""},"tablet":{"background-color":"var(--ast-global-color-5)","background-image":"","background-repeat":"repeat","background-position":"center center","background-size":"auto","background-attachment":"scroll","background-type":"","background-media":"","overlay-type":"","overlay-color":"","overlay-opacity":"","overlay-gradient":""},"mobile":{"background-color":"var(--ast-global-color-5)","background-image":"","background-repeat":"repeat","background-position":"center center","background-size":"auto","background-attachment":"scroll","background-type":"","background-media":"","overlay-type":"","overlay-color":"","overlay-opacity":"","overlay-gradient":""}},"footnotes":""},"categories":[8],"tags":[2147,16509],"class_list":["post-51713","post","type-post","status-publish","format-standard","has-post-thumbnail","hentry","category-noticias","tag-alejandro-armenta-mier","tag-chapulines-de-la-politica"],"_links":{"self":[{"href":"https:\/\/losperiodistas.com.mx\/portal\/wp-json\/wp\/v2\/posts\/51713","targetHints":{"allow":["GET"]}}],"collection":[{"href":"https:\/\/losperiodistas.com.mx\/portal\/wp-json\/wp\/v2\/posts"}],"about":[{"href":"https:\/\/losperiodistas.com.mx\/portal\/wp-json\/wp\/v2\/types\/post"}],"author":[{"embeddable":true,"href":"https:\/\/losperiodistas.com.mx\/portal\/wp-json\/wp\/v2\/users\/1"}],"replies":[{"embeddable":true,"href":"https:\/\/losperiodistas.com.mx\/portal\/wp-json\/wp\/v2\/comments?post=51713"}],"version-history":[{"count":1,"href":"https:\/\/losperiodistas.com.mx\/portal\/wp-json\/wp\/v2\/posts\/51713\/revisions"}],"predecessor-version":[{"id":51715,"href":"https:\/\/losperiodistas.com.mx\/portal\/wp-json\/wp\/v2\/posts\/51713\/revisions\/51715"}],"wp:featuredmedia":[{"embeddable":true,"href":"https:\/\/losperiodistas.com.mx\/portal\/wp-json\/wp\/v2\/media\/51714"}],"wp:attachment":[{"href":"https:\/\/losperiodistas.com.mx\/portal\/wp-json\/wp\/v2\/media?parent=51713"}],"wp:term":[{"taxonomy":"category","embeddable":true,"href":"https:\/\/losperiodistas.com.mx\/portal\/wp-json\/wp\/v2\/categories?post=51713"},{"taxonomy":"post_tag","embeddable":true,"href":"https:\/\/losperiodistas.com.mx\/portal\/wp-json\/wp\/v2\/tags?post=51713"}],"curies":[{"name":"wp","href":"https:\/\/api.w.org\/{rel}","templated":true}]}}