{"id":514,"date":"2020-10-27T07:18:57","date_gmt":"2020-10-27T13:18:57","guid":{"rendered":"http:\/\/losperiodistas.com.mx\/portal\/?p=514"},"modified":"2020-10-27T09:35:44","modified_gmt":"2020-10-27T15:35:44","slug":"concluye-cuarto-dia-de-comparecencias-municipales-2020","status":"publish","type":"post","link":"https:\/\/losperiodistas.com.mx\/portal\/concluye-cuarto-dia-de-comparecencias-municipales-2020\/","title":{"rendered":"Concluye cuarto d\u00eda de comparecencias municipales 2020"},"content":{"rendered":"\n<p><\/p>\n\n\n\n<p class=\"has-vivid-cyan-blue-color has-text-color has-medium-font-size\">REDACCI\u00d3N<\/p>\n\n\n\n<p>Las y los titulares de la Secretar\u00eda de Turismo, Gerencia del Centro Hist\u00f3rico y Patrimonio Cultural, Secretar\u00eda de Desarrollo Econ\u00f3mico e Industrial de Abastos comparecieron ante regidores de sus respectivas comisiones en un ejercicio democr\u00e1tico de rendici\u00f3n de cuentas.<\/p>\n\n\n\n<p>Durante su intervenci\u00f3n, M\u00f3nica Prida Coppe, titular de la Secretar\u00eda de Turismo, destac\u00f3 que pese a la emergencia sanitaria por COVID-19 se logr\u00f3 una derrama econ\u00f3mica de 39 millones de pesos en congresos y convenciones durante el periodo informado, atendiendo 62 eventos con m\u00e1s de seis mil participantes.<\/p>\n\n\n\n<p>Ante regidores de la Comisi\u00f3n de Turismo, Arte y Cultura, destac\u00f3 la llegada de m\u00e1s de un mill\u00f3n 405 mil turistas a la capital, la ocupaci\u00f3n de nueve mil 718 habitaciones de hotel y una ocupaci\u00f3n hotelera promedio del 23.78 por ciento; en cuanto al turismo social, inform\u00f3 sobre el fortalecimiento del programa Martes de Paseo donde participaron 467 personas de los barrios de Santa Rosa y el Alto, las colonias Chulavista y Vicente Guerrero, as\u00ed como las juntas auxiliares La Libertad, San Jer\u00f3nimo Caleras y Barranca Honda.<\/p>\n\n\n\n<p>Respecto a la Noche de Museos, de octubre del 2019 a febrero 2020 se realizaron seis ediciones que recibieron a 165 mil 186 visitantes y, ante la pandemia, se reestructur\u00f3 el programa a formato virtual con siete ediciones de mayo a septiembre, alcanzando mil 641 interacciones; de igual forma, se realizaron el Festival del Mole Poblano, el D\u00eda Nacional de la Gastronom\u00eda, Tercer Festival de la Cemita Poblana y el Festival de la Chalupa y la Milpa.<\/p>\n\n\n\n<p><strong>Preservar y proteger el patrimonio de Puebla capital, prioridad para la administraci\u00f3n local<\/strong><\/p>\n\n\n\n<p>Mar\u00eda Graciela Le\u00f3n Matamoros, encargada de despacho de la Gerencia del Centro Hist\u00f3rico y Patrimonio Cultural, inform\u00f3 ante las Comisiones Unidas de Centro Hist\u00f3rico y Patrimonio Cultural y de Turismo, Arte y Cultura las diversas acciones ejecutadas en materia de preservaci\u00f3n y protecci\u00f3n del patrimonio, gesti\u00f3n de recursos federales y vigilancia, prevenci\u00f3n e inspecci\u00f3n del patrimonio edificado.<\/p>\n\n\n\n<p>Entre ellas destacan la integraci\u00f3n de la Sala de Lectura de la Casa del Puente de Bubas a la Red Internacional de Bibliotecas Jean Paul L\u2019allier de la Organizaci\u00f3n de las Ciudades Patrimonio Mundial; el impulso del Programa de Educaci\u00f3n Patrimonial; la transici\u00f3n de l\u00edneas a\u00e9reas de electricidad a terrestres en el barrio El Parral; mejoramiento de imagen urbana de los barrios San Antonio y El Refugio; y el rescate del patrimonio en los barrios Los Remedios, Analco y Xonaca y del corredor 3 Norte-Sur, entre las avenidas 10 y 15 poniente, con mantenimiento a fachadas.<\/p>\n\n\n\n<p>Asimismo, se cre\u00f3 el Departamento de Supervisi\u00f3n para mantener las labores de regulaci\u00f3n, se cuadruplicaron el n\u00famero de notificaciones entregadas y se habilit\u00f3 el ingreso de expedientes para factibilidades a trav\u00e9s de recursos digitales.<\/p>\n\n\n\n<p><strong>IDAP brinda buenos resultados y calidad en su servicio, aumenta en 20 por ciento sacrificio de porcinos<\/strong><\/p>\n\n\n\n<p>Por su parte, el administrador general de Industrial de Abastos, Raul Corona Flores, compareci\u00f3 ante las Comisiones Unidas de Servicios P\u00fablicos y de Salud y Grupos en Situaci\u00f3n de Vulnerabilidad para informar a las y los regidores el estado del \u00faltimo a\u00f1o del organismo a su cargo.<\/p>\n\n\n\n<p>Mencion\u00f3 que el n\u00famero sacrificio de porcinos se ha incrementado de manera importante en un 20 por ciento, por el servicio de calidad ofrecido, cumpliendo siempre con las especificaciones y normas que rigen el establecimiento Tipo Inspecci\u00f3n Federal (Planta TIF-591) para garantizar su inocuidad.<\/p>\n\n\n\n<p>De igual forma, el Departamento de Inspecci\u00f3n Sanitaria Externa increment\u00f3 en 25 por ciento las visitas de inspecci\u00f3n sanitaria a establecimientos de venta de carne de aves, porcinos y bovinos que procesan, industrializan, movilizan, comercializan, refrigeran, empacan productos c\u00e1rnicos para consumo humano dentro del municipio.<\/p>\n\n\n\n<p><strong>Puebla, entre los primeros municipios en presentar y ejecutar un Plan de Reactivaci\u00f3n Econ\u00f3mica<\/strong><\/p>\n\n\n\n<p>Carmen Mireya Calder\u00f3n Gonz\u00e1lez, titular de la Secretar\u00eda de Desarrollo Econ\u00f3mico, present\u00f3 ante la Comisi\u00f3n de Desarrollo Econ\u00f3mico, Competitividad y Trabajo las acciones y actividades desarrolladas durante el \u00faltimo a\u00f1o de gesti\u00f3n en la dependencia.<\/p>\n\n\n\n<p>Destac\u00f3 la respuesta ante la emergencia sanitaria por COVID-19 para reactivar la econom\u00eda capitalina lo antes posible como la creaci\u00f3n del Plan de Reactivaci\u00f3n Econ\u00f3mica del Municipio, la implementaci\u00f3n de programas emergentes como los 487 apoyos a fondo perdido a peque\u00f1os comercios formales del Centro Hist\u00f3rico y el municipio y la atenci\u00f3n a 17 inversiones que representan m\u00e1s de mil 847 millones de pesos y con potencial de generar 14 mil 215 empleos directos e indirectos.<\/p>\n\n\n\n<p>Asimismo, destac\u00f3 la presentaci\u00f3n del \u201cAn\u00e1lisis de Especializaci\u00f3n Productiva para el Municipio de Puebla\u201d, la creaci\u00f3n del Centro de Innovaci\u00f3n Industrial del Municipio de Puebla, el programa Comercio Seguro y el acercamiento y di\u00e1logo permanente con organismos empresariales poblanos con 20 reuniones de trabajo durante este periodo de pandemia.<\/p>\n\n\n\n<p><strong>Fuente:<\/strong>&nbsp;<a rel=\"noreferrer noopener\" href=\"https:\/\/bit.ly\/2HADi0T\" target=\"_blank\">https:\/\/bit.ly\/2HADi0T<\/a><\/p>\n","protected":false},"excerpt":{"rendered":"<p>REDACCI\u00d3N Las y los titulares de la Secretar\u00eda de Turismo, Gerencia del Centro Hist\u00f3rico y Patrimonio Cultural, Secretar\u00eda de Desarrollo [&hellip;]<\/p>\n","protected":false},"author":1,"featured_media":515,"comment_status":"open","ping_status":"open","sticky":false,"template":"","format":"standard","meta":{"site-sidebar-layout":"default","site-content-layout":"","ast-site-content-layout":"default","site-content-style":"default","site-sidebar-style":"default","ast-global-header-display":"","ast-banner-title-visibility":"","ast-main-header-display":"","ast-hfb-above-header-display":"","ast-hfb-below-header-display":"","ast-hfb-mobile-header-display":"","site-post-title":"","ast-breadcrumbs-content":"","ast-featured-img":"","footer-sml-layout":"","theme-transparent-header-meta":"","adv-header-id-meta":"","stick-header-meta":"","header-above-stick-meta":"","header-main-stick-meta":"","header-below-stick-meta":"","astra-migrate-meta-layouts":"default","ast-page-background-enabled":"default","ast-page-background-meta":{"desktop":{"background-color":"var(--ast-global-color-4)","background-image":"","background-repeat":"repeat","background-position":"center center","background-size":"auto","background-attachment":"scroll","background-type":"","background-media":"","overlay-type":"","overlay-color":"","overlay-opacity":"","overlay-gradient":""},"tablet":{"background-color":"","background-image":"","background-repeat":"repeat","background-position":"center center","background-size":"auto","background-attachment":"scroll","background-type":"","background-media":"","overlay-type":"","overlay-color":"","overlay-opacity":"","overlay-gradient":""},"mobile":{"background-color":"","background-image":"","background-repeat":"repeat","background-position":"center center","background-size":"auto","background-attachment":"scroll","background-type":"","background-media":"","overlay-type":"","overlay-color":"","overlay-opacity":"","overlay-gradient":""}},"ast-content-background-meta":{"desktop":{"background-color":"var(--ast-global-color-5)","background-image":"","background-repeat":"repeat","background-position":"center center","background-size":"auto","background-attachment":"scroll","background-type":"","background-media":"","overlay-type":"","overlay-color":"","overlay-opacity":"","overlay-gradient":""},"tablet":{"background-color":"var(--ast-global-color-5)","background-image":"","background-repeat":"repeat","background-position":"center center","background-size":"auto","background-attachment":"scroll","background-type":"","background-media":"","overlay-type":"","overlay-color":"","overlay-opacity":"","overlay-gradient":""},"mobile":{"background-color":"var(--ast-global-color-5)","background-image":"","background-repeat":"repeat","background-position":"center center","background-size":"auto","background-attachment":"scroll","background-type":"","background-media":"","overlay-type":"","overlay-color":"","overlay-opacity":"","overlay-gradient":""}},"footnotes":""},"categories":[8,10],"tags":[],"class_list":["post-514","post","type-post","status-publish","format-standard","has-post-thumbnail","hentry","category-noticias","category-ultimas-noticias"],"_links":{"self":[{"href":"https:\/\/losperiodistas.com.mx\/portal\/wp-json\/wp\/v2\/posts\/514","targetHints":{"allow":["GET"]}}],"collection":[{"href":"https:\/\/losperiodistas.com.mx\/portal\/wp-json\/wp\/v2\/posts"}],"about":[{"href":"https:\/\/losperiodistas.com.mx\/portal\/wp-json\/wp\/v2\/types\/post"}],"author":[{"embeddable":true,"href":"https:\/\/losperiodistas.com.mx\/portal\/wp-json\/wp\/v2\/users\/1"}],"replies":[{"embeddable":true,"href":"https:\/\/losperiodistas.com.mx\/portal\/wp-json\/wp\/v2\/comments?post=514"}],"version-history":[{"count":2,"href":"https:\/\/losperiodistas.com.mx\/portal\/wp-json\/wp\/v2\/posts\/514\/revisions"}],"predecessor-version":[{"id":523,"href":"https:\/\/losperiodistas.com.mx\/portal\/wp-json\/wp\/v2\/posts\/514\/revisions\/523"}],"wp:featuredmedia":[{"embeddable":true,"href":"https:\/\/losperiodistas.com.mx\/portal\/wp-json\/wp\/v2\/media\/515"}],"wp:attachment":[{"href":"https:\/\/losperiodistas.com.mx\/portal\/wp-json\/wp\/v2\/media?parent=514"}],"wp:term":[{"taxonomy":"category","embeddable":true,"href":"https:\/\/losperiodistas.com.mx\/portal\/wp-json\/wp\/v2\/categories?post=514"},{"taxonomy":"post_tag","embeddable":true,"href":"https:\/\/losperiodistas.com.mx\/portal\/wp-json\/wp\/v2\/tags?post=514"}],"curies":[{"name":"wp","href":"https:\/\/api.w.org\/{rel}","templated":true}]}}