{"id":51270,"date":"2023-05-10T14:20:31","date_gmt":"2023-05-10T19:20:31","guid":{"rendered":"http:\/\/losperiodistas.com.mx\/portal\/?p=51270"},"modified":"2023-05-10T14:20:33","modified_gmt":"2023-05-10T19:20:33","slug":"meter-freno-a-los-ciberdelitos-en-puebla","status":"publish","type":"post","link":"https:\/\/losperiodistas.com.mx\/portal\/meter-freno-a-los-ciberdelitos-en-puebla\/","title":{"rendered":"<strong>Meter freno a los ciberdelitos en Puebla<\/strong>"},"content":{"rendered":"\n<p><\/p>\n\n\n\n<p class=\"has-vivid-red-color has-text-color\" style=\"font-size:26px\"><strong><em>Por Fernando Manzanilla Prieto<\/em><\/strong><\/p>\n\n\n\n<p>En los \u00faltimos a\u00f1os los avances tecnol\u00f3gicos han revolucionado nuestras vidas de formas inimaginables. La creciente dependencia de Internet y las nuevas tecnolog\u00edas han generado innumerables beneficios en diversos aspectos de nuestra sociedad, como el desarrollo econ\u00f3mico, la educaci\u00f3n, conectividad e incluso la comunicaci\u00f3n instant\u00e1nea. Sin embargo, tambi\u00e9n ha abierto las puertas a una serie de amenazas cibern\u00e9ticas que afectan a individuos, empresas y entidades gubernamentales.<\/p>\n\n\n\n<p>Puebla no es una excepci\u00f3n, y enfrenta importantes desaf\u00edos en este \u00e1mbito tanto para la ciudadan\u00eda como para las autoridades encargadas de prevenirlos, ya que estos son m\u00e1s frecuentes de lo que imaginamos.<\/p>\n\n\n\n<p>Precisamente, hace unos d\u00edas que tuve la oportunidad de visitar el municipio de Tlacotepec de Benito Ju\u00e1rez, y platicaba con algunos de sus ciudadano, uno de ellos me confi\u00f3 su enorme preocupaci\u00f3n debido a que le hab\u00edan \u201chackeado\u201d su cuenta de WhatsApp.<\/p>\n\n\n\n<p>Juan me dec\u00eda que no se hab\u00eda dado cuenta de este hecho hasta que sus familiares le marcaron para saber cu\u00e1l era el problema que lo hab\u00eda llevado a pedir dinero prestado a sus contactos. Sin embargo, no era \u00e9l el que estaba haciendo estas peticiones v\u00eda mensajes de WhatsApp, fue ah\u00ed donde se dio cuenta del ciberfraude que los delincuentes ya hab\u00edan cometido a algunos de sus conocidos.<\/p>\n\n\n\n<p>Y es que uno de los principales retos que enfrenta la ciudadan\u00eda en relaci\u00f3n con los ciberdelitos es la falta de conciencia y educaci\u00f3n sobre las medidas de seguridad en l\u00ednea. Muchos usuarios desconocen las precauciones b\u00e1sicas que deben tomar al navegar por internet o con las cuentas de redes sociales y mensajer\u00eda instant\u00e1nea, lo que los hace m\u00e1s vulnerables a estafas, robo de identidad, fraude en l\u00ednea y otras formas de ciberdelincuencia. La falta de conocimiento sobre contrase\u00f1as seguras, la protecci\u00f3n de datos personales y la identificaci\u00f3n de correos electr\u00f3nicos y sitios web fraudulentos son solo algunos ejemplos de estas vulnerabilidades.<\/p>\n\n\n\n<p>Otro desaf\u00edo importante es el r\u00e1pido avance de las t\u00e9cnicas y herramientas utilizadas por los ciberdelincuentes. Los hackers y estafadores est\u00e1n constantemente adaptando sus m\u00e9todos para eludir las medidas de seguridad existentes. Esto requiere una respuesta eficaz y actualizada por parte de las autoridades encargadas de la seguridad cibern\u00e9tica. Mantenerse al d\u00eda con las \u00faltimas tendencias y tecnolog\u00edas en el campo de la ciberseguridad es un reto constante que implica una inversi\u00f3n significativa en recursos humanos y tecnol\u00f3gicos.<\/p>\n\n\n\n<p>En este sentido es que considero muy importante dar un fuerte impulso a la Polic\u00eda Estatal Cibern\u00e9tica (PEC), adscrita a la Secretar\u00eda de Seguridad P\u00fablica, encargada de vigilar la no colisi\u00f3n de los delitos cibern\u00e9ticos, y la cual brinda apoyo a la Fiscal\u00eda General del Estado y a la Fiscal\u00eda General de la Rep\u00fablica.<\/p>\n\n\n\n<p>Tan solo durante el 2022, la PEC atendi\u00f3 m\u00e1s de 8 mil reportes por il\u00edcitos cometidos a trav\u00e9s de las redes sociales, en la que las principales v\u00edctimas fueron menores de edad y adultos mayores.<\/p>\n\n\n\n<p>Es por ello que es imprescindible apostar al \u00e1mbito de la prevenci\u00f3n, en el que las autoridades tambi\u00e9n se enfrentan a obst\u00e1culos considerables, ya que la falta de recursos y presupuesto para implementar programas efectivos de educaci\u00f3n y concientizaci\u00f3n sobre ciberseguridad dificulta la tarea de proteger a la ciudadan\u00eda.<\/p>\n\n\n\n<p>Adem\u00e1s, es fundamental la colaboraci\u00f3n entre diferentes entidades gubernamentales y la coordinaci\u00f3n con organismos internacionales de lucha contra el ciberdelito para hacer frente a esta problem\u00e1tica. La ciberdelincuencia no conoce fronteras, por lo que es necesario establecer alianzas y compartir informaci\u00f3n para enfrentarla de manera efectiva.<\/p>\n\n\n\n<p>Asimismo, la legislaci\u00f3n y los marcos legales tambi\u00e9n deben adaptarse para abordar los ciberdelitos, como lo es en el caso de Puebla el C\u00f3digo Penal del Estado, ya que la falta de leyes espec\u00edficas y actualizadas puede dificultar el enjuiciamiento de los delincuentes cibern\u00e9ticos y disminuir la disuasi\u00f3n para cometer estos delitos.<\/p>\n\n\n\n<p>Desde luego, es esencial establecer mecanismos legales que fomenten la cooperaci\u00f3n entre las autoridades y promuevan la denuncia de los delitos cibern\u00e9ticos, ya que, en muchos casos, como el que les platiqu\u00e9 de Juan, no hay denuncia.<\/p>\n\n\n\n<p>La ciudadan\u00eda est\u00e1 \u00e1vida de tener m\u00e1s informaci\u00f3n para prevenir y saber actuar ante estos lamentables hechos que adem\u00e1s de afectar su econom\u00eda, hacen mella en su propio bienestar emocional y mental. Hago votos para que autoridades, academia, empresarios y la sociedad en general, trabajemos de la mano para ponerle un alto a los ciberdelincuentes.<\/p>\n","protected":false},"excerpt":{"rendered":"<p>Por Fernando Manzanilla Prieto En los \u00faltimos a\u00f1os los avances tecnol\u00f3gicos han revolucionado nuestras vidas de formas inimaginables. La creciente [&hellip;]<\/p>\n","protected":false},"author":1,"featured_media":51271,"comment_status":"open","ping_status":"open","sticky":false,"template":"","format":"standard","meta":{"site-sidebar-layout":"default","site-content-layout":"","ast-site-content-layout":"default","site-content-style":"default","site-sidebar-style":"default","ast-global-header-display":"","ast-banner-title-visibility":"","ast-main-header-display":"","ast-hfb-above-header-display":"","ast-hfb-below-header-display":"","ast-hfb-mobile-header-display":"","site-post-title":"","ast-breadcrumbs-content":"","ast-featured-img":"","footer-sml-layout":"","theme-transparent-header-meta":"","adv-header-id-meta":"","stick-header-meta":"","header-above-stick-meta":"","header-main-stick-meta":"","header-below-stick-meta":"","astra-migrate-meta-layouts":"default","ast-page-background-enabled":"default","ast-page-background-meta":{"desktop":{"background-color":"var(--ast-global-color-4)","background-image":"","background-repeat":"repeat","background-position":"center center","background-size":"auto","background-attachment":"scroll","background-type":"","background-media":"","overlay-type":"","overlay-color":"","overlay-opacity":"","overlay-gradient":""},"tablet":{"background-color":"","background-image":"","background-repeat":"repeat","background-position":"center center","background-size":"auto","background-attachment":"scroll","background-type":"","background-media":"","overlay-type":"","overlay-color":"","overlay-opacity":"","overlay-gradient":""},"mobile":{"background-color":"","background-image":"","background-repeat":"repeat","background-position":"center center","background-size":"auto","background-attachment":"scroll","background-type":"","background-media":"","overlay-type":"","overlay-color":"","overlay-opacity":"","overlay-gradient":""}},"ast-content-background-meta":{"desktop":{"background-color":"var(--ast-global-color-5)","background-image":"","background-repeat":"repeat","background-position":"center center","background-size":"auto","background-attachment":"scroll","background-type":"","background-media":"","overlay-type":"","overlay-color":"","overlay-opacity":"","overlay-gradient":""},"tablet":{"background-color":"var(--ast-global-color-5)","background-image":"","background-repeat":"repeat","background-position":"center center","background-size":"auto","background-attachment":"scroll","background-type":"","background-media":"","overlay-type":"","overlay-color":"","overlay-opacity":"","overlay-gradient":""},"mobile":{"background-color":"var(--ast-global-color-5)","background-image":"","background-repeat":"repeat","background-position":"center center","background-size":"auto","background-attachment":"scroll","background-type":"","background-media":"","overlay-type":"","overlay-color":"","overlay-opacity":"","overlay-gradient":""}},"footnotes":""},"categories":[24,8],"tags":[16381],"class_list":["post-51270","post","type-post","status-publish","format-standard","has-post-thumbnail","hentry","category-fernando-manzanilla","category-noticias","tag-ciberdelitos"],"_links":{"self":[{"href":"https:\/\/losperiodistas.com.mx\/portal\/wp-json\/wp\/v2\/posts\/51270","targetHints":{"allow":["GET"]}}],"collection":[{"href":"https:\/\/losperiodistas.com.mx\/portal\/wp-json\/wp\/v2\/posts"}],"about":[{"href":"https:\/\/losperiodistas.com.mx\/portal\/wp-json\/wp\/v2\/types\/post"}],"author":[{"embeddable":true,"href":"https:\/\/losperiodistas.com.mx\/portal\/wp-json\/wp\/v2\/users\/1"}],"replies":[{"embeddable":true,"href":"https:\/\/losperiodistas.com.mx\/portal\/wp-json\/wp\/v2\/comments?post=51270"}],"version-history":[{"count":1,"href":"https:\/\/losperiodistas.com.mx\/portal\/wp-json\/wp\/v2\/posts\/51270\/revisions"}],"predecessor-version":[{"id":51272,"href":"https:\/\/losperiodistas.com.mx\/portal\/wp-json\/wp\/v2\/posts\/51270\/revisions\/51272"}],"wp:featuredmedia":[{"embeddable":true,"href":"https:\/\/losperiodistas.com.mx\/portal\/wp-json\/wp\/v2\/media\/51271"}],"wp:attachment":[{"href":"https:\/\/losperiodistas.com.mx\/portal\/wp-json\/wp\/v2\/media?parent=51270"}],"wp:term":[{"taxonomy":"category","embeddable":true,"href":"https:\/\/losperiodistas.com.mx\/portal\/wp-json\/wp\/v2\/categories?post=51270"},{"taxonomy":"post_tag","embeddable":true,"href":"https:\/\/losperiodistas.com.mx\/portal\/wp-json\/wp\/v2\/tags?post=51270"}],"curies":[{"name":"wp","href":"https:\/\/api.w.org\/{rel}","templated":true}]}}