{"id":50973,"date":"2023-05-05T09:00:33","date_gmt":"2023-05-05T14:00:33","guid":{"rendered":"http:\/\/losperiodistas.com.mx\/portal\/?p=50973"},"modified":"2023-05-05T09:00:35","modified_gmt":"2023-05-05T14:00:35","slug":"coronacion-de-carlos-iii-cinco-espadas-dos-coronas-la-piedra-del-destino-y-un-rito-oculto-a-las-camaras-vozpopuli","status":"publish","type":"post","link":"https:\/\/losperiodistas.com.mx\/portal\/coronacion-de-carlos-iii-cinco-espadas-dos-coronas-la-piedra-del-destino-y-un-rito-oculto-a-las-camaras-vozpopuli\/","title":{"rendered":"Coronaci\u00f3n de Carlos III: cinco espadas, dos coronas, la piedra del Destino y un rito oculto a las c\u00e1maras | VozP\u00f3puli"},"content":{"rendered":"\n<h2 class=\"has-background has-medium-font-size wp-block-heading\" style=\"background-color:#fc2121\">La Casa Real brit\u00e1nica lucir\u00e1 todas sus joyas durante la coronaci\u00f3n de este s\u00e1bado<\/h2>\n\n\n\n<figure class=\"wp-block-embed is-type-video is-provider-dailymotion wp-block-embed-dailymotion wp-embed-aspect-16-9 wp-has-aspect-ratio\"><div class=\"wp-block-embed__wrapper\">\n<iframe title=\"\u00bfCu\u00e1ndo y c\u00f3mo ser\u00e1 la coronaci\u00f3n de Carlos III? Fecha, invitados, concierto\u2026\" frameborder=\"0\" width=\"500\" height=\"281\" src=\"https:\/\/geo.dailymotion.com\/player.html?video=x8kopqq&#038;\" allowfullscreen allow=\"autoplay; fullscreen; picture-in-picture; web-share\"><\/iframe>\n<\/div><\/figure>\n\n\n\n<p><\/p>\n\n\n\n<p class=\"has-vivid-red-color has-text-color has-medium-font-size\"><strong>GREGO CASANOVA \/ VOZP\u00d3PULI<\/strong><\/p>\n\n\n\n<p>Entre los miles de preparativos para la coronaci\u00f3n de Carlos III de los \u00faltimos meses, la semana pasada tuvo lugar una de las ceremonias m\u00e1s simb\u00f3licas para la Corona brit\u00e1nica. No fue en Londres, sino a m\u00e1s de 600 kil\u00f3metros al norte, en el castillo de Edimburgo, en una pomposa ceremonia. En la sala de la corona del castillo escoc\u00e9s, frente a una enorme chimenea y escoltada por armaduras y pajes, seis personas alzaron en procesi\u00f3n la conocida como&nbsp;<strong>piedra de Scone o piedra del Destino, un objeto de 150 kilos con enorme simbolismo para Escocia, al ser utilizado en las ceremonias de los reyes medievales, y un elemento esencial para la coronaci\u00f3n de los monarcas brit\u00e1nicos.<\/strong>&nbsp;La procesi\u00f3n estuvo encabezada por Lord Lyon King of Arms, representante del monarca en Escocia, y asisti\u00f3 Humza Yousaf, el primer ministro, como guardi\u00e1n del Gran Sello de Escocia.<\/p>\n\n\n\n<p class=\"has-cyan-bluish-gray-background-color has-background\">M\u00c1S INFO<\/p>\n\n\n\n<ul class=\"wp-block-list\"><li><img decoding=\"async\" src=\"https:\/\/media.vozpopuli.com\/2023\/05\/grafico-carlos-coronacion-300x169.png\"><\/li><li><a href=\"https:\/\/www.vozpopuli.com\/internacional\/coronacion-carlos-iii-desfiles-concierto.html\"><\/a><a href=\"https:\/\/www.vozpopuli.com\/internacional\/coronacion-carlos-iii-desfiles-concierto.html\">\u00bfCu\u00e1ndo y c\u00f3mo ser\u00e1 la coronaci\u00f3n de Carlos III? Fecha, invitados, concierto\u2026<\/a><\/li><li><a href=\"https:\/\/www.vozpopuli.com\/internacional\/rituales-coronacion-rey-carlos-iii.html\">Los rituales m\u00e1s extra\u00f1os de la coronaci\u00f3n del rey Carlos III de Inglaterra<\/a><\/li><\/ul>\n\n\n\n<p>El destino de esa losa fue la silla de Coronaci\u00f3n en la Abad\u00eda de Westminster, donde Carlos III se sentar\u00e1 este s\u00e1bado. Aunque algunas leyendas hablan de una procedencia en Tierra Santa, como almohada del patriarca b\u00edblico Jacob, estudios geol\u00f3gicos determinaron un origen local, y conocemos su uso por monarcas escoceses desde el siglo IX. La fecha exacta de la historia de la roca que se puede concretar es 1296, cuando durante la&nbsp;<strong>Primera guerra de independencia escocesa, en la que luch\u00f3 y muri\u00f3 el c\u00e9lebre William Wallace,&nbsp;el rey Eduardo I de Inglaterra, tom\u00f3 la piedra como bot\u00edn de guerra y mand\u00f3 construir la silla de coronaci\u00f3n en la que coloc\u00f3 la emblem\u00e1tica roca.&nbsp;<\/strong>Desde entonces, la silla y la roca han estado presentes en las coronaciones de los reyes de Inglaterra, posteriormente de Reino Unido.&nbsp;<\/p>\n\n\n\n<p>En las Navidades de 1950, un grupo de estudiantes nacionalistas escoceses robaron la piedra de Westminster y la mantuvieron oculta durante meses.<strong>\u00a0Finalmente, en 1996, siete siglos despu\u00e9s de que Eduardo I la tomara para Inglaterra, la piedra del destino fue devuelta definitivamente a Escocia, de donde solo sale para momentos especiales como el de este s\u00e1bado.<\/strong><\/p>\n\n\n\n<figure class=\"wp-block-embed is-type-video is-provider-youtube wp-block-embed-youtube wp-embed-aspect-16-9 wp-has-aspect-ratio\"><div class=\"wp-block-embed__wrapper\">\n<iframe title=\"Stone of Scone leaves Scotland for King Charles&#039;s Coronation\" width=\"500\" height=\"281\" src=\"https:\/\/www.youtube.com\/embed\/SGtNfE5rQH8?feature=oembed\" frameborder=\"0\" allow=\"accelerometer; autoplay; clipboard-write; encrypted-media; gyroscope; picture-in-picture; web-share\" referrerpolicy=\"strict-origin-when-cross-origin\" allowfullscreen><\/iframe>\n<\/div><\/figure>\n\n\n\n<h2 class=\"wp-block-heading\">Dos coronas<\/h2>\n\n\n\n<p>El resto de los objetos utilizados durante la coronaci\u00f3n son m\u00e1s modernos. Carlos III lucir\u00e1 dos coronas, la m\u00e1s importante de ellas la&nbsp;<strong>corona de San Eduardo que fue elaborada en 1661 para el anterior rey Carlos, Carlos II. Con este monarca se reinstauraba la monarqu\u00eda en el pa\u00eds despu\u00e9s de que la revoluci\u00f3n inglesa la aboliera y decapitara a Carlos I, padre del anterior.<\/strong><\/p>\n\n\n\n<p>Es un objeto contundente de\u00a0<strong>2,2 kilos de peso, elaborado en oro macizo y decorado con 444 piedras preciosas y semi preciosas como rub\u00edes, amatistas, zafiros, topacios y aguamarinas.<\/strong>\u00a0La corona solo fue utilizada por los dos sucesores en el trono de Carlos II, y durante m\u00e1s de 200 a\u00f1os se dej\u00f3 de emplear hasta que, ya en el siglo XX, el rey Jorge V reinstaur\u00f3 su uso. Es el objeto clave de la ceremonia y suele descansar en la Casa de las Joyas de la Torre de Londres, lugar de donde solo sale para momentos como la coronaci\u00f3n.<\/p>\n\n\n\n<figure class=\"wp-block-embed is-type-video is-provider-youtube wp-block-embed-youtube wp-embed-aspect-4-3 wp-has-aspect-ratio\"><div class=\"wp-block-embed__wrapper\">\n<iframe title=\"1953. Coronation of Queen Elizabeth II: &#039;The Crowning Ceremony&#039;\" width=\"500\" height=\"375\" src=\"https:\/\/www.youtube.com\/embed\/inKSvLk7kiI?feature=oembed\" frameborder=\"0\" allow=\"accelerometer; autoplay; clipboard-write; encrypted-media; gyroscope; picture-in-picture; web-share\" referrerpolicy=\"strict-origin-when-cross-origin\" allowfullscreen><\/iframe>\n<\/div><\/figure>\n\n\n\n<p><\/p>\n\n\n\n<p>La otra corona que Carlos lucir\u00e1 el s\u00e1bado ser\u00e1 la Corona del Estado Imperial, mucho m\u00e1s ligera en peso y m\u00e1s utilizada que la anterior.\u00a0\u00a0<strong>Ser\u00e1 la corona que portar\u00e1 el Rey durante la procesi\u00f3n desde la Abad\u00eda de Westminster hasta el Palacio de Buckingham, y en el saludo del balc\u00f3n del palacio.\u00a0<\/strong>La Corona del Estado es m\u00e1s c\u00f3moda que la de San Eduardo, pesa poco m\u00e1s de un kilo y est\u00e1 elaborada en \u00a0oro, plata y platino, y decorada con 2.868 diamantes, 273 perlas, 17 zafiros, 11 esmeraldas y cinco rub\u00edes.<strong>Tambi\u00e9n es bastante m\u00e1s moderna, puesto que fue elaborada para la Coronaci\u00f3n del Rey Jorge VI en 1937, reemplazando la corona hecha para la Reina Victoria en 1838.<\/strong><\/p>\n\n\n\n<figure class=\"wp-block-embed is-type-video is-provider-youtube wp-block-embed-youtube wp-embed-aspect-4-3 wp-has-aspect-ratio\"><div class=\"wp-block-embed__wrapper\">\n<iframe title=\"Coronation of Elizabeth II : &#039;The Holy Anointing&#039;\" width=\"500\" height=\"375\" src=\"https:\/\/www.youtube.com\/embed\/ZYay408Rd7c?feature=oembed\" frameborder=\"0\" allow=\"accelerometer; autoplay; clipboard-write; encrypted-media; gyroscope; picture-in-picture; web-share\" referrerpolicy=\"strict-origin-when-cross-origin\" allowfullscreen><\/iframe>\n<\/div><\/figure>\n\n\n\n<p><\/p>\n\n\n\n<h2 class=\"wp-block-heading\">Cinco espadas, dos cetros y una cuchara<\/h2>\n\n\n\n<p><strong>En la ceremonia tambi\u00e9n se lucir\u00e1n hasta cinco espadas<\/strong>: la de Estado, mucho m\u00e1s empleada en otros actos que las siguientes; la de la Justicia Temporal, que simboliza que el monarca es Jefe de las Fuerzas Armadas; la Espiritual que representa al soberano como Defensor de la Fe; la de la Misericordia, conocida como Curtana o Cortana, con la punta roma y que simboliza la misericordia del monarca; y por \u00faltimo, la espada de la Ofrenda que representa el compromiso del soberano con el pueblo.\u00a0<\/p>\n\n\n\n<figure class=\"wp-block-image size-large is-style-default\"><img fetchpriority=\"high\" decoding=\"async\" width=\"763\" height=\"1024\" src=\"https:\/\/losperiodistas.com.mx\/portal\/wp-content\/uploads\/2023\/05\/Captura-de-Pantalla-2023-05-05-a-las-7.55.53-763x1024.jpg\" alt=\"\" class=\"wp-image-50974\" srcset=\"https:\/\/losperiodistas.com.mx\/portal\/wp-content\/uploads\/2023\/05\/Captura-de-Pantalla-2023-05-05-a-las-7.55.53-763x1024.jpg 763w, https:\/\/losperiodistas.com.mx\/portal\/wp-content\/uploads\/2023\/05\/Captura-de-Pantalla-2023-05-05-a-las-7.55.53-223x300.jpg 223w, https:\/\/losperiodistas.com.mx\/portal\/wp-content\/uploads\/2023\/05\/Captura-de-Pantalla-2023-05-05-a-las-7.55.53-768x1031.jpg 768w, https:\/\/losperiodistas.com.mx\/portal\/wp-content\/uploads\/2023\/05\/Captura-de-Pantalla-2023-05-05-a-las-7.55.53.jpg 1086w\" sizes=\"(max-width: 763px) 100vw, 763px\" \/><\/figure>\n\n\n\n<p><a href=\"https:\/\/www.instagram.com\/p\/Cq-7NGboHZ7\/?utm_source=ig_web_copy_link\">VER M\u00c1S EN INSTAGRAM<\/a><\/p>\n\n\n\n<p>Carlos tambi\u00e9n lucir\u00e1 anillos especiales para la ocasi\u00f3n, t\u00fanicas, espuelas y brazaletes.&nbsp;<strong>Se emplear\u00e1 un orbe dorado y dos cetros, el Cetro con Cruz del Soberano representa el poder temporal del soberano<\/strong>, y el Cetro del Soberano con Paloma, conocido tradicionalmente como \u201cla Vara de la Equidad y la Misericordia\u201d, representa el papel espiritual del Soberano.<\/p>\n\n\n\n<figure class=\"wp-block-image is-style-default\"><img decoding=\"async\" src=\"https:\/\/media.vozpopuli.com\/2023\/05\/reina-isabel-ii-coronacion-1024x577.png\" alt=\"\" class=\"wp-image-1769675\"\/><figcaption>Isabel II con el orbe, el Cetro con Cruz del Soberano y la corona del Estado Imperial<\/figcaption><\/figure>\n\n\n\n<p>Por \u00faltimo, otro de los elementos cruciales de la ceremonia ser\u00e1 el aceite sagrado, contenido en una ampolla de oro con forma de \u00e1guila. Del pico de la figura del ave saldr\u00e1 el aceite crismal con el que ser\u00e1n ungidos los nuevos reyes. El arzobispo de Canterbury&nbsp;ungir\u00e1 a Carlos y Camila con aceite consagrado en la Iglesia del Santo Sepulcro de Jerusal\u00e9n, y&nbsp;<strong>lo har\u00e1 con el objeto m\u00e1s antiguo de todas las joyas reales, la Cuchara de la Coronaci\u00f3n, elaborada en la segunda mitad del siglo XII.<\/strong><\/p>\n\n\n\n<p><strong>El momento de la unci\u00f3n es considerado el m\u00e1s sagrado de toda la ceremonia de coronaci\u00f3n y se espera que sea el \u00fanico que no podr\u00e1n ver los espectadores.<\/strong>\u00a0En la coronaci\u00f3n de Isabel II, el ritual se realiz\u00f3 bajo un palio dorado y con Carlos se har\u00e1 tras un biombo de tres lados de 2,6 metros de alto y 2,2 metros de ancho con un dise\u00f1o de un \u00e1rbol que incluye los nombres de todas las naciones que conforman la Commonwealth. El Palacio de Buckingham se\u00f1al\u00f3 que la pantalla buscaba proteger la santidad del ritual considerado \u00abcomo un momento entre el soberano y Dios\u00bb. El arzobispo mojar\u00e1 su dedo con aceite de la cuchara de la coronaci\u00f3n y ungir\u00e1 al rey haciendo una cruz en las manos, el pecho y la cabeza, a continuaci\u00f3n, har\u00e1 lo mismo en la cabeza de Camila. Con este gesto, los nuevos dioses tendr\u00e1n la bendici\u00f3n de Dios.<\/p>\n\n\n\n<figure class=\"wp-block-embed is-type-video is-provider-youtube wp-block-embed-youtube wp-embed-aspect-16-9 wp-has-aspect-ratio\"><div class=\"wp-block-embed__wrapper\">\n<iframe title=\"Spotlight on coronations: Ampulla and spoon\" width=\"500\" height=\"281\" src=\"https:\/\/www.youtube.com\/embed\/CLhkLeBjL64?feature=oembed\" frameborder=\"0\" allow=\"accelerometer; autoplay; clipboard-write; encrypted-media; gyroscope; picture-in-picture; web-share\" referrerpolicy=\"strict-origin-when-cross-origin\" allowfullscreen><\/iframe>\n<\/div><\/figure>\n\n\n\n<p><\/p>\n\n\n\n<p>Fuente: <a href=\"https:\/\/www.vozpopuli.com\/altavoz\/cultura\/coronacion-carlos-iii-espadas-piedra-destino.html\">https:\/\/www.vozpopuli.com\/altavoz\/cultura\/coronacion-carlos-iii-espadas-piedra-destino.html<\/a><\/p>\n","protected":false},"excerpt":{"rendered":"<p>La Casa Real brit\u00e1nica lucir\u00e1 todas sus joyas durante la coronaci\u00f3n de este s\u00e1bado GREGO CASANOVA \/ VOZP\u00d3PULI Entre los [&hellip;]<\/p>\n","protected":false},"author":1,"featured_media":50975,"comment_status":"open","ping_status":"open","sticky":false,"template":"","format":"standard","meta":{"site-sidebar-layout":"default","site-content-layout":"","ast-site-content-layout":"default","site-content-style":"default","site-sidebar-style":"default","ast-global-header-display":"","ast-banner-title-visibility":"","ast-main-header-display":"","ast-hfb-above-header-display":"","ast-hfb-below-header-display":"","ast-hfb-mobile-header-display":"","site-post-title":"","ast-breadcrumbs-content":"","ast-featured-img":"","footer-sml-layout":"","theme-transparent-header-meta":"","adv-header-id-meta":"","stick-header-meta":"","header-above-stick-meta":"","header-main-stick-meta":"","header-below-stick-meta":"","astra-migrate-meta-layouts":"default","ast-page-background-enabled":"default","ast-page-background-meta":{"desktop":{"background-color":"var(--ast-global-color-4)","background-image":"","background-repeat":"repeat","background-position":"center center","background-size":"auto","background-attachment":"scroll","background-type":"","background-media":"","overlay-type":"","overlay-color":"","overlay-opacity":"","overlay-gradient":""},"tablet":{"background-color":"","background-image":"","background-repeat":"repeat","background-position":"center center","background-size":"auto","background-attachment":"scroll","background-type":"","background-media":"","overlay-type":"","overlay-color":"","overlay-opacity":"","overlay-gradient":""},"mobile":{"background-color":"","background-image":"","background-repeat":"repeat","background-position":"center center","background-size":"auto","background-attachment":"scroll","background-type":"","background-media":"","overlay-type":"","overlay-color":"","overlay-opacity":"","overlay-gradient":""}},"ast-content-background-meta":{"desktop":{"background-color":"var(--ast-global-color-5)","background-image":"","background-repeat":"repeat","background-position":"center center","background-size":"auto","background-attachment":"scroll","background-type":"","background-media":"","overlay-type":"","overlay-color":"","overlay-opacity":"","overlay-gradient":""},"tablet":{"background-color":"var(--ast-global-color-5)","background-image":"","background-repeat":"repeat","background-position":"center center","background-size":"auto","background-attachment":"scroll","background-type":"","background-media":"","overlay-type":"","overlay-color":"","overlay-opacity":"","overlay-gradient":""},"mobile":{"background-color":"var(--ast-global-color-5)","background-image":"","background-repeat":"repeat","background-position":"center center","background-size":"auto","background-attachment":"scroll","background-type":"","background-media":"","overlay-type":"","overlay-color":"","overlay-opacity":"","overlay-gradient":""}},"footnotes":""},"categories":[8],"tags":[15423,16302,16301],"class_list":["post-50973","post","type-post","status-publish","format-standard","has-post-thumbnail","hentry","category-noticias","tag-carlos-iii-de-inglaterra","tag-curiosidades-coronacion","tag-protocolo-coronacion"],"_links":{"self":[{"href":"https:\/\/losperiodistas.com.mx\/portal\/wp-json\/wp\/v2\/posts\/50973","targetHints":{"allow":["GET"]}}],"collection":[{"href":"https:\/\/losperiodistas.com.mx\/portal\/wp-json\/wp\/v2\/posts"}],"about":[{"href":"https:\/\/losperiodistas.com.mx\/portal\/wp-json\/wp\/v2\/types\/post"}],"author":[{"embeddable":true,"href":"https:\/\/losperiodistas.com.mx\/portal\/wp-json\/wp\/v2\/users\/1"}],"replies":[{"embeddable":true,"href":"https:\/\/losperiodistas.com.mx\/portal\/wp-json\/wp\/v2\/comments?post=50973"}],"version-history":[{"count":1,"href":"https:\/\/losperiodistas.com.mx\/portal\/wp-json\/wp\/v2\/posts\/50973\/revisions"}],"predecessor-version":[{"id":50976,"href":"https:\/\/losperiodistas.com.mx\/portal\/wp-json\/wp\/v2\/posts\/50973\/revisions\/50976"}],"wp:featuredmedia":[{"embeddable":true,"href":"https:\/\/losperiodistas.com.mx\/portal\/wp-json\/wp\/v2\/media\/50975"}],"wp:attachment":[{"href":"https:\/\/losperiodistas.com.mx\/portal\/wp-json\/wp\/v2\/media?parent=50973"}],"wp:term":[{"taxonomy":"category","embeddable":true,"href":"https:\/\/losperiodistas.com.mx\/portal\/wp-json\/wp\/v2\/categories?post=50973"},{"taxonomy":"post_tag","embeddable":true,"href":"https:\/\/losperiodistas.com.mx\/portal\/wp-json\/wp\/v2\/tags?post=50973"}],"curies":[{"name":"wp","href":"https:\/\/api.w.org\/{rel}","templated":true}]}}