{"id":50969,"date":"2023-05-05T07:48:53","date_gmt":"2023-05-05T12:48:53","guid":{"rendered":"http:\/\/losperiodistas.com.mx\/portal\/?p=50969"},"modified":"2023-05-05T07:48:54","modified_gmt":"2023-05-05T12:48:54","slug":"acoso-y-racismo-en-scotland-yard","status":"publish","type":"post","link":"https:\/\/losperiodistas.com.mx\/portal\/acoso-y-racismo-en-scotland-yard\/","title":{"rendered":"Acoso y racismo en Scotland Yard"},"content":{"rendered":"\n<p class=\"has-medium-font-size\">*Un informe alerta de casos generalizados de homofobia y misoginia<\/p>\n\n\n\n<p><\/p>\n\n\n\n<figure class=\"wp-block-image size-large is-style-default\"><img fetchpriority=\"high\" decoding=\"async\" width=\"1024\" height=\"683\" src=\"https:\/\/losperiodistas.com.mx\/portal\/wp-content\/uploads\/2023\/05\/LOUISE-CASEY-Y-SCOTLAND-YARD-1024x683.jpg\" alt=\"\" class=\"wp-image-50970\" srcset=\"https:\/\/losperiodistas.com.mx\/portal\/wp-content\/uploads\/2023\/05\/LOUISE-CASEY-Y-SCOTLAND-YARD-1024x683.jpg 1024w, https:\/\/losperiodistas.com.mx\/portal\/wp-content\/uploads\/2023\/05\/LOUISE-CASEY-Y-SCOTLAND-YARD-300x200.jpg 300w, https:\/\/losperiodistas.com.mx\/portal\/wp-content\/uploads\/2023\/05\/LOUISE-CASEY-Y-SCOTLAND-YARD-768x512.jpg 768w, https:\/\/losperiodistas.com.mx\/portal\/wp-content\/uploads\/2023\/05\/LOUISE-CASEY-Y-SCOTLAND-YARD-1536x1024.jpg 1536w, https:\/\/losperiodistas.com.mx\/portal\/wp-content\/uploads\/2023\/05\/LOUISE-CASEY-Y-SCOTLAND-YARD-2048x1365.jpg 2048w\" sizes=\"(max-width: 1024px) 100vw, 1024px\" \/><\/figure>\n\n\n\n<p><\/p>\n\n\n\n<p class=\"has-vivid-red-color has-text-color\" style=\"font-size:26px\"><strong><em>Por Ra\u00fal Torres Salmer\u00f3n<\/em><\/strong><\/p>\n\n\n\n<p>Si esto pasa en Londres, qu\u00e9 nos espera a los mexicanos\u2026 Por ello, mientras se pueda hay que disfrutar de las series de televisi\u00f3n y pel\u00edculas policiacas inglesas.&nbsp;&nbsp;<\/p>\n\n\n\n<p>Como una instituci\u00f3n podrida, racista, mis\u00f3gina y homof\u00f3bica, es calificada Scotland Yard, como se conoce popularmente a la Polic\u00eda Metropolitana de Londres (MET), luego de una investigaci\u00f3n independiente publicada recientemente, con el nombre The Baroness Casey Review.&nbsp;<\/p>\n\n\n\n<p>El demoledor diagn\u00f3stico figura en un informe elaborado por Louise Casey, encargada en el 2021, tras el caso de Sarah Everard, la joven que fue secuestrada, violada y asesinada por Wayne Couzens, uno de los agentes de la fuerza policial.<\/p>\n\n\n\n<p>El siguiente es el contenido principal del informe de 363 p\u00e1ginas de Casey, una experta en soluciones de problemas sociales, dado a conocer a fines del mes de marzo pasado:&nbsp;<\/p>\n\n\n\n<p>-Scotland Yard se ha convertido en un reducto de racismo, misoginia y homofobia. La Polic\u00eda Metropolitana est\u00e1 rota y podrida, funciona con la mentalidad de un club de chicos y ha perdido totalmente la confianza de los ciudadanos.&nbsp;<\/p>\n\n\n\n<p>-Scotland Yard o la MET no est\u00e1 en situaci\u00f3n de asegurarnos que sus oficiales cumplen los requisitos y est\u00e1ndares de integridad para portar esos uniformes, se necesita una limpieza.<\/p>\n\n\n\n<p>-Existen historias detalladas inquietantes de agresiones sexuales contra las agentes del cuerpo, que generalmente son encubiertas o minimizadas por sus superiores.&nbsp;<\/p>\n\n\n\n<p>-Un 12 por ciento de las mujeres que integran la principal fuerza policial brit\u00e1nica aseguraron haber sido acosadas o atacadas en el trabajo y un tercio denunci\u00f3 haber sufrido sexismo.<\/p>\n\n\n\n<p>-Se denuncian tratos discriminatorios contra uniformados que profesan otras religiones. Un oficial musulm\u00e1n denunci\u00f3 que una vez encontr\u00f3 tocino en sus botas, mientras que un agente de la religi\u00f3n sij report\u00f3 que sus colegas le cortaron la barba.&nbsp;<\/p>\n\n\n\n<p>-Los recortes aplicados por los Gobiernos han afectado profundamente a la polic\u00eda y prueba de ello es que el presupuesto de la fuerza es un 18 por ciento menor que hace 10 a\u00f1os y que 126 comisar\u00edas han sido cerradas en los \u00faltimos 12 a\u00f1os.<\/p>\n\n\n\n<p>-M\u00e1s de 800 agentes investigados por posibles abusos sexuales y violencia dom\u00e9stica. La confianza en la polic\u00eda est\u00e1 da\u00f1ada. Las mujeres y los ni\u00f1os no reciben la protecci\u00f3n y el apoyo que merecen.<\/p>\n\n\n\n<p>-Hay casos de violaciones archivados sistem\u00e1ticamente. El 12% de las agentes femeninas recociendo haber sufrido acosos y asaltos sexuales a cargo de sus compa\u00f1eros. Bolsas de orina lanzadas sobre sus patrullas y juguetes sexuales dejados sobre sus tazas de caf\u00e9.<\/p>\n\n\n\n<p>-Hay racismo institucional en la fuerza policial de 32 mil agentes mayoritariamente blancos. Al menos uno de cada cinco polic\u00edas reconoci\u00f3 haber experimentado personalmente casos de homofobia.&nbsp;<\/p>\n\n\n\n<p>-La cultura de la intimidaci\u00f3n se practica desde las m\u00e1s altas esferas, los reci\u00e9n llegados tienen que pasar por rituales poco agradables.<\/p>\n\n\n\n<p>-Demasiados londinenses han perdido la fe en la polic\u00eda. La cl\u00e1sica imagen del Bobby de ronda por el barrio ha dejado paso al recelo general de la gente hacia Scotland Yard.<\/p>\n\n\n\n<p>-El servicio de vigilancia vecinal ya no existe y los problemas con las minor\u00edas \u00e9tnicas se han agudizado.<\/p>\n\n\n\n<p>Las reacciones en el Gobierno ingl\u00e9s no se hicieron esperar.<\/p>\n\n\n\n<p>-Claramente, la confianza en la polic\u00eda se ha visto seriamente da\u00f1ada por todo lo que hemos descubierto este a\u00f1o, reconoci\u00f3 el Primer Ministro Rishi Sunak, quien agreg\u00f3 que tiene que haber un cambio de cultura y de liderazgo.<\/p>\n\n\n\n<p>Queda por delante un largo periodo de recuperaci\u00f3n y unos desaf\u00edos que pueden llevar a\u00f1os, coment\u00f3 la Ministra del Interior, Suella Braverman.<\/p>\n\n\n\n<p>Sadiq Khan, Alcalde de Londres, de quien depende el cuerpo, prometi\u00f3 que ser\u00e1 inquebrantable su determinaci\u00f3n en transformar el cuerpo, para as\u00ed erradicar los fallos detectados y recuperar la confianza de los ciudadanos.<\/p>\n\n\n\n<p>El Comisario-Jefe de la Polic\u00eda, Mark Rowley, calific\u00f3 de espantosos los hallazgos pero los reconoci\u00f3 y aunque rechaz\u00f3 el t\u00e9rmino institucional por considerarlo pol\u00edtico, prometi\u00f3 medidas para revertir la situaci\u00f3n y acept\u00f3 que tienen racistas y mis\u00f3ginos.&nbsp;<\/p>\n\n\n\n<p>El informe Casey marca uno de los d\u00edas m\u00e1s oscuros de la Polic\u00eda Metropolitana, declar\u00f3 por su parte el Alcalde de Londres Sadiq Khan, quien en abril del 2022 forz\u00f3 la dimisi\u00f3n de Cressida Dick, la primera mujer al frente de Scotland Yard ante el aluvi\u00f3n de casos de abusos policiales que salieron a la luz tras el asesinato de la joven Sarah Everard, a quien el Agente Wayne Couzens secuestr\u00f3, viol\u00f3 y asesin\u00f3 en el 2021.<\/p>\n\n\n\n<p>Otro esc\u00e1ndalo fue del polic\u00eda David Carrick, acusado de 85 delitos sexuales y violaciones a 12 mujeres amparado por su uniforme.<\/p>\n\n\n\n<figure class=\"wp-block-image size-full is-style-default\"><img decoding=\"async\" width=\"758\" height=\"531\" src=\"https:\/\/losperiodistas.com.mx\/portal\/wp-content\/uploads\/2023\/05\/SCOTLAND-YARD.jpeg\" alt=\"\" class=\"wp-image-50971\" srcset=\"https:\/\/losperiodistas.com.mx\/portal\/wp-content\/uploads\/2023\/05\/SCOTLAND-YARD.jpeg 758w, https:\/\/losperiodistas.com.mx\/portal\/wp-content\/uploads\/2023\/05\/SCOTLAND-YARD-300x210.jpeg 300w\" sizes=\"(max-width: 758px) 100vw, 758px\" \/><\/figure>\n\n\n\n<p>En fin, como escribi\u00f3 Manuel del Cabral (Rep\u00fablica Dominicana, 1907-1999), en su poema No lo Tire\u2026<\/p>\n\n\n\n<p>No le tire, polic\u00eda;<\/p>\n\n\n\n<p>no lo mate, no;<\/p>\n\n\n\n<p>\u00bfno ve<\/p>\n\n\n\n<p>que tiene la misma cara<\/p>\n\n\n\n<p>que tiene usted?<\/p>\n\n\n\n<p>corre roto,<\/p>\n\n\n\n<p>sin zapatos.<\/p>\n\n\n\n<p>\u00bfNo lo ve?<\/p>\n\n\n\n<p>raultorress@hotmail.com<\/p>\n","protected":false},"excerpt":{"rendered":"<p>*Un informe alerta de casos generalizados de homofobia y misoginia Por Ra\u00fal Torres Salmer\u00f3n Si esto pasa en Londres, qu\u00e9 [&hellip;]<\/p>\n","protected":false},"author":1,"featured_media":50970,"comment_status":"open","ping_status":"open","sticky":false,"template":"","format":"standard","meta":{"site-sidebar-layout":"default","site-content-layout":"","ast-site-content-layout":"default","site-content-style":"default","site-sidebar-style":"default","ast-global-header-display":"","ast-banner-title-visibility":"","ast-main-header-display":"","ast-hfb-above-header-display":"","ast-hfb-below-header-display":"","ast-hfb-mobile-header-display":"","site-post-title":"","ast-breadcrumbs-content":"","ast-featured-img":"","footer-sml-layout":"","theme-transparent-header-meta":"","adv-header-id-meta":"","stick-header-meta":"","header-above-stick-meta":"","header-main-stick-meta":"","header-below-stick-meta":"","astra-migrate-meta-layouts":"default","ast-page-background-enabled":"default","ast-page-background-meta":{"desktop":{"background-color":"var(--ast-global-color-4)","background-image":"","background-repeat":"repeat","background-position":"center center","background-size":"auto","background-attachment":"scroll","background-type":"","background-media":"","overlay-type":"","overlay-color":"","overlay-opacity":"","overlay-gradient":""},"tablet":{"background-color":"","background-image":"","background-repeat":"repeat","background-position":"center center","background-size":"auto","background-attachment":"scroll","background-type":"","background-media":"","overlay-type":"","overlay-color":"","overlay-opacity":"","overlay-gradient":""},"mobile":{"background-color":"","background-image":"","background-repeat":"repeat","background-position":"center center","background-size":"auto","background-attachment":"scroll","background-type":"","background-media":"","overlay-type":"","overlay-color":"","overlay-opacity":"","overlay-gradient":""}},"ast-content-background-meta":{"desktop":{"background-color":"var(--ast-global-color-5)","background-image":"","background-repeat":"repeat","background-position":"center center","background-size":"auto","background-attachment":"scroll","background-type":"","background-media":"","overlay-type":"","overlay-color":"","overlay-opacity":"","overlay-gradient":""},"tablet":{"background-color":"var(--ast-global-color-5)","background-image":"","background-repeat":"repeat","background-position":"center center","background-size":"auto","background-attachment":"scroll","background-type":"","background-media":"","overlay-type":"","overlay-color":"","overlay-opacity":"","overlay-gradient":""},"mobile":{"background-color":"var(--ast-global-color-5)","background-image":"","background-repeat":"repeat","background-position":"center center","background-size":"auto","background-attachment":"scroll","background-type":"","background-media":"","overlay-type":"","overlay-color":"","overlay-opacity":"","overlay-gradient":""}},"footnotes":""},"categories":[8,19],"tags":[16300,16299,4200,16298],"class_list":["post-50969","post","type-post","status-publish","format-standard","has-post-thumbnail","hentry","category-noticias","category-sin-limites-2","tag-acoso","tag-misoginia","tag-racismo","tag-scotland-yard"],"_links":{"self":[{"href":"https:\/\/losperiodistas.com.mx\/portal\/wp-json\/wp\/v2\/posts\/50969","targetHints":{"allow":["GET"]}}],"collection":[{"href":"https:\/\/losperiodistas.com.mx\/portal\/wp-json\/wp\/v2\/posts"}],"about":[{"href":"https:\/\/losperiodistas.com.mx\/portal\/wp-json\/wp\/v2\/types\/post"}],"author":[{"embeddable":true,"href":"https:\/\/losperiodistas.com.mx\/portal\/wp-json\/wp\/v2\/users\/1"}],"replies":[{"embeddable":true,"href":"https:\/\/losperiodistas.com.mx\/portal\/wp-json\/wp\/v2\/comments?post=50969"}],"version-history":[{"count":1,"href":"https:\/\/losperiodistas.com.mx\/portal\/wp-json\/wp\/v2\/posts\/50969\/revisions"}],"predecessor-version":[{"id":50972,"href":"https:\/\/losperiodistas.com.mx\/portal\/wp-json\/wp\/v2\/posts\/50969\/revisions\/50972"}],"wp:featuredmedia":[{"embeddable":true,"href":"https:\/\/losperiodistas.com.mx\/portal\/wp-json\/wp\/v2\/media\/50970"}],"wp:attachment":[{"href":"https:\/\/losperiodistas.com.mx\/portal\/wp-json\/wp\/v2\/media?parent=50969"}],"wp:term":[{"taxonomy":"category","embeddable":true,"href":"https:\/\/losperiodistas.com.mx\/portal\/wp-json\/wp\/v2\/categories?post=50969"},{"taxonomy":"post_tag","embeddable":true,"href":"https:\/\/losperiodistas.com.mx\/portal\/wp-json\/wp\/v2\/tags?post=50969"}],"curies":[{"name":"wp","href":"https:\/\/api.w.org\/{rel}","templated":true}]}}