{"id":50966,"date":"2023-05-05T07:43:53","date_gmt":"2023-05-05T12:43:53","guid":{"rendered":"http:\/\/losperiodistas.com.mx\/portal\/?p=50966"},"modified":"2023-05-05T07:43:54","modified_gmt":"2023-05-05T12:43:54","slug":"scjn-batea-a-la-cjef-el-lunes-votara-primera-parte-del-plan-b-la-jornada","status":"publish","type":"post","link":"https:\/\/losperiodistas.com.mx\/portal\/scjn-batea-a-la-cjef-el-lunes-votara-primera-parte-del-plan-b-la-jornada\/","title":{"rendered":"SCJN batea a la CJEF; el lunes votar\u00e1 primera parte del Plan B\u00a0| La Jornada"},"content":{"rendered":"\n<figure class=\"wp-block-image size-full is-style-default\"><img fetchpriority=\"high\" decoding=\"async\" width=\"745\" height=\"558\" src=\"https:\/\/losperiodistas.com.mx\/portal\/wp-content\/uploads\/2023\/05\/image_large.jpeg\" alt=\"\" class=\"wp-image-50967\" srcset=\"https:\/\/losperiodistas.com.mx\/portal\/wp-content\/uploads\/2023\/05\/image_large.jpeg 745w, https:\/\/losperiodistas.com.mx\/portal\/wp-content\/uploads\/2023\/05\/image_large-300x225.jpeg 300w\" sizes=\"(max-width: 745px) 100vw, 745px\" \/><figcaption>Recinto de la Suprema Corte de Justicia de la Naci\u00f3n en la Ciudad de M\u00e9xico.\u00a0Foto\u00a0<strong>Luis Castillo \/ Archivo<\/strong><\/figcaption><\/figure>\n\n\n\n<p class=\"has-vivid-red-color has-text-color has-medium-font-size\"><strong>EDUARDO MURILLO \/ LA JORNADA<\/strong><\/p>\n\n\n\n<p>La Suprema Corte de Justicia de la Naci\u00f3n (SCJN) confirm\u00f3 que el lunes pr\u00f3ximo resolver\u00e1 las impugnaciones a la primera parte del Plan B, pese a la petici\u00f3n de la Consejer\u00eda Jur\u00eddica del Ejecutivo Federal (CJEF) para que el tema se aplazara y se resolvieran primero las acciones de inconstitucionalidad pendientes sobre la Ley General de Comunicaci\u00f3n Social (LGCS) de 2018, relacionadas con la misma norma.<\/p>\n\n\n\n<p>En sesi\u00f3n privada de este jueves, el pleno de ministros se\u00f1al\u00f3 que el tema de los proyectos que se resolver\u00e1n el lunes se plante\u00f3 como netamente electoral, y por tanto la SCJN tiene la obligaci\u00f3n, en su ley reglamentaria, de resolverlos en un plazo fijo, antes de que inicie el periodo electoral.<\/p>\n\n\n\n<p>La decisi\u00f3n de la SCJN se expres\u00f3 en un acuerdo de pleno, que ser\u00e1 dado a conocer hoy mismo.<\/p>\n\n\n\n<p>En la v\u00edspera, la CJEF emiti\u00f3 un comunicado donde inform\u00f3 que hab\u00eda solicitado a la SCJN que, con base en el orden de prelaci\u00f3n y por seguridad jur\u00eddica, se votaran primero las impugnaciones pendientes a la LGCS de 2018, y luego las de las reformas a esta norma expedidas en diciembre del a\u00f1o pasado, que tienen contenido electoral.<\/p>\n\n\n\n<p>Se refiere a las acciones de inconstitucionalidad 52\/2018, 53\/2018 y 55\/2018, todas ellas asignadas originalmente al ministro Fernando Franco Gonz\u00e1lez Salas quien, al cumplir su periodo constitucional en el cargo el a\u00f1o pasado, \u201chered\u00f3\u201d estos asuntos a la ministra Loretta Ortiz Ahlf, quien present\u00f3 los proyectos de resoluci\u00f3n desde enero de 2020, sin embargo, luego ella misma los retir\u00f3 al considerar que debido a las \u00faltimas reformas a la LGCS hab\u00eda un nuevo actos legislativo y se deb\u00eda elaborar un nuevo proyecto por sobreseer.<\/p>\n\n\n\n<p>As\u00ed pues, contin\u00faan listadas para resolverse el lunes 8 de mayo los proyectos del ministro P\u00e9rez Day\u00e1n sobre las acciones de inconstitucionalidad 29\/2023, 30\/2023, 31\/2023, 37\/2023, 38\/2023, 43\/2023 y 47\/2023, contra las reformas a la LGCS y a la Ley General de Responsabilidades Administrativas, publicadas el 27 de diciembre del a\u00f1o pasado.<\/p>\n\n\n\n<p>Los proyectos publicados proponen invalidar ambas reformas, por considerar que para su votaci\u00f3n el Congreso de la Uni\u00f3n incurri\u00f3 en varias violaciones al proceso legislativo.<\/p>\n\n\n\n<p>Fuente: <a href=\"https:\/\/www.jornada.com.mx\/notas\/2023\/05\/04\/politica\/scjn-batea-a-la-cjef-el-lunes-votara-primera-parte-del-plan-b\/?from=homeonline&amp;block=primeraojeada\">https:\/\/www.jornada.com.mx\/notas\/2023\/05\/04\/politica\/scjn-batea-a-la-cjef-el-lunes-votara-primera-parte-del-plan-b\/?from=homeonline&amp;block=primeraojeada<\/a><\/p>\n","protected":false},"excerpt":{"rendered":"<p>EDUARDO MURILLO \/ LA JORNADA La Suprema Corte de Justicia de la Naci\u00f3n (SCJN) confirm\u00f3 que el lunes pr\u00f3ximo resolver\u00e1 [&hellip;]<\/p>\n","protected":false},"author":1,"featured_media":50967,"comment_status":"open","ping_status":"open","sticky":false,"template":"","format":"standard","meta":{"site-sidebar-layout":"default","site-content-layout":"","ast-site-content-layout":"default","site-content-style":"default","site-sidebar-style":"default","ast-global-header-display":"","ast-banner-title-visibility":"","ast-main-header-display":"","ast-hfb-above-header-display":"","ast-hfb-below-header-display":"","ast-hfb-mobile-header-display":"","site-post-title":"","ast-breadcrumbs-content":"","ast-featured-img":"","footer-sml-layout":"","theme-transparent-header-meta":"","adv-header-id-meta":"","stick-header-meta":"","header-above-stick-meta":"","header-main-stick-meta":"","header-below-stick-meta":"","astra-migrate-meta-layouts":"default","ast-page-background-enabled":"default","ast-page-background-meta":{"desktop":{"background-color":"var(--ast-global-color-4)","background-image":"","background-repeat":"repeat","background-position":"center center","background-size":"auto","background-attachment":"scroll","background-type":"","background-media":"","overlay-type":"","overlay-color":"","overlay-opacity":"","overlay-gradient":""},"tablet":{"background-color":"","background-image":"","background-repeat":"repeat","background-position":"center center","background-size":"auto","background-attachment":"scroll","background-type":"","background-media":"","overlay-type":"","overlay-color":"","overlay-opacity":"","overlay-gradient":""},"mobile":{"background-color":"","background-image":"","background-repeat":"repeat","background-position":"center center","background-size":"auto","background-attachment":"scroll","background-type":"","background-media":"","overlay-type":"","overlay-color":"","overlay-opacity":"","overlay-gradient":""}},"ast-content-background-meta":{"desktop":{"background-color":"var(--ast-global-color-5)","background-image":"","background-repeat":"repeat","background-position":"center center","background-size":"auto","background-attachment":"scroll","background-type":"","background-media":"","overlay-type":"","overlay-color":"","overlay-opacity":"","overlay-gradient":""},"tablet":{"background-color":"var(--ast-global-color-5)","background-image":"","background-repeat":"repeat","background-position":"center center","background-size":"auto","background-attachment":"scroll","background-type":"","background-media":"","overlay-type":"","overlay-color":"","overlay-opacity":"","overlay-gradient":""},"mobile":{"background-color":"var(--ast-global-color-5)","background-image":"","background-repeat":"repeat","background-position":"center center","background-size":"auto","background-attachment":"scroll","background-type":"","background-media":"","overlay-type":"","overlay-color":"","overlay-opacity":"","overlay-gradient":""}},"footnotes":""},"categories":[8],"tags":[885,14189,1136],"class_list":["post-50966","post","type-post","status-publish","format-standard","has-post-thumbnail","hentry","category-noticias","tag-ine","tag-plan-b","tag-scjn"],"_links":{"self":[{"href":"https:\/\/losperiodistas.com.mx\/portal\/wp-json\/wp\/v2\/posts\/50966","targetHints":{"allow":["GET"]}}],"collection":[{"href":"https:\/\/losperiodistas.com.mx\/portal\/wp-json\/wp\/v2\/posts"}],"about":[{"href":"https:\/\/losperiodistas.com.mx\/portal\/wp-json\/wp\/v2\/types\/post"}],"author":[{"embeddable":true,"href":"https:\/\/losperiodistas.com.mx\/portal\/wp-json\/wp\/v2\/users\/1"}],"replies":[{"embeddable":true,"href":"https:\/\/losperiodistas.com.mx\/portal\/wp-json\/wp\/v2\/comments?post=50966"}],"version-history":[{"count":1,"href":"https:\/\/losperiodistas.com.mx\/portal\/wp-json\/wp\/v2\/posts\/50966\/revisions"}],"predecessor-version":[{"id":50968,"href":"https:\/\/losperiodistas.com.mx\/portal\/wp-json\/wp\/v2\/posts\/50966\/revisions\/50968"}],"wp:featuredmedia":[{"embeddable":true,"href":"https:\/\/losperiodistas.com.mx\/portal\/wp-json\/wp\/v2\/media\/50967"}],"wp:attachment":[{"href":"https:\/\/losperiodistas.com.mx\/portal\/wp-json\/wp\/v2\/media?parent=50966"}],"wp:term":[{"taxonomy":"category","embeddable":true,"href":"https:\/\/losperiodistas.com.mx\/portal\/wp-json\/wp\/v2\/categories?post=50966"},{"taxonomy":"post_tag","embeddable":true,"href":"https:\/\/losperiodistas.com.mx\/portal\/wp-json\/wp\/v2\/tags?post=50966"}],"curies":[{"name":"wp","href":"https:\/\/api.w.org\/{rel}","templated":true}]}}