{"id":50963,"date":"2023-05-05T07:38:15","date_gmt":"2023-05-05T12:38:15","guid":{"rendered":"http:\/\/losperiodistas.com.mx\/portal\/?p=50963"},"modified":"2023-05-05T07:38:17","modified_gmt":"2023-05-05T12:38:17","slug":"nueva-sede-del-congreso-se-hara-en-terreno-comprado-a-madre-de-estefan-e-consulta","status":"publish","type":"post","link":"https:\/\/losperiodistas.com.mx\/portal\/nueva-sede-del-congreso-se-hara-en-terreno-comprado-a-madre-de-estefan-e-consulta\/","title":{"rendered":"Nueva sede del Congreso se har\u00e1 en terreno comprado a madre de Estefan\u00a0| E-Consulta"},"content":{"rendered":"\n<p class=\"has-medium-font-size\"><strong>El predio, de 12 mil 855 metros cuadrados, est\u00e1 ubicado en la calle 32 Oriente, n\u00famero 202, de la colonia M\u00e1rtires del Trabajo, a un costado de la zona de los Fuertes<\/strong><\/p>\n\n\n\n<p><\/p>\n\n\n\n<figure class=\"wp-block-image size-large is-style-default\"><img fetchpriority=\"high\" decoding=\"async\" width=\"1024\" height=\"682\" src=\"https:\/\/losperiodistas.com.mx\/portal\/wp-content\/uploads\/2023\/05\/portada_terreno_chidiac-1024x682.jpg\" alt=\"\" class=\"wp-image-50964\" srcset=\"https:\/\/losperiodistas.com.mx\/portal\/wp-content\/uploads\/2023\/05\/portada_terreno_chidiac-1024x682.jpg 1024w, https:\/\/losperiodistas.com.mx\/portal\/wp-content\/uploads\/2023\/05\/portada_terreno_chidiac-300x200.jpg 300w, https:\/\/losperiodistas.com.mx\/portal\/wp-content\/uploads\/2023\/05\/portada_terreno_chidiac-768x511.jpg 768w, https:\/\/losperiodistas.com.mx\/portal\/wp-content\/uploads\/2023\/05\/portada_terreno_chidiac.jpg 1280w\" sizes=\"(max-width: 1024px) 100vw, 1024px\" \/><figcaption><em>Foto \/ e-consulta<\/em><\/figcaption><\/figure>\n\n\n\n<p class=\"has-vivid-red-color has-text-color has-medium-font-size\"><strong>JES\u00daS ARR\u00d3NIZ \/ E-CONSULTA<\/strong><\/p>\n\n\n\n<p>El gobierno de&nbsp;<strong>Miguel Barbosa Huerta<\/strong>&nbsp;habr\u00eda favorecido con 86 millones 552 mil pesos a&nbsp;<strong>Michelle Chidiac Acar<\/strong>, madre del diputado local&nbsp;<strong><a href=\"https:\/\/www.e-consulta.com\/nota\/2023-04-05\/politica\/jorge-estefan-chidiac-otorga-el-perdon-arturo-rueda-por-extorsion\" target=\"_blank\" rel=\"noreferrer noopener\">Jorge Estefan Chidiac<\/a><\/strong>, al comprarle el terreno donde se construir\u00e1 la nueva sede del&nbsp;<strong><a href=\"https:\/\/www.e-consulta.com\/nota\/2019-07-07\/gobierno\/morena-quiere-nuevo-edificio-para-el-congreso-del-estado\" target=\"_blank\" rel=\"noreferrer noopener\">Congreso del Estado<\/a><\/strong>.<\/p>\n\n\n\n<p>Como lo document\u00f3 el medio<strong>&nbsp;MTP<\/strong><strong>&nbsp;Noticias<\/strong>, en agosto de 2022,&nbsp;<strong>Chidiac Acar<\/strong>&nbsp;vendi\u00f3 a la administraci\u00f3n barbosista un terreno de&nbsp;<strong>12 mil 855 metros&nbsp;<\/strong>cuadrados ubicada en la calle 32 Oriente, n\u00famero 202&nbsp;<strong>en la colonia M\u00e1rtires del Trabajo<\/strong>, a un costado de la zona de los Fuertes.<\/p>\n\n\n\n<p class=\"has-cyan-bluish-gray-background-color has-background\"><strong>Te recomendamos:&nbsp;<a href=\"https:\/\/www.e-consulta.com\/nota\/2023-04-05\/gobierno\/inah-concede-permisos-para-nueva-sede-del-congreso-en-los-fuertes\" target=\"_blank\" rel=\"noreferrer noopener\">INAH concede permisos para nueva sede del Congreso en Los Fuertes<\/a><\/strong><\/p>\n\n\n\n<p>Este predio habr\u00eda sido vendido a trav\u00e9s de la empresa&nbsp;<strong>\u00abInmobiliaria 2015 SA de CV\u00bb,<\/strong>&nbsp;cuya accionista mayoritaria es la&nbsp;<strong>madre del presidente de la Comisi\u00f3n de Hacienda y Patrimonio Municipal<\/strong>&nbsp;y coordinador del grupo parlamentario del Partido Revolucionario Institucional (PRI),&nbsp;<strong>Jorge Estefan Chidiac<\/strong>.<small>Nota relacionada:<\/small><\/p>\n\n\n\n<h5 class=\"wp-block-heading\">Aumentan a 15 mdp monto para rehabilitar el Congreso<\/h5>\n\n\n\n<figure class=\"wp-block-image is-style-default\"><img decoding=\"async\" src=\"https:\/\/www.e-consulta.com\/_next\/image?url=https%3A%2F%2Ffotos.e-consulta.com%2Fobras_con.jpg&amp;w=3840&amp;q=75\" alt=\"Aumentan a 15 mdp monto para rehabilitar el Congreso\"\/><\/figure>\n\n\n\n<p>La empresa propiedad de Chidiac Acar y Jos\u00e9 F\u00e9lix Gerardo Medina Hern\u00e1ndez tambi\u00e9n&nbsp;<strong>contar\u00eda con los permisos de construcci\u00f3n del nuevo inmueble<\/strong>&nbsp;para el Congreso de Puebla, seg\u00fan lo referido en el oficio n\u00famero SGyDU-DDU-3304\/2022, expedido el 4 de octubre de 2022 por el Ayuntamiento de Puebla.<\/p>\n\n\n\n<p class=\"has-cyan-bluish-gray-background-color has-background\"><strong>Las noticias al momento:<\/strong>&nbsp;<strong><em><a href=\"https:\/\/t.me\/e_consultanoticias\" target=\"_blank\" rel=\"noreferrer noopener\">suscr\u00edbete al canal de Telegram de e-consulta<\/a><\/em><\/strong><\/p>\n\n\n\n<p>En dicho documento, el director de Desarrollo Urbano del municipio, Arnulfo Aurioles Gamboa,&nbsp;<strong>entreg\u00f3 la constancia de uso de suelo del predio<\/strong>&nbsp;adquirido por el gobierno del estado a la empresa&nbsp;<strong>Inmobiliaria 2015<\/strong>&nbsp;para la construcci\u00f3n del inmueble.<\/p>\n\n\n\n<p>No obstante, se manifest\u00f3 que\u00a0<strong>el predio es propiedad privada perteneciente a la misma empresa<\/strong>, el cual fue considerado como\u00a0<strong>suelo mixto<\/strong>\u00a0al ser un pol\u00edgono de urbanizaci\u00f3n y protecci\u00f3n del patrimonio edificado con densidad controlada correspondiente a un terreno denominado como\u00a0<strong>zona de monumentos hist\u00f3ricos clasificada como \u00e1rea verde<\/strong>.<\/p>\n\n\n\n<p>Por tanto, a pesar de contar con la aprobaci\u00f3n del ayuntamiento, la empresa deber\u00e1 tener los permisos correspondientes para&nbsp;<strong>comenzar a intervenir el predio<\/strong>.<\/p>\n\n\n\n<p>El acuerdo en cuesti\u00f3n posteriormente fue publicado en el Peri\u00f3dico Oficial del Estado (POE) el 26 de abril,&nbsp;<strong>respaldando as\u00ed los permisos otorgados por el municipio<\/strong>.<\/p>\n\n\n\n<figure class=\"wp-block-image is-style-default\"><img decoding=\"async\" src=\"https:\/\/fotos.e-consulta.com\/site_uploads\/nueva_sede_del_congreso.jpg\" alt=\"\"\/><\/figure>\n\n\n\n<h2 class=\"wp-block-heading\"><strong>Chidiac Acar obtuvo empresa meses antes de venta de terreno<\/strong><\/h2>\n\n\n\n<p><strong>Michelle Chidiac Acar obtuvo el 90 por ciento de las acciones de la empresa \u00abInmobilaria 2015&nbsp;<\/strong>SA de CV\u00bb el 28 de febrero de 2022, tras&nbsp;<strong>pagar 90 mil pesos a Jos\u00e9 F\u00e9lix Gerardo Medina Hern\u00e1ndez.<\/strong><\/p>\n\n\n\n<p>Este tr\u00e1mite lo realiz\u00f3 previo a la venta del terreno al gobierno de Miguel Barbosa Huerta, la cual se concret\u00f3 el&nbsp;<strong>3 de noviembre de 2022<\/strong>, cuando se hizo el pago de&nbsp;<strong>86 mil 552 millones 156 mil 97 pesos<\/strong>&nbsp;por 11 mil 906 metros cuadrados del predio 16082-01, conforme a la boleta 202268812 expedida por el&nbsp;<strong>Banco Estatal de Tierra<\/strong>.<\/p>\n\n\n\n<p>No obstante, el 53 por ciento de la venta, equivalente a&nbsp;<strong>45 millones 872 mil 642 pesos,<\/strong>&nbsp;ser\u00e1 entregado a&nbsp;<strong>Ram\u00f3n Garc\u00eda Casta\u00f1eda<\/strong>, tambi\u00e9n accionista de la Inmobiliaria 2015.<\/p>\n\n\n\n<p>Meses antes de la compra, en agosto de 2022, Miguel Barbosa habl\u00f3 de su intenci\u00f3n de&nbsp;<strong>construir un nuevo edificio que albergara al Congreso del Estado<\/strong>&nbsp;y en noviembre confirm\u00f3 la adquisici\u00f3n de un terreno en el que se llevar\u00eda a cabo la construcci\u00f3n del inmueble.<\/p>\n\n\n\n<h2 class=\"wp-block-heading\"><strong>Obra costar\u00eda 500 mdp<\/strong><\/h2>\n\n\n\n<p>Aunado a los 86 millones de pesos que desembols\u00f3 la administraci\u00f3n barbosista al adquirir el terreno, la construcci\u00f3n del inmueble&nbsp;<strong>tendr\u00e1 una inversi\u00f3n inicial de 500 millones de pesos.<\/strong><\/p>\n\n\n\n<p>Con dicho capital&nbsp;<strong>se construir\u00e1n tres edificios que albergar\u00e1n las actividades administrativas y legislativas,<\/strong>&nbsp;as\u00ed como al pleno del Congreso, explic\u00f3 el 3 de febrero el titular de la Secretar\u00eda de Infraestructura,&nbsp;<strong>Luis Roberto Tenorio Garc\u00eda<\/strong>.<\/p>\n\n\n\n<p>Aunque la obra no ha comenzado, se plantea que&nbsp;<strong>concluyan los trabajos a mediados de 2024,<\/strong>&nbsp;antes del inicio del pr\u00f3ximo periodo legislativo, el \u00faltimo informe de labores de esta administraci\u00f3n y la toma de protesta del que sea electo gobernador.<\/p>\n\n\n\n<p>Por su parte, el gobernador&nbsp;<strong>Sergio Salom\u00f3n C\u00e9spedes Peregrina<\/strong>&nbsp;asegur\u00f3 que ya hab\u00edan comenzado los tr\u00e1mites de permiso expedidos por el Instituto Nacional de Antropolog\u00eda e Historia (INAH).<\/p>\n\n\n\n<p>Sin embargo, esta semana se dio a conocer que&nbsp;<strong>el Ayuntamiento de Puebla no ha entregado los permisos de construcci\u00f3n<\/strong>&nbsp;debido a que, seg\u00fan Felipe Vel\u00e1zquez Guti\u00e9rrez, secretario de Gesti\u00f3n Urbana municipal, la empresa encargada no ha presentado el proyecto con las observaciones hechas por el INAH.<\/p>\n\n\n\n<h2 class=\"wp-block-heading\"><strong>Retiran rejas del terreno<\/strong><\/h2>\n\n\n\n<p>Pes\u00e9 a que los trabajos a\u00fan no inician, ya fueron retiradas algunas rejas que&nbsp;<strong>delimitaban el per\u00edmetro e imposibilitaban el acceso<\/strong>&nbsp;al terreno ubicado a un costado de la zona de los Fuertes.<\/p>\n\n\n\n<p>El predio actualmente presenta una vasta vegetaci\u00f3n, no obstante, en algunas zonas se&nbsp;<strong>observan rastros de lo que fueron quemas de c\u00e9sped y \u00e1rboles<\/strong>. En el lugar tampoco se haya fauna alguna, ni maquinar\u00eda o herramientas que pudieran utilizarse para podar y eventualmente construir.<\/p>\n\n\n\n<p>Asimismo, en el terreno se ubica un peque\u00f1o puente, el cual est\u00e1 cerrado, pero que, a su vez,\u00a0<strong>es un camino que conecta a la zona de los Fuertes<\/strong>. A pesar de ello, hasta el momento el diputado priista Jorge Estefan Chidiac no se ha pronunciado acerca de que la nueva sede del Congreso se har\u00e1 en un terreno comprado a su madre.<\/p>\n\n\n\n<p>Fuente: <a href=\"https:\/\/www.e-consulta.com\/nota\/2023-05-04\/gobierno\/nueva-sede-del-congreso-se-hara-en-terreno-comprado-madre-de-estefan\">https:\/\/www.e-consulta.com\/nota\/2023-05-04\/gobierno\/nueva-sede-del-congreso-se-hara-en-terreno-comprado-madre-de-estefan<\/a><\/p>\n","protected":false},"excerpt":{"rendered":"<p>El predio, de 12 mil 855 metros cuadrados, est\u00e1 ubicado en la calle 32 Oriente, n\u00famero 202, de la colonia [&hellip;]<\/p>\n","protected":false},"author":1,"featured_media":50964,"comment_status":"open","ping_status":"open","sticky":false,"template":"","format":"standard","meta":{"site-sidebar-layout":"default","site-content-layout":"","ast-site-content-layout":"default","site-content-style":"default","site-sidebar-style":"default","ast-global-header-display":"","ast-banner-title-visibility":"","ast-main-header-display":"","ast-hfb-above-header-display":"","ast-hfb-below-header-display":"","ast-hfb-mobile-header-display":"","site-post-title":"","ast-breadcrumbs-content":"","ast-featured-img":"","footer-sml-layout":"","theme-transparent-header-meta":"","adv-header-id-meta":"","stick-header-meta":"","header-above-stick-meta":"","header-main-stick-meta":"","header-below-stick-meta":"","astra-migrate-meta-layouts":"default","ast-page-background-enabled":"default","ast-page-background-meta":{"desktop":{"background-color":"var(--ast-global-color-4)","background-image":"","background-repeat":"repeat","background-position":"center center","background-size":"auto","background-attachment":"scroll","background-type":"","background-media":"","overlay-type":"","overlay-color":"","overlay-opacity":"","overlay-gradient":""},"tablet":{"background-color":"","background-image":"","background-repeat":"repeat","background-position":"center center","background-size":"auto","background-attachment":"scroll","background-type":"","background-media":"","overlay-type":"","overlay-color":"","overlay-opacity":"","overlay-gradient":""},"mobile":{"background-color":"","background-image":"","background-repeat":"repeat","background-position":"center center","background-size":"auto","background-attachment":"scroll","background-type":"","background-media":"","overlay-type":"","overlay-color":"","overlay-opacity":"","overlay-gradient":""}},"ast-content-background-meta":{"desktop":{"background-color":"var(--ast-global-color-5)","background-image":"","background-repeat":"repeat","background-position":"center center","background-size":"auto","background-attachment":"scroll","background-type":"","background-media":"","overlay-type":"","overlay-color":"","overlay-opacity":"","overlay-gradient":""},"tablet":{"background-color":"var(--ast-global-color-5)","background-image":"","background-repeat":"repeat","background-position":"center center","background-size":"auto","background-attachment":"scroll","background-type":"","background-media":"","overlay-type":"","overlay-color":"","overlay-opacity":"","overlay-gradient":""},"mobile":{"background-color":"var(--ast-global-color-5)","background-image":"","background-repeat":"repeat","background-position":"center center","background-size":"auto","background-attachment":"scroll","background-type":"","background-media":"","overlay-type":"","overlay-color":"","overlay-opacity":"","overlay-gradient":""}},"footnotes":""},"categories":[8],"tags":[16296,6605,16297],"class_list":["post-50963","post","type-post","status-publish","format-standard","has-post-thumbnail","hentry","category-noticias","tag-congreso-del-estado","tag-jorge-estefan-chidiac","tag-nueva-sede-congreso-del-estado-de-puebla"],"_links":{"self":[{"href":"https:\/\/losperiodistas.com.mx\/portal\/wp-json\/wp\/v2\/posts\/50963","targetHints":{"allow":["GET"]}}],"collection":[{"href":"https:\/\/losperiodistas.com.mx\/portal\/wp-json\/wp\/v2\/posts"}],"about":[{"href":"https:\/\/losperiodistas.com.mx\/portal\/wp-json\/wp\/v2\/types\/post"}],"author":[{"embeddable":true,"href":"https:\/\/losperiodistas.com.mx\/portal\/wp-json\/wp\/v2\/users\/1"}],"replies":[{"embeddable":true,"href":"https:\/\/losperiodistas.com.mx\/portal\/wp-json\/wp\/v2\/comments?post=50963"}],"version-history":[{"count":1,"href":"https:\/\/losperiodistas.com.mx\/portal\/wp-json\/wp\/v2\/posts\/50963\/revisions"}],"predecessor-version":[{"id":50965,"href":"https:\/\/losperiodistas.com.mx\/portal\/wp-json\/wp\/v2\/posts\/50963\/revisions\/50965"}],"wp:featuredmedia":[{"embeddable":true,"href":"https:\/\/losperiodistas.com.mx\/portal\/wp-json\/wp\/v2\/media\/50964"}],"wp:attachment":[{"href":"https:\/\/losperiodistas.com.mx\/portal\/wp-json\/wp\/v2\/media?parent=50963"}],"wp:term":[{"taxonomy":"category","embeddable":true,"href":"https:\/\/losperiodistas.com.mx\/portal\/wp-json\/wp\/v2\/categories?post=50963"},{"taxonomy":"post_tag","embeddable":true,"href":"https:\/\/losperiodistas.com.mx\/portal\/wp-json\/wp\/v2\/tags?post=50963"}],"curies":[{"name":"wp","href":"https:\/\/api.w.org\/{rel}","templated":true}]}}