{"id":50959,"date":"2023-05-05T07:20:04","date_gmt":"2023-05-05T12:20:04","guid":{"rendered":"http:\/\/losperiodistas.com.mx\/portal\/?p=50959"},"modified":"2023-05-05T07:20:06","modified_gmt":"2023-05-05T12:20:06","slug":"baja-aval-de-amlo-en-28-estados-el-economista","status":"publish","type":"post","link":"https:\/\/losperiodistas.com.mx\/portal\/baja-aval-de-amlo-en-28-estados-el-economista\/","title":{"rendered":"Baja aval de AMLO en 28 estados | El Economista"},"content":{"rendered":"\n<p class=\"has-background has-medium-font-size\" style=\"background-color:#f54141\">En Chiapas fue donde se registr\u00f3 el mayor decremento con 6.4 puntos.<\/p>\n\n\n\n<p><\/p>\n\n\n\n<figure class=\"wp-block-image size-large is-style-default\"><img fetchpriority=\"high\" decoding=\"async\" width=\"1024\" height=\"576\" src=\"https:\/\/losperiodistas.com.mx\/portal\/wp-content\/uploads\/2023\/05\/Captura-de-Pantalla-2023-05-05-a-las-6.13.34-1024x576.jpg\" alt=\"\" class=\"wp-image-50960\" srcset=\"https:\/\/losperiodistas.com.mx\/portal\/wp-content\/uploads\/2023\/05\/Captura-de-Pantalla-2023-05-05-a-las-6.13.34-1024x576.jpg 1024w, https:\/\/losperiodistas.com.mx\/portal\/wp-content\/uploads\/2023\/05\/Captura-de-Pantalla-2023-05-05-a-las-6.13.34-300x169.jpg 300w, https:\/\/losperiodistas.com.mx\/portal\/wp-content\/uploads\/2023\/05\/Captura-de-Pantalla-2023-05-05-a-las-6.13.34-768x432.jpg 768w, https:\/\/losperiodistas.com.mx\/portal\/wp-content\/uploads\/2023\/05\/Captura-de-Pantalla-2023-05-05-a-las-6.13.34.jpg 1512w\" sizes=\"(max-width: 1024px) 100vw, 1024px\" \/><\/figure>\n\n\n\n<p><\/p>\n\n\n\n<p class=\"has-vivid-red-color has-text-color has-medium-font-size\"><strong>ROLANDO RAMOS \/ EL ECONOMISTA<\/strong><\/p>\n\n\n\n<p>En abril pasado, la aprobaci\u00f3n promedio del presidente Andr\u00e9s Manuel L\u00f3pez Obrador cay\u00f3 en 28 de 32 estados de la Rep\u00fablica con lo se ubic\u00f3 tres puntos porcentuales por debajo respecto del mes previo al alcanzar 59 por ciento de aval.<\/p>\n\n\n\n<p>De acuerdo con la encuesta Mitofsky levantada mensualmente para El Economista, los estados que mayor decremento tuvieron fueron Chiapas con una ca\u00edda de 6.4 puntos, le sigue Chihuahua con 5.6 y Tabasco, de donde es originario el presidente, registr\u00f3 una ca\u00edda de 5.4 puntos.<\/p>\n\n\n\n<p>Por otro lado, 85.6% de los ciudadanos dijo percibir que la corrupci\u00f3n en el pa\u00eds es entre \u201cmucha\u201d y \u201cregular\u201d.<\/p>\n\n\n\n<p>Fuente: <a href=\"https:\/\/www.eleconomista.com.mx\/politica\/Baja-aval-de-AMLO-en-28-estados-20230505-0004.html\">https:\/\/www.eleconomista.com.mx\/politica\/Baja-aval-de-AMLO-en-28-estados-20230505-0004.html<\/a><\/p>\n\n\n\n<p class=\"has-cyan-bluish-gray-background-color has-background\">TE PUEDE INTERESAR:<\/p>\n\n\n\n<p class=\"has-cyan-bluish-gray-color has-text-color\"><a href=\"https:\/\/www.eleconomista.com.mx\/politica\/AMLOTrackingPoll-Aprobacion-de-AMLO-5-de-mayo-20230505-0022.html\">#AMLOTrackingPoll Aprobaci\u00f3n de AMLO, 5 de mayo<\/a><\/p>\n\n\n\n<figure class=\"wp-block-image size-large is-style-default\"><img decoding=\"async\" width=\"1024\" height=\"1024\" src=\"https:\/\/losperiodistas.com.mx\/portal\/wp-content\/uploads\/2023\/05\/Captura-de-Pantalla-2023-05-05-a-las-6.18.30-1024x1024.jpg\" alt=\"\" class=\"wp-image-50961\" srcset=\"https:\/\/losperiodistas.com.mx\/portal\/wp-content\/uploads\/2023\/05\/Captura-de-Pantalla-2023-05-05-a-las-6.18.30-1024x1024.jpg 1024w, https:\/\/losperiodistas.com.mx\/portal\/wp-content\/uploads\/2023\/05\/Captura-de-Pantalla-2023-05-05-a-las-6.18.30-300x300.jpg 300w, https:\/\/losperiodistas.com.mx\/portal\/wp-content\/uploads\/2023\/05\/Captura-de-Pantalla-2023-05-05-a-las-6.18.30-150x150.jpg 150w, https:\/\/losperiodistas.com.mx\/portal\/wp-content\/uploads\/2023\/05\/Captura-de-Pantalla-2023-05-05-a-las-6.18.30-768x769.jpg 768w, https:\/\/losperiodistas.com.mx\/portal\/wp-content\/uploads\/2023\/05\/Captura-de-Pantalla-2023-05-05-a-las-6.18.30.jpg 1512w\" sizes=\"(max-width: 1024px) 100vw, 1024px\" \/><\/figure>\n","protected":false},"excerpt":{"rendered":"<p>En Chiapas fue donde se registr\u00f3 el mayor decremento con 6.4 puntos. ROLANDO RAMOS \/ EL ECONOMISTA En abril pasado, [&hellip;]<\/p>\n","protected":false},"author":1,"featured_media":50960,"comment_status":"open","ping_status":"open","sticky":false,"template":"","format":"standard","meta":{"site-sidebar-layout":"default","site-content-layout":"","ast-site-content-layout":"default","site-content-style":"default","site-sidebar-style":"default","ast-global-header-display":"","ast-banner-title-visibility":"","ast-main-header-display":"","ast-hfb-above-header-display":"","ast-hfb-below-header-display":"","ast-hfb-mobile-header-display":"","site-post-title":"","ast-breadcrumbs-content":"","ast-featured-img":"","footer-sml-layout":"","theme-transparent-header-meta":"","adv-header-id-meta":"","stick-header-meta":"","header-above-stick-meta":"","header-main-stick-meta":"","header-below-stick-meta":"","astra-migrate-meta-layouts":"default","ast-page-background-enabled":"default","ast-page-background-meta":{"desktop":{"background-color":"var(--ast-global-color-4)","background-image":"","background-repeat":"repeat","background-position":"center center","background-size":"auto","background-attachment":"scroll","background-type":"","background-media":"","overlay-type":"","overlay-color":"","overlay-opacity":"","overlay-gradient":""},"tablet":{"background-color":"","background-image":"","background-repeat":"repeat","background-position":"center center","background-size":"auto","background-attachment":"scroll","background-type":"","background-media":"","overlay-type":"","overlay-color":"","overlay-opacity":"","overlay-gradient":""},"mobile":{"background-color":"","background-image":"","background-repeat":"repeat","background-position":"center center","background-size":"auto","background-attachment":"scroll","background-type":"","background-media":"","overlay-type":"","overlay-color":"","overlay-opacity":"","overlay-gradient":""}},"ast-content-background-meta":{"desktop":{"background-color":"var(--ast-global-color-5)","background-image":"","background-repeat":"repeat","background-position":"center center","background-size":"auto","background-attachment":"scroll","background-type":"","background-media":"","overlay-type":"","overlay-color":"","overlay-opacity":"","overlay-gradient":""},"tablet":{"background-color":"var(--ast-global-color-5)","background-image":"","background-repeat":"repeat","background-position":"center center","background-size":"auto","background-attachment":"scroll","background-type":"","background-media":"","overlay-type":"","overlay-color":"","overlay-opacity":"","overlay-gradient":""},"mobile":{"background-color":"var(--ast-global-color-5)","background-image":"","background-repeat":"repeat","background-position":"center center","background-size":"auto","background-attachment":"scroll","background-type":"","background-media":"","overlay-type":"","overlay-color":"","overlay-opacity":"","overlay-gradient":""}},"footnotes":""},"categories":[8],"tags":[9286,7927,116],"class_list":["post-50959","post","type-post","status-publish","format-standard","has-post-thumbnail","hentry","category-noticias","tag-amlo-aceptacion","tag-encuestas","tag-mitofsky"],"_links":{"self":[{"href":"https:\/\/losperiodistas.com.mx\/portal\/wp-json\/wp\/v2\/posts\/50959","targetHints":{"allow":["GET"]}}],"collection":[{"href":"https:\/\/losperiodistas.com.mx\/portal\/wp-json\/wp\/v2\/posts"}],"about":[{"href":"https:\/\/losperiodistas.com.mx\/portal\/wp-json\/wp\/v2\/types\/post"}],"author":[{"embeddable":true,"href":"https:\/\/losperiodistas.com.mx\/portal\/wp-json\/wp\/v2\/users\/1"}],"replies":[{"embeddable":true,"href":"https:\/\/losperiodistas.com.mx\/portal\/wp-json\/wp\/v2\/comments?post=50959"}],"version-history":[{"count":1,"href":"https:\/\/losperiodistas.com.mx\/portal\/wp-json\/wp\/v2\/posts\/50959\/revisions"}],"predecessor-version":[{"id":50962,"href":"https:\/\/losperiodistas.com.mx\/portal\/wp-json\/wp\/v2\/posts\/50959\/revisions\/50962"}],"wp:featuredmedia":[{"embeddable":true,"href":"https:\/\/losperiodistas.com.mx\/portal\/wp-json\/wp\/v2\/media\/50960"}],"wp:attachment":[{"href":"https:\/\/losperiodistas.com.mx\/portal\/wp-json\/wp\/v2\/media?parent=50959"}],"wp:term":[{"taxonomy":"category","embeddable":true,"href":"https:\/\/losperiodistas.com.mx\/portal\/wp-json\/wp\/v2\/categories?post=50959"},{"taxonomy":"post_tag","embeddable":true,"href":"https:\/\/losperiodistas.com.mx\/portal\/wp-json\/wp\/v2\/tags?post=50959"}],"curies":[{"name":"wp","href":"https:\/\/api.w.org\/{rel}","templated":true}]}}