{"id":50955,"date":"2023-05-05T07:12:10","date_gmt":"2023-05-05T12:12:10","guid":{"rendered":"http:\/\/losperiodistas.com.mx\/portal\/?p=50955"},"modified":"2023-05-05T07:12:12","modified_gmt":"2023-05-05T12:12:12","slug":"tribuna-la-silenciosa-derrota-de-los-antimilitaristas-de-morena-el-pais","status":"publish","type":"post","link":"https:\/\/losperiodistas.com.mx\/portal\/tribuna-la-silenciosa-derrota-de-los-antimilitaristas-de-morena-el-pais\/","title":{"rendered":"Tribuna | La silenciosa derrota de los antimilitaristas de Morena | El Pa\u00eds"},"content":{"rendered":"\n<h2 class=\"has-background has-medium-font-size wp-block-heading\" style=\"background-color:#f78c8c\">La corriente contra la militarizaci\u00f3n dentro del partido ha quedado atrapada entre dos decisiones, el silencio c\u00f3mplice dentro de la comodidad del presupuesto o el exilio pol\u00edtico<\/h2>\n\n\n\n<figure class=\"wp-block-image size-large is-style-default\"><img fetchpriority=\"high\" decoding=\"async\" width=\"1024\" height=\"686\" src=\"https:\/\/losperiodistas.com.mx\/portal\/wp-content\/uploads\/2023\/05\/Captura-de-Pantalla-2023-05-05-a-las-6.04.50-1024x686.jpg\" alt=\"\" class=\"wp-image-50957\" srcset=\"https:\/\/losperiodistas.com.mx\/portal\/wp-content\/uploads\/2023\/05\/Captura-de-Pantalla-2023-05-05-a-las-6.04.50-1024x686.jpg 1024w, https:\/\/losperiodistas.com.mx\/portal\/wp-content\/uploads\/2023\/05\/Captura-de-Pantalla-2023-05-05-a-las-6.04.50-300x201.jpg 300w, https:\/\/losperiodistas.com.mx\/portal\/wp-content\/uploads\/2023\/05\/Captura-de-Pantalla-2023-05-05-a-las-6.04.50-768x515.jpg 768w, https:\/\/losperiodistas.com.mx\/portal\/wp-content\/uploads\/2023\/05\/Captura-de-Pantalla-2023-05-05-a-las-6.04.50.jpg 1516w\" sizes=\"(max-width: 1024px) 100vw, 1024px\" \/><figcaption>El presidente L\u00f3pez Obrador, durante un desfile militar en Ciudad de M\u00e9xico. GRACIELA L\u00d3PEZ (CUARTOSCURO)<\/figcaption><\/figure>\n\n\n\n<p class=\"has-vivid-red-color has-text-color has-medium-font-size\"><strong>SANTIAGO RODR\u00cdGUEZ \/ EL PA\u00cdS<\/strong><\/p>\n\n\n\n<p>La oposici\u00f3n no es la \u00fanica v\u00edctima del monopolio presidencial de la agenda pol\u00edtica. Partidarios y simpatizantes del Movimiento de Regeneraci\u00f3n Nacional (Morena) han sido silenciados frente al actual proceso de&nbsp;<a href=\"https:\/\/elpais.com\/mexico\/opinion\/2022-09-08\/la-militarizacion-no-es-la-solucion.html\">militarizaci\u00f3n<\/a>. La creciente entrega de poder civil a la jerarqu\u00eda militar es el ejemplo m\u00e1s claro y relevante de como la agenda fue arrebatada de las manos de aquellos que aspiraban a que Morena fuera un movimiento social plural para ponerla al servicio de la estructura militar.<\/p>\n\n\n\n<p>Entre las m\u00faltiples razones para ser votante o adherente del movimiento encabezado por L\u00f3pez Obrador estaba la valoraci\u00f3n de que la&nbsp;<a href=\"https:\/\/elpais.com\/mexico\/2023-04-06\/mexico-militariza-sus-playas.html\">pol\u00edtica de seguridad<\/a>&nbsp;de sus antecesores era un desastre. En espec\u00edfico, un gran n\u00famero de adherentes al movimiento expresaba airadamente su preocupaci\u00f3n por el proceso de militarizaci\u00f3n de la seguridad p\u00fablica que hab\u00eda sido desatado de forma violenta por el entonces presidente&nbsp;<a href=\"https:\/\/elpais.com\/especiales\/2016\/guerra-narcotrafico-mexico\/\">Felipe Calder\u00f3n<\/a>&nbsp;y profundizado por Pe\u00f1a Nieto. Razones no les faltaban y los l\u00edderes del movimiento hicieron suyas estas consignas y se volvieron, junto con la corrupci\u00f3n y la desigualdad, en los discursos estrat\u00e9gicos para movilizar a los votantes.<\/p>\n\n\n\n<p>Como es normal en cualquier democracia, el grupo vencedor ocupa sus puestos de representaci\u00f3n popular y tiene derecho a armar su propia administraci\u00f3n p\u00fablica. As\u00ed, muchas de estas figuras de Morena ocuparon sus encargos con el entusiasmo de echar a andar la agenda. Hizo falta poco tiempo para descubrir que dicha agenda no iba a ser construida colectivamente por el movimiento y un poco m\u00e1s para descubrir que no habr\u00eda espacio ni siquiera para el debate, mucho menos para el desacuerdo; vamos, ni siquiera para la atenta notificaci\u00f3n. El deber de los funcionarios es, muchas veces, entender lo mejor posible lo dicho en la ma\u00f1anera y con base en ello tomar decisiones y esperar a que no venga el culatazo desde arriba.<\/p>\n\n\n\n<p>Esta forma de operar se replica en la estructura social del partido, la cual es cada vez m\u00e1s amplia y profunda. A diferencia de la de los otros partidos, Morena tiene la capacidad de llegar hasta los estratos y rincones de mayor exclusi\u00f3n en M\u00e9xico. Sin embargo, la estrategia del partido est\u00e1 dise\u00f1ada para que dicha estructura haga llegar mensajes hacia las bases y movilice el voto, pero no para ser un instrumento de participaci\u00f3n pol\u00edtica. A pesar de su talante popular, no es un instituto que haga pol\u00edtica&nbsp;<em>de abajo para arriba<\/em>; se reparten puestos y posiciones, pero no se comparte el poder.<\/p>\n\n\n\n<p>La relaci\u00f3n con el Ej\u00e9rcito, as\u00ed como las decisiones que se toman respecto a su creciente participaci\u00f3n en la vida p\u00fablica es decisi\u00f3n exclusiva del presidente, dislocada totalmente del partido y de sus funcionarios de gobierno. Muchos de estos funcionarios han marchado y sudado la gota durante la larga carrera de L\u00f3pez Obrador a la presidencia y ahora se ven obligados a \u201ccederle\u201d espacios y poder a la estructura militar. Los uniformados no juegan el mismo juego pol\u00edtico que los adherentes civiles de Morena, ellos tienen sus propias reglas que, por dise\u00f1o, no responden a incentivos democr\u00e1ticos.<\/p>\n\n\n\n<p>La corriente antimilitarista dentro del movimiento \u2014la cual al inicio del sexenio era una mayor\u00eda aplastante\u2014 ha quedado atrapada entre dos decisiones, el silencio c\u00f3mplice dentro de la comodidad del presupuesto o el exilio pol\u00edtico. Por si fuera poco, ser disidente en un instituto pol\u00edtico civil puede no ser tan grave, pero ser disidente en un contexto de militarizaci\u00f3n de la pol\u00edtica tiene una profundidad totalmente distinta.<\/p>\n\n\n\n<p><strong>Santiago Rodr\u00edguez<\/strong>&nbsp;es analista pol\u00edtico y consultor del PNUD y el Banco Mundial para Am\u00e9rica Latina.<\/p>\n\n\n\n<p><a href=\"https:\/\/plus.elpais.com\/newsletters\/lnp\/1\/348\"><strong>Suscr\u00edbase aqu\u00ed<\/strong><\/a>a la\u00a0<em>newsletter<\/em>\u00a0de EL PA\u00cdS M\u00e9xico y reciba todas las claves informativas de la actualidad de este pa\u00eds<\/p>\n\n\n\n<p>Fuente: <a href=\"https:\/\/elpais.com\/mexico\/opinion\/2023-05-05\/la-silenciosa-derrota-de-los-antimilitaristas-de-morena.html\">https:\/\/elpais.com\/mexico\/opinion\/2023-05-05\/la-silenciosa-derrota-de-los-antimilitaristas-de-morena.html<\/a><\/p>\n","protected":false},"excerpt":{"rendered":"<p>La corriente contra la militarizaci\u00f3n dentro del partido ha quedado atrapada entre dos decisiones, el silencio c\u00f3mplice dentro de la [&hellip;]<\/p>\n","protected":false},"author":1,"featured_media":50957,"comment_status":"open","ping_status":"open","sticky":false,"template":"","format":"standard","meta":{"site-sidebar-layout":"default","site-content-layout":"","ast-site-content-layout":"default","site-content-style":"default","site-sidebar-style":"default","ast-global-header-display":"","ast-banner-title-visibility":"","ast-main-header-display":"","ast-hfb-above-header-display":"","ast-hfb-below-header-display":"","ast-hfb-mobile-header-display":"","site-post-title":"","ast-breadcrumbs-content":"","ast-featured-img":"","footer-sml-layout":"","theme-transparent-header-meta":"","adv-header-id-meta":"","stick-header-meta":"","header-above-stick-meta":"","header-main-stick-meta":"","header-below-stick-meta":"","astra-migrate-meta-layouts":"default","ast-page-background-enabled":"default","ast-page-background-meta":{"desktop":{"background-color":"var(--ast-global-color-4)","background-image":"","background-repeat":"repeat","background-position":"center center","background-size":"auto","background-attachment":"scroll","background-type":"","background-media":"","overlay-type":"","overlay-color":"","overlay-opacity":"","overlay-gradient":""},"tablet":{"background-color":"","background-image":"","background-repeat":"repeat","background-position":"center center","background-size":"auto","background-attachment":"scroll","background-type":"","background-media":"","overlay-type":"","overlay-color":"","overlay-opacity":"","overlay-gradient":""},"mobile":{"background-color":"","background-image":"","background-repeat":"repeat","background-position":"center center","background-size":"auto","background-attachment":"scroll","background-type":"","background-media":"","overlay-type":"","overlay-color":"","overlay-opacity":"","overlay-gradient":""}},"ast-content-background-meta":{"desktop":{"background-color":"var(--ast-global-color-5)","background-image":"","background-repeat":"repeat","background-position":"center center","background-size":"auto","background-attachment":"scroll","background-type":"","background-media":"","overlay-type":"","overlay-color":"","overlay-opacity":"","overlay-gradient":""},"tablet":{"background-color":"var(--ast-global-color-5)","background-image":"","background-repeat":"repeat","background-position":"center center","background-size":"auto","background-attachment":"scroll","background-type":"","background-media":"","overlay-type":"","overlay-color":"","overlay-opacity":"","overlay-gradient":""},"mobile":{"background-color":"var(--ast-global-color-5)","background-image":"","background-repeat":"repeat","background-position":"center center","background-size":"auto","background-attachment":"scroll","background-type":"","background-media":"","overlay-type":"","overlay-color":"","overlay-opacity":"","overlay-gradient":""}},"footnotes":""},"categories":[8],"tags":[12011,247],"class_list":["post-50955","post","type-post","status-publish","format-standard","has-post-thumbnail","hentry","category-noticias","tag-militarizacion-mexico","tag-morena"],"_links":{"self":[{"href":"https:\/\/losperiodistas.com.mx\/portal\/wp-json\/wp\/v2\/posts\/50955","targetHints":{"allow":["GET"]}}],"collection":[{"href":"https:\/\/losperiodistas.com.mx\/portal\/wp-json\/wp\/v2\/posts"}],"about":[{"href":"https:\/\/losperiodistas.com.mx\/portal\/wp-json\/wp\/v2\/types\/post"}],"author":[{"embeddable":true,"href":"https:\/\/losperiodistas.com.mx\/portal\/wp-json\/wp\/v2\/users\/1"}],"replies":[{"embeddable":true,"href":"https:\/\/losperiodistas.com.mx\/portal\/wp-json\/wp\/v2\/comments?post=50955"}],"version-history":[{"count":1,"href":"https:\/\/losperiodistas.com.mx\/portal\/wp-json\/wp\/v2\/posts\/50955\/revisions"}],"predecessor-version":[{"id":50958,"href":"https:\/\/losperiodistas.com.mx\/portal\/wp-json\/wp\/v2\/posts\/50955\/revisions\/50958"}],"wp:featuredmedia":[{"embeddable":true,"href":"https:\/\/losperiodistas.com.mx\/portal\/wp-json\/wp\/v2\/media\/50957"}],"wp:attachment":[{"href":"https:\/\/losperiodistas.com.mx\/portal\/wp-json\/wp\/v2\/media?parent=50955"}],"wp:term":[{"taxonomy":"category","embeddable":true,"href":"https:\/\/losperiodistas.com.mx\/portal\/wp-json\/wp\/v2\/categories?post=50955"},{"taxonomy":"post_tag","embeddable":true,"href":"https:\/\/losperiodistas.com.mx\/portal\/wp-json\/wp\/v2\/tags?post=50955"}],"curies":[{"name":"wp","href":"https:\/\/api.w.org\/{rel}","templated":true}]}}