{"id":50952,"date":"2023-05-05T06:58:51","date_gmt":"2023-05-05T11:58:51","guid":{"rendered":"http:\/\/losperiodistas.com.mx\/portal\/?p=50952"},"modified":"2023-05-05T06:58:53","modified_gmt":"2023-05-05T11:58:53","slug":"ni-la-creatividad-esta-a-la-derecha-ni-la-logica-a-la-izquierda-el-neuromito-de-los-hemisferios-cerebrales-the-conversation","status":"publish","type":"post","link":"https:\/\/losperiodistas.com.mx\/portal\/ni-la-creatividad-esta-a-la-derecha-ni-la-logica-a-la-izquierda-el-neuromito-de-los-hemisferios-cerebrales-the-conversation\/","title":{"rendered":"Ni la creatividad est\u00e1 a la derecha ni la l\u00f3gica a la izquierda: el neuromito de los hemisferios cerebrales | The Conversation"},"content":{"rendered":"\n<figure class=\"wp-block-image size-large is-style-default\"><img fetchpriority=\"high\" decoding=\"async\" width=\"1024\" height=\"506\" src=\"https:\/\/losperiodistas.com.mx\/portal\/wp-content\/uploads\/2023\/05\/Captura-de-Pantalla-2023-05-05-a-las-5.53.12-1024x506.jpg\" alt=\"\" class=\"wp-image-50953\" srcset=\"https:\/\/losperiodistas.com.mx\/portal\/wp-content\/uploads\/2023\/05\/Captura-de-Pantalla-2023-05-05-a-las-5.53.12-1024x506.jpg 1024w, https:\/\/losperiodistas.com.mx\/portal\/wp-content\/uploads\/2023\/05\/Captura-de-Pantalla-2023-05-05-a-las-5.53.12-300x148.jpg 300w, https:\/\/losperiodistas.com.mx\/portal\/wp-content\/uploads\/2023\/05\/Captura-de-Pantalla-2023-05-05-a-las-5.53.12-768x380.jpg 768w, https:\/\/losperiodistas.com.mx\/portal\/wp-content\/uploads\/2023\/05\/Captura-de-Pantalla-2023-05-05-a-las-5.53.12-1536x759.jpg 1536w, https:\/\/losperiodistas.com.mx\/portal\/wp-content\/uploads\/2023\/05\/Captura-de-Pantalla-2023-05-05-a-las-5.53.12-2048x1013.jpg 2048w\" sizes=\"(max-width: 1024px) 100vw, 1024px\" \/><figcaption><a href=\"https:\/\/www.shutterstock.com\/es\/image-photo\/close-internal-organs-dummy-on-white-676682479\">Bangkoker \/ Shutterstock<\/a><\/figcaption><\/figure>\n\n\n\n<p><\/p>\n\n\n\n<p><\/p>\n\n\n\n<p class=\"has-vivid-red-color has-text-color has-medium-font-size\"><strong>JOS\u00c9 A. MORALES GARC\u00cdA \/ CONCHI LILLO \/ THE CONVERSATION<\/strong><\/p>\n\n\n\n<p>El cerebro, al igual que el resto del organismo, est\u00e1 formado por miles de millones de c\u00e9lulas. Cada tipo con una funci\u00f3n determinada, pero todas ellas perfectamente sincronizadas y conectadas. Podr\u00eda compararse a uno de esos&nbsp;<a href=\"https:\/\/omegaforums.net\/threads\/this-is-some-clock.60629\/\">relojes antiguos<\/a>&nbsp;con cientos de engranajes de todo tipo que trabajan al un\u00edsono para dar la hora exacta.<\/p>\n\n\n\n<p>Nuestro cerebro se compone de dos mitades: los&nbsp;<a href=\"https:\/\/qbi.uq.edu.au\/brain\/brain-anatomy\/lobes-brain\">hemisferios cerebrales<\/a>. Pero al contrario de lo que pueda parecer, no son dos estructuras aisladas e independientes: ambos est\u00e1n extraordinariamente conectados por un \u201ccableado\u201d que los comunica. Hablamos del&nbsp;<a href=\"https:\/\/www.ncbi.nlm.nih.gov\/pmc\/articles\/PMC5772147\/\">cuerpo calloso<\/a>, formado por m\u00e1s de&nbsp;<a href=\"https:\/\/www.sciencedirect.com\/topics\/neuroscience\/corpus-callosum#:%7E:text=The%20corpus%20callosum%20is%20a%20large%20bundle%20of%20more%20than,left%20sides%20of%20the%20brain.\">200 millones<\/a>&nbsp;de fibras nerviosas que llevan informaci\u00f3n de un hemisferio a otro.<\/p>\n\n\n\n<p>Esta organizaci\u00f3n permite llevar a cabo y coordinar todas las funciones \u2013muchas de ellas muy complejas\u2013 propias del sistema nervioso. Y para ello, los hemisferios se reparten el trabajo.<\/p>\n\n\n\n<h2 class=\"wp-block-heading\">Oficinas interconectadas<\/h2>\n\n\n\n<p>Piensen en un gran edificio de oficinas de una misma empresa. En \u00e9l encontraremos distintas plantas, con distintos departamentos, con distintas divisiones, con distintas personas trabajando en cada una de las \u00e1reas. Cada secci\u00f3n tiene una funci\u00f3n, pero todas est\u00e1n relacionadas. No s\u00f3lo eso, sino que adem\u00e1s se hallan estrechamente comunicadas, puesto que el correcto funcionamiento de unas depende de lo que hagan las otras.<\/p>\n\n\n\n<p>Los hemisferios cerebrales funcionan de manera similar, reparti\u00e9ndose el trabajo a realizar. Esto quiere decir que aunque ambas mitades intervengan en una funci\u00f3n concreta, una de ellas puede estar m\u00e1s implicada que la otra.<\/p>\n\n\n\n<p>Es igual que el proceso de facturaci\u00f3n de la gran empresa: aunque el departamento de cobros lleve todo el peso de la operaci\u00f3n, otras secciones deben hacer su parte de trabajo para completar el proceso. Por ejemplo, el departamento de env\u00edos que har\u00e1 llegar la factura a su destinatario.<\/p>\n\n\n\n<h2 class=\"wp-block-heading\">Los hemisferios no son un destino<\/h2>\n\n\n\n<p>Y es aqu\u00ed donde comienza el mito: \u201cEl cerebro est\u00e1 dividido en dos mitades, y dependiendo del lado que m\u00e1s usemos, tendremos unas habilidades u otras\u201d. Esta teor\u00eda, llamada \u201cdominancia de hemisferio\u201d, defiende que si eres bueno en matem\u00e1ticas, lengua o l\u00f3gica es porque tu hemisferio izquierdo es el dominante. Y si eres una persona art\u00edstica con dotes para la pintura o la m\u00fasica, entonces predomina el derecho.<\/p>\n\n\n\n<p>Esto, adem\u00e1s, contribuye a clasificar err\u00f3neamente a las personas en dos tipos: objetivas, racionales y anal\u00edticas o pasionales, so\u00f1adoras y creativas. Nada m\u00e1s lejos de la realidad. No existe un hemisferio dominante.<\/p>\n\n\n\n<p>Probablemente, el mito tiene su origen en la reuni\u00f3n de la Sociedad Antropol\u00f3gica de Par\u00eds, en 1865. El culpable podr\u00eda haber sido, quiz\u00e1 sin quererlo, el m\u00e9dico franc\u00e9s&nbsp;<a href=\"https:\/\/www.agenciasinc.es\/Visual\/Ilustraciones\/Paul-Broca-el-descubridor-de-la-region-del-habla-en-el-cerebro\">Paul Broca<\/a>&nbsp;tras asegurar que \u201c<a href=\"https:\/\/www.persee.fr\/doc\/bmsap_0301-8644_1865_num_6_1_9495\">hablamos con el hemisferio izquierdo<\/a>\u201d, haciendo referencia a que las regiones cerebrales con mayor implicaci\u00f3n en la funci\u00f3n del lenguaje se encuentran en ese lado.<\/p>\n\n\n\n<p>Que el grueso de una funci\u00f3n concreta recaiga en un hemisferio, como ocurre con el lenguaje y la mitad izquierda del cerebro, no implica que en una persona con mayor capacidad ling\u00fc\u00edstica domine ese hemisferio.<\/p>\n\n\n\n<p>Por ejemplo, cuando un cantante memoriza la melod\u00eda y la letra de una canci\u00f3n, las funciones relacionadas con verbalizar la letra se localizan en su lado izquierdo, pero usar\u00e1 el derecho para expresar la musicalidad de la canci\u00f3n. Es un trabajo de equipo.<\/p>\n\n\n\n<h2 class=\"wp-block-heading\">Evidencias que refutan el mito<\/h2>\n\n\n\n<p>Nos encontramos con multitud de estudios en este campo cient\u00edfico, como algunos que han llegado a examinar&nbsp;<a href=\"https:\/\/journals.plos.org\/plosone\/article?id=10.1371\/journal.pone.0071275\">im\u00e1genes obtenidas por resonancia magn\u00e9tica de cerebros de m\u00e1s de mil personas<\/a>. Sus resultados ponen de manifiesto que todos usamos ambos hemisferios por igual, aunque la actividad registrada en uno y otro depender\u00e1 \u201cde lo que estemos haciendo\u201d.<\/p>\n\n\n\n<p>Tambi\u00e9n se ha demostrado que el lado del cerebro usado para una actividad podr\u00eda no ser el mismo para todas las personas: los an\u00e1lisis muestran que hay&nbsp;<a href=\"https:\/\/www.nature.com\/articles\/nature18933\">variabilidad entre individuos<\/a>&nbsp;en cuanto a qu\u00e9 \u00e1rea o mitad se emplea para una acci\u00f3n concreta.<\/p>\n\n\n\n<p>El mito de la dominancia de los hemisferios a\u00fan est\u00e1 muy presente hoy en d\u00eda; en parte, porque sigue habiendo muchos aspectos desconocidos sobre el funcionamiento del cerebro humano. Cuanto m\u00e1s se investiga, m\u00e1s nos damos cuenta de su complejidad.<\/p>\n\n\n\n<p>As\u00ed que, cuando se exponen los argumentos que tratan de explicar este funcionamiento tan complejo, estos se siguen prestando a interpretaciones simplistas como la de que las funciones est\u00e1n escrupulosamente segregadas en \u00e1reas y hemisferios cerebrales.<\/p>\n\n\n\n<p>De ser cierto, una lesi\u00f3n en una de estas \u00e1reas tan especializadas provocar\u00eda que esa zona funcional dejara de ser \u00fatil para la persona afectada. Sin embargo, esto no es del todo as\u00ed y nuestro sistema nervioso mantiene cierta&nbsp;<a href=\"https:\/\/theconversation.com\/neuroplasticidad-el-extraordinario-poder-de-nuestro-cerebro-para-transformarse-y-repararse-197731\">plasticidad<\/a>.<\/p>\n\n\n\n<p>De hecho, se ha descrito que en personas que pierden un sentido, como la vista, su \u00e1rea cerebral encargada de procesar ese sentido y que ya no recibe la informaci\u00f3n visual, se adapta para, en algunos casos, mejorar la percepci\u00f3n de otros, como el tacto. Este fen\u00f3meno mejora el aprendizaje de&nbsp;<a href=\"https:\/\/pubmed.ncbi.nlm.nih.gov\/19935836\/\">la lectura t\u00e1ctil del alfabeto Braille<\/a>, por ejemplo.<\/p>\n\n\n\n<h2 class=\"wp-block-heading\">Vendedores de humo<\/h2>\n\n\n\n<p>De este desconocimiento (cient\u00edfico y social) de la totalidad del funcionamiento del cerebro se aprovechan los de siempre. Los que, utilizando el lenguaje pseudocient\u00edfico, con explicaciones y soluciones para todo, quieren sacar tajada de la incertidumbre de los m\u00e1s vulnerables.<\/p>\n\n\n\n<p>Por ejemplo, haciendo creer a la gente que podemos decidir qu\u00e9 hemisferio usar para modular nuestras habilidades, capacidades, personalidad; o la forma en la que nos enfrentamos a las vicisitudes de la vida. Adem\u00e1s, al igual que ocurre con otros \u00e1mbitos como la salud humana, la neurociencia no se ha librado de la propagaci\u00f3n de mitos y bulos por las redes sociales.<\/p>\n\n\n\n<p>Sin embargo, a pesar de que a\u00fan hay incertidumbre sobre algunos aspectos del funcionamiento del cerebro humano, de lo que estamos seguros es de que el talento y la personalidad de una persona no est\u00e1n determinados por la dominancia de un hemisferio sobre el otro.<\/p>\n\n\n\n<p>Y por cierto, tambi\u00e9n convendr\u00eda puntualizar, tratando de evitar actitudes antropoc\u00e9ntricas, que&nbsp;<a href=\"https:\/\/journals.plos.org\/plosbiology\/article?id=10.1371\/journal.pbio.1001767\">no somos el \u00fanico animal con las funciones cerebrales compartimentalizadas<\/a>.<\/p>\n\n\n\n<h2 class=\"wp-block-heading\">Estudiantes encasillados<\/h2>\n\n\n\n<p>Apoyar el mito de la dominancia de los hemisferios del cerebro es peligroso en muchos aspectos. Sobre todo en el campo de la educaci\u00f3n, puesto que limita las oportunidades de aprendizaje y desarrollo de los estudiantes.<\/p>\n\n\n\n<p>Si creemos err\u00f3neamente que hay alumnos de \u201ccerebro derecho\u201d \u2013mucho mas creativos\u2013 o de \u201ccerebro izquierdo\u201d \u2013mas anal\u00edticos\u2013, los estamos encasillando en esas categor\u00edas. Esto limita sus oportunidades de aprendizaje, acotando sus intereses e impidi\u00e9ndoles desarrollarse en otras disciplinas, lo que reduce sus futuras trayectorias profesionales.<\/p>\n\n\n\n<p>En resumen, ning\u00fan hemisferio es mas importante que el otro y ambos funcionan como una unidad. Lo que s\u00ed es cierto es que la actividad cerebral no es sim\u00e9trica y var\u00eda entre personas.<\/p>\n\n\n\n<p><\/p>\n\n\n\n<ol class=\"wp-block-list\"><li><a href=\"https:\/\/theconversation.com\/profiles\/jose-a-morales-garcia-505624\">Jos\u00e9 A. Morales Garc\u00eda<\/a>Investigador cient\u00edfico en enfermedades neurodegenerativas y Profesor de la Facultad de Medicina, Universidad Complutense de Madrid<\/li><li><a href=\"https:\/\/theconversation.com\/profiles\/conchi-lillo-1279088\">Conchi Lillo<\/a>Profesora titular de la Facultad de Biolog\u00eda, investigadora de patolog\u00edas visuales, Universidad de Salamanca<\/li><\/ol>\n","protected":false},"excerpt":{"rendered":"<p>JOS\u00c9 A. MORALES GARC\u00cdA \/ CONCHI LILLO \/ THE CONVERSATION El cerebro, al igual que el resto del organismo, est\u00e1 [&hellip;]<\/p>\n","protected":false},"author":1,"featured_media":50953,"comment_status":"open","ping_status":"open","sticky":false,"template":"","format":"standard","meta":{"site-sidebar-layout":"default","site-content-layout":"","ast-site-content-layout":"default","site-content-style":"default","site-sidebar-style":"default","ast-global-header-display":"","ast-banner-title-visibility":"","ast-main-header-display":"","ast-hfb-above-header-display":"","ast-hfb-below-header-display":"","ast-hfb-mobile-header-display":"","site-post-title":"","ast-breadcrumbs-content":"","ast-featured-img":"","footer-sml-layout":"","theme-transparent-header-meta":"","adv-header-id-meta":"","stick-header-meta":"","header-above-stick-meta":"","header-main-stick-meta":"","header-below-stick-meta":"","astra-migrate-meta-layouts":"default","ast-page-background-enabled":"default","ast-page-background-meta":{"desktop":{"background-color":"var(--ast-global-color-4)","background-image":"","background-repeat":"repeat","background-position":"center center","background-size":"auto","background-attachment":"scroll","background-type":"","background-media":"","overlay-type":"","overlay-color":"","overlay-opacity":"","overlay-gradient":""},"tablet":{"background-color":"","background-image":"","background-repeat":"repeat","background-position":"center center","background-size":"auto","background-attachment":"scroll","background-type":"","background-media":"","overlay-type":"","overlay-color":"","overlay-opacity":"","overlay-gradient":""},"mobile":{"background-color":"","background-image":"","background-repeat":"repeat","background-position":"center center","background-size":"auto","background-attachment":"scroll","background-type":"","background-media":"","overlay-type":"","overlay-color":"","overlay-opacity":"","overlay-gradient":""}},"ast-content-background-meta":{"desktop":{"background-color":"var(--ast-global-color-5)","background-image":"","background-repeat":"repeat","background-position":"center center","background-size":"auto","background-attachment":"scroll","background-type":"","background-media":"","overlay-type":"","overlay-color":"","overlay-opacity":"","overlay-gradient":""},"tablet":{"background-color":"var(--ast-global-color-5)","background-image":"","background-repeat":"repeat","background-position":"center center","background-size":"auto","background-attachment":"scroll","background-type":"","background-media":"","overlay-type":"","overlay-color":"","overlay-opacity":"","overlay-gradient":""},"mobile":{"background-color":"var(--ast-global-color-5)","background-image":"","background-repeat":"repeat","background-position":"center center","background-size":"auto","background-attachment":"scroll","background-type":"","background-media":"","overlay-type":"","overlay-color":"","overlay-opacity":"","overlay-gradient":""}},"footnotes":""},"categories":[8],"tags":[16295,14432,16294],"class_list":["post-50952","post","type-post","status-publish","format-standard","has-post-thumbnail","hentry","category-noticias","tag-funciones-cerebrales","tag-neurociencia","tag-neuromitos"],"_links":{"self":[{"href":"https:\/\/losperiodistas.com.mx\/portal\/wp-json\/wp\/v2\/posts\/50952","targetHints":{"allow":["GET"]}}],"collection":[{"href":"https:\/\/losperiodistas.com.mx\/portal\/wp-json\/wp\/v2\/posts"}],"about":[{"href":"https:\/\/losperiodistas.com.mx\/portal\/wp-json\/wp\/v2\/types\/post"}],"author":[{"embeddable":true,"href":"https:\/\/losperiodistas.com.mx\/portal\/wp-json\/wp\/v2\/users\/1"}],"replies":[{"embeddable":true,"href":"https:\/\/losperiodistas.com.mx\/portal\/wp-json\/wp\/v2\/comments?post=50952"}],"version-history":[{"count":1,"href":"https:\/\/losperiodistas.com.mx\/portal\/wp-json\/wp\/v2\/posts\/50952\/revisions"}],"predecessor-version":[{"id":50954,"href":"https:\/\/losperiodistas.com.mx\/portal\/wp-json\/wp\/v2\/posts\/50952\/revisions\/50954"}],"wp:featuredmedia":[{"embeddable":true,"href":"https:\/\/losperiodistas.com.mx\/portal\/wp-json\/wp\/v2\/media\/50953"}],"wp:attachment":[{"href":"https:\/\/losperiodistas.com.mx\/portal\/wp-json\/wp\/v2\/media?parent=50952"}],"wp:term":[{"taxonomy":"category","embeddable":true,"href":"https:\/\/losperiodistas.com.mx\/portal\/wp-json\/wp\/v2\/categories?post=50952"},{"taxonomy":"post_tag","embeddable":true,"href":"https:\/\/losperiodistas.com.mx\/portal\/wp-json\/wp\/v2\/tags?post=50952"}],"curies":[{"name":"wp","href":"https:\/\/api.w.org\/{rel}","templated":true}]}}