{"id":50931,"date":"2023-05-04T11:00:15","date_gmt":"2023-05-04T16:00:15","guid":{"rendered":"http:\/\/losperiodistas.com.mx\/portal\/?p=50931"},"modified":"2023-05-04T11:00:17","modified_gmt":"2023-05-04T16:00:17","slug":"monologos-de-menade-judas-rendon-perdon-julian-rendon","status":"publish","type":"post","link":"https:\/\/losperiodistas.com.mx\/portal\/monologos-de-menade-judas-rendon-perdon-julian-rendon\/","title":{"rendered":"Mon\u00f3logos de M\u00e9nade | Judas Rend\u00f3n\u2026 perd\u00f3n, Juli\u00e1n Rend\u00f3n"},"content":{"rendered":"\n<figure class=\"wp-block-image size-large is-style-default\"><img fetchpriority=\"high\" decoding=\"async\" width=\"1024\" height=\"576\" src=\"https:\/\/losperiodistas.com.mx\/portal\/wp-content\/uploads\/2023\/05\/Julian-Rendon-1024x576.jpg\" alt=\"\" class=\"wp-image-50932\" srcset=\"https:\/\/losperiodistas.com.mx\/portal\/wp-content\/uploads\/2023\/05\/Julian-Rendon-1024x576.jpg 1024w, https:\/\/losperiodistas.com.mx\/portal\/wp-content\/uploads\/2023\/05\/Julian-Rendon-300x169.jpg 300w, https:\/\/losperiodistas.com.mx\/portal\/wp-content\/uploads\/2023\/05\/Julian-Rendon-768x432.jpg 768w, https:\/\/losperiodistas.com.mx\/portal\/wp-content\/uploads\/2023\/05\/Julian-Rendon.jpg 1200w\" sizes=\"(max-width: 1024px) 100vw, 1024px\" \/><\/figure>\n\n\n\n<p><\/p>\n\n\n\n<p class=\"has-vivid-red-color has-text-color\" style=\"font-size:26px\"><strong><em>Por Itandehui Rodr\u00edguez Mart\u00ednez<\/em><\/strong><\/p>\n\n\n\n<p>@Itandehui_RoMa<\/p>\n\n\n\n<p>\u00a1Ay, me equivoqu\u00e9 de nombre, perdonar\u00e1n Ustedes, le puse a la cabeza de esta columna Judas Rend\u00f3n y no Juli\u00e1n Rend\u00f3n! Perd\u00f3nenme la vida, llega el momento en que el cansancio dobla y uno se equivoca.<\/p>\n\n\n\n<p>Pero bueno, hablemos de Juli\u00e1n Rend\u00f3n, el dirigente el del PRD municipal al que su dirigente estatal, Carlos Mart\u00ednez, destap\u00f3 ayer para la presidencia municipal.<\/p>\n\n\n\n<p>El d\u00eda de ayer en una rueda de prensa, casualmente previa a la visita de Jes\u00fas Zambrano y de Miguel \u00c1ngel Mancera a Puebla, Carlos Mart\u00ednez decidi\u00f3 destapar a su dirigente municipal, Juli\u00e1n Rend\u00f3n. Nada m\u00e1s le falt\u00f3 un espejo y \u201cautodestaparse\u201d, pero no, para eso hay terceros.<\/p>\n\n\n\n<p>Porque claro, cuando el pueblo lo pide, al pueblo se le responde y por aclamaci\u00f3n, cual elecci\u00f3n papal, la gente de Puebla capital sali\u00f3 a raudales a las avenidas y plazas principales de la ciudad, tom\u00f3 el z\u00f3calo y hasta la explanada del Teatro del Pueblo antes del concierto de Mar\u00eda Le\u00f3n \u2013s\u00ed, la que pas\u00f3 de noche la primaria y se le olvida el himno nacional\u2013 y Mar\u00eda Jos\u00e9.<\/p>\n\n\n\n<p>Entonces, en un momento en el que se pudieron escuchar a los mismos \u00e1ngeles que trazaron esta hermosa ciudad, tocar unas trompetas celestiales, los poblanos gritaron al un\u00edsono: \u201c\u00a1Juli\u00e1n, Juli\u00e1n, Juli\u00e1n!\u201d. Y luego, cuando salieron del trance, los poblanos, se les olvid\u00f3 lo que gritaron\u2026 porque no hay una sola encuesta seria donde aparezca su nombre, porque b\u00e1sicamente solo en el PRD, algunos empleados de base del Congreso y un par de vecinos, lo conocen.<\/p>\n\n\n\n<p>Pero bueno, lo curioso es que luego de que Juli\u00e1n Rend\u00f3n dijo que Mario Riestra y Eduardo Rivera deber\u00edan ser candidatos a presidente municipal y gobernador en 2024, respectivamente, hace menos de un mes, se le olvid\u00f3 lo que dijo. Aqu\u00ed las pruebas:<\/p>\n\n\n\n<figure class=\"wp-block-image size-large is-style-default\"><img decoding=\"async\" width=\"1024\" height=\"923\" src=\"https:\/\/losperiodistas.com.mx\/portal\/wp-content\/uploads\/2023\/05\/Captura-de-Pantalla-2023-05-04-a-las-9.56.38-1024x923.jpg\" alt=\"\" class=\"wp-image-50933\" srcset=\"https:\/\/losperiodistas.com.mx\/portal\/wp-content\/uploads\/2023\/05\/Captura-de-Pantalla-2023-05-04-a-las-9.56.38-1024x923.jpg 1024w, https:\/\/losperiodistas.com.mx\/portal\/wp-content\/uploads\/2023\/05\/Captura-de-Pantalla-2023-05-04-a-las-9.56.38-300x270.jpg 300w, https:\/\/losperiodistas.com.mx\/portal\/wp-content\/uploads\/2023\/05\/Captura-de-Pantalla-2023-05-04-a-las-9.56.38-768x692.jpg 768w, https:\/\/losperiodistas.com.mx\/portal\/wp-content\/uploads\/2023\/05\/Captura-de-Pantalla-2023-05-04-a-las-9.56.38.jpg 1360w\" sizes=\"(max-width: 1024px) 100vw, 1024px\" \/><\/figure>\n\n\n\n<p><a href=\"https:\/\/www.instagram.com\/reel\/Cq_k836NcIg\/?utm_source=ig_web_copy_link\">Ver en Instagram<\/a><\/p>\n\n\n\n<p><\/p>\n\n\n\n<p>Pues como no hacerlo, si la siguiente semana vendr\u00e1n a Puebla los jefes pol\u00edticos de su partido y porque hay que pedir ahora dos regidur\u00edas y no una. En pocas palabras, \u201cque dice mi mam\u00e1 que siempre no\u201d y que mejor va mi compadre, por eso, ayer en rueda de prensa, cambiaron el discurso:<\/p>\n\n\n\n<figure class=\"wp-block-embed is-type-rich is-provider-twitter wp-block-embed-twitter\"><div class=\"wp-block-embed__wrapper\">\n<blockquote class=\"twitter-tweet\" data-width=\"500\" data-dnt=\"true\"><p lang=\"es\" dir=\"ltr\"><a href=\"https:\/\/twitter.com\/hashtag\/Pol%C3%ADtica?src=hash&amp;ref_src=twsrc%5Etfw\">#Pol\u00edtica<\/a> | El dirigente estatal del <a href=\"https:\/\/twitter.com\/PRDPueblaOficia?ref_src=twsrc%5Etfw\">@PRDPueblaOficia<\/a> <a href=\"https:\/\/twitter.com\/CarlosMtzAmador?ref_src=twsrc%5Etfw\">@CarlosMtzAmador<\/a> destapa a Julian Rend\u00f3n Tapia como aspirante a la presidencia municipal de Puebla, en las <a href=\"https:\/\/twitter.com\/hashtag\/Elecciones2024?src=hash&amp;ref_src=twsrc%5Etfw\">#Elecciones2024<\/a> <a href=\"https:\/\/twitter.com\/hashtag\/apartadomex?src=hash&amp;ref_src=twsrc%5Etfw\">#apartadomex<\/a> <a href=\"https:\/\/t.co\/m1aeir24MM\">pic.twitter.com\/m1aeir24MM<\/a><\/p>&mdash; apartadomex (@ApartadoMex) <a href=\"https:\/\/twitter.com\/ApartadoMex\/status\/1653848148362805248?ref_src=twsrc%5Etfw\">May 3, 2023<\/a><\/blockquote><script async src=\"https:\/\/platform.twitter.com\/widgets.js\" charset=\"utf-8\"><\/script>\n<\/div><\/figure>\n\n\n\n<p><\/p>\n\n\n\n<p>Nadie oblig\u00f3 a Rend\u00f3n a sumarse a Rivera y a Riestra, pero ya se rest\u00f3 junto con Carlos Mart\u00ednez, porque ayer se destaparon los dos. Quemar barcos es un acto de mucho valor, sin duda, y Rend\u00f3n y Mart\u00ednez son muy valientes, se los reconozco.<\/p>\n\n\n\n<p>Por otro lado, si yo fuera Rivera y Riestra, Riestra y Rivera, ir\u00eda tomando nota de estos \u201cbandazos\u201d. Una o uno, nunca sabe si en la constitucional, tambi\u00e9n la puedan aplicar. Pero ellos no son yo, ni piensan como yo, eso queda perfectamente claro.<\/p>\n\n\n\n<p>Solo les recuerdo que \u201cel que avisa, no traiciona\u201d, \u00bfavisaron?<\/p>\n\n\n\n<h2 class=\"wp-block-heading\">Una historia de nepotismo en el INDEP<\/h2>\n\n\n\n<p>Para empezar, se preguntar\u00e1n \u00bfy qu\u00e9 es el INDEP? No, no hablamos del Instituto para Devolver al Pueblo lo Robado, pero no se vayan, que la historia se va a poner buena. Hablamos del &nbsp;Instituto de la Discapacidad del Estado de Puebla.<\/p>\n\n\n\n<p>Bien har\u00eda mi gobernador Sergio Salom\u00f3n en preguntar, \u00bfc\u00f3mo fue que los familiares de la titular, Micaela Eugenio M\u00e1rquez, llegaron a la n\u00f3mina? En esa prestigiada lista dorada\u2026 de parientes de la titular Micaela, se encuentra:<\/p>\n\n\n\n<p>Patricia Eugenio M\u00e1rquez, hermana.<\/p>\n\n\n\n<p>Eleodoro M\u00e1rquez Ortega, primo.<\/p>\n\n\n\n<p>Celia Aguilero M\u00e1rquez, sobrina.<\/p>\n\n\n\n<p>Amanda S\u00e1nchez Vidal, cu\u00f1ada.<\/p>\n\n\n\n<p>\u00bf\u00a1Qu\u00e9 bonito, no!?<\/p>\n\n\n\n<p>Porque uno se incorpora a la administraci\u00f3n para beneficiar a la familia y el pueblo, bien gracias.<\/p>\n\n\n\n<p>Pues dicen los que dicen que saben que es la hora en que la familia de la funcionaria no aprende ni a redactar un oficio. \u00a1No sea as\u00ed, Directora, aunque sea un cursito! Ya si no aprenden, en Usted no qued\u00f3.<\/p>\n\n\n\n<p>Habiendo ayudado a la familia, habr\u00e1 que ver que m\u00e1s se puede hacer, a veces no mucho, porque tener a la familia en la n\u00f3mina complica un poco las cosas, vaya, no sale para los gastos, por eso es que en un lugar donde se deber\u00edan prestar todas las facilidades para atender a las personas con discapacidad, no hay papel higi\u00e9nico, jab\u00f3n, limpiador para piso\u2026 Ya den gracias que hay agua.<\/p>\n\n\n\n<p>Y \u00bfsaben c\u00f3mo es que se limpian esas oficinas? Si quieren que se limpien, los directivos tiene que pagar de sus bolsas.<\/p>\n\n\n\n<p>Do\u00f1a Gaby Bonilla est\u00e1 haciendo un extraordinario trabajo y dando el mayor de los esfuerzos, no se diga el gobernador, su esposo, Sergio Salom\u00f3n C\u00e9spedes. Es lamentable que haya titulares que abusen de su confianza y de sus posiciones como sucede en el INDEP. \u00a1A ver qu\u00e9 pasa!<\/p>\n","protected":false},"excerpt":{"rendered":"<p>Por Itandehui Rodr\u00edguez Mart\u00ednez @Itandehui_RoMa \u00a1Ay, me equivoqu\u00e9 de nombre, perdonar\u00e1n Ustedes, le puse a la cabeza de esta columna [&hellip;]<\/p>\n","protected":false},"author":1,"featured_media":50932,"comment_status":"open","ping_status":"open","sticky":false,"template":"","format":"standard","meta":{"site-sidebar-layout":"default","site-content-layout":"","ast-site-content-layout":"default","site-content-style":"default","site-sidebar-style":"default","ast-global-header-display":"","ast-banner-title-visibility":"","ast-main-header-display":"","ast-hfb-above-header-display":"","ast-hfb-below-header-display":"","ast-hfb-mobile-header-display":"","site-post-title":"","ast-breadcrumbs-content":"","ast-featured-img":"","footer-sml-layout":"","theme-transparent-header-meta":"","adv-header-id-meta":"","stick-header-meta":"","header-above-stick-meta":"","header-main-stick-meta":"","header-below-stick-meta":"","astra-migrate-meta-layouts":"default","ast-page-background-enabled":"default","ast-page-background-meta":{"desktop":{"background-color":"var(--ast-global-color-4)","background-image":"","background-repeat":"repeat","background-position":"center center","background-size":"auto","background-attachment":"scroll","background-type":"","background-media":"","overlay-type":"","overlay-color":"","overlay-opacity":"","overlay-gradient":""},"tablet":{"background-color":"","background-image":"","background-repeat":"repeat","background-position":"center center","background-size":"auto","background-attachment":"scroll","background-type":"","background-media":"","overlay-type":"","overlay-color":"","overlay-opacity":"","overlay-gradient":""},"mobile":{"background-color":"","background-image":"","background-repeat":"repeat","background-position":"center center","background-size":"auto","background-attachment":"scroll","background-type":"","background-media":"","overlay-type":"","overlay-color":"","overlay-opacity":"","overlay-gradient":""}},"ast-content-background-meta":{"desktop":{"background-color":"var(--ast-global-color-5)","background-image":"","background-repeat":"repeat","background-position":"center center","background-size":"auto","background-attachment":"scroll","background-type":"","background-media":"","overlay-type":"","overlay-color":"","overlay-opacity":"","overlay-gradient":""},"tablet":{"background-color":"var(--ast-global-color-5)","background-image":"","background-repeat":"repeat","background-position":"center center","background-size":"auto","background-attachment":"scroll","background-type":"","background-media":"","overlay-type":"","overlay-color":"","overlay-opacity":"","overlay-gradient":""},"mobile":{"background-color":"var(--ast-global-color-5)","background-image":"","background-repeat":"repeat","background-position":"center center","background-size":"auto","background-attachment":"scroll","background-type":"","background-media":"","overlay-type":"","overlay-color":"","overlay-opacity":"","overlay-gradient":""}},"footnotes":""},"categories":[8,22],"tags":[16292],"class_list":["post-50931","post","type-post","status-publish","format-standard","has-post-thumbnail","hentry","category-noticias","category-opinion-invitada","tag-julian-rendon"],"_links":{"self":[{"href":"https:\/\/losperiodistas.com.mx\/portal\/wp-json\/wp\/v2\/posts\/50931","targetHints":{"allow":["GET"]}}],"collection":[{"href":"https:\/\/losperiodistas.com.mx\/portal\/wp-json\/wp\/v2\/posts"}],"about":[{"href":"https:\/\/losperiodistas.com.mx\/portal\/wp-json\/wp\/v2\/types\/post"}],"author":[{"embeddable":true,"href":"https:\/\/losperiodistas.com.mx\/portal\/wp-json\/wp\/v2\/users\/1"}],"replies":[{"embeddable":true,"href":"https:\/\/losperiodistas.com.mx\/portal\/wp-json\/wp\/v2\/comments?post=50931"}],"version-history":[{"count":1,"href":"https:\/\/losperiodistas.com.mx\/portal\/wp-json\/wp\/v2\/posts\/50931\/revisions"}],"predecessor-version":[{"id":50934,"href":"https:\/\/losperiodistas.com.mx\/portal\/wp-json\/wp\/v2\/posts\/50931\/revisions\/50934"}],"wp:featuredmedia":[{"embeddable":true,"href":"https:\/\/losperiodistas.com.mx\/portal\/wp-json\/wp\/v2\/media\/50932"}],"wp:attachment":[{"href":"https:\/\/losperiodistas.com.mx\/portal\/wp-json\/wp\/v2\/media?parent=50931"}],"wp:term":[{"taxonomy":"category","embeddable":true,"href":"https:\/\/losperiodistas.com.mx\/portal\/wp-json\/wp\/v2\/categories?post=50931"},{"taxonomy":"post_tag","embeddable":true,"href":"https:\/\/losperiodistas.com.mx\/portal\/wp-json\/wp\/v2\/tags?post=50931"}],"curies":[{"name":"wp","href":"https:\/\/api.w.org\/{rel}","templated":true}]}}