{"id":508,"date":"2020-10-27T06:44:25","date_gmt":"2020-10-27T12:44:25","guid":{"rendered":"http:\/\/losperiodistas.com.mx\/portal\/?p=508"},"modified":"2020-10-27T06:44:25","modified_gmt":"2020-10-27T12:44:25","slug":"la-redencion-del-baron-thyssen-por-el-pasado-nazi-de-su-familia","status":"publish","type":"post","link":"https:\/\/losperiodistas.com.mx\/portal\/la-redencion-del-baron-thyssen-por-el-pasado-nazi-de-su-familia\/","title":{"rendered":"La redenci\u00f3n del bar\u00f3n Thyssen por el pasado nazi de su familia"},"content":{"rendered":"\n<h2 class=\"has-normal-font-size wp-block-heading\">El Museo Thyssen exhibe las obras del expresionismo alem\u00e1n que \u00e9l compr\u00f3 para expiar la sombra filonazi de su t\u00edo<\/h2>\n\n\n\n<p><\/p>\n\n\n\n<p><\/p>\n\n\n\n<p class=\"has-vivid-cyan-blue-color has-text-color has-medium-font-size\">JAVIER ORS\/ LA RAZ\u00d3N<\/p>\n\n\n\n<hr class=\"wp-block-separator\"\/>\n\n\n\n<p>El p\u00e9ndulo de la historia tambi\u00e9n es familiar, generacional. El hijo se revuelve contra el padre y los nietos, si no se han extraviado antes, regresan por lo general a los regazos ideol\u00f3gicos que sosten\u00edan los abuelos. El bar\u00f3n Hans Heinrich Thyssen-Bornemisza compr\u00f3 en mayo de 1961 la acuarela de una joven pareja que Emil Nolde pint\u00f3 entre 1931 y 1935. Con la adquisici\u00f3n de esta pieza iniciaba una importante colecci\u00f3n de arte expresionista alem\u00e1n. Un paso que, en el fondo, significaba mucho m\u00e1s de lo que aparentaba. Esta compra supon\u00eda la ruptura con los criterios y la predilecci\u00f3n por la pintura antigua que hab\u00eda mantenido su progenitor a lo largo de su vida, una especie de rebeld\u00eda emancipadora y tambi\u00e9n de reivindicaci\u00f3n de la propia personalidad que marcar\u00eda su futuro como coleccionista. Pero, adem\u00e1s, supon\u00eda una manera clara y expeditiva de separarse de la peligrosa sombra de su t\u00edo Fritz, que simpatiz\u00f3 con el Tercer Reich. \u00ab<strong>Fue un momento importante, porque se apartaba del conservadurismo que hab\u00eda mantenido su padre y, tambi\u00e9n del pasado nazi de su familia.<\/strong>&nbsp;De esta manera le dio un rumbo diferente a la colecci\u00f3n\u00bb, explica Paloma Alarc\u00f3, comisaria de la exposici\u00f3n dedicada a este movimiento art\u00edstico que desde hoy alberga el Museo Thyssen. Un conjunto de m\u00e1s de ochenta obras procedentes de la pinacoteca madrile\u00f1a, la colecci\u00f3n Carmen Thyssen-Bornemisza y de los hijos que repasa los diferentes estilos y artistas que aglutin\u00f3, haciendo hincapi\u00e9 en sus temas predilectos, sus principales influencias y sus reivindicaciones pol\u00edticas y sociales.<\/p>\n\n\n\n<p>La muestra, que abre la conmemoraci\u00f3n del centenario del nacimiento del bar\u00f3n que se pretende celebrar a lo largo de 2021, recoge trabajos de Emil Nolde, Edvard Munch, Van Gogh o Gauguin, pero, sobre todo, se podr\u00e1n admirar excelentes cuadros de Heckel, Franz Marc, Schmidt-Rottluff, Otto Mueller, Kandisnky, Paul Klee o Feininger. \u00ab<strong>Era una manera de expiar su pasado \u2013prosigue Paloma Alarc\u00f3<\/strong>\u2013. El mero hecho de que todos estos artistas hubieran sido reprimidos por el r\u00e9gimen de Hitler y que su arte fuera declarado como degenerado, fue uno de los principales motivos que le condujo a coleccionarlos. Digamos que a partir de este momento toma el testigo en su familia. Y lo hace, adem\u00e1s, en un momento que ayuda a revalorizar a estos creadores hacia el p\u00fablico y, tambi\u00e9n, en el mercado\u00bb. Uno de los \u00f3leos presentes en las salas es una prueba fehaciente. \u00abMetr\u00f3polis\u00bb, un \u00f3leo de 1917 que realiz\u00f3 George Grosz, un artista poli\u00e9drico, de pol\u00e9mica personalidad, con unos principios claros que asoman en sus lienzos y los impregna de lecturas, arrastra una prueba indeleble de lo que eran las pretensiones nazis: en su bastidor aparece escrito: \u00abArte degenerado\u00bb.<\/p>\n\n\n\n<p><strong>Una obra inc\u00f3moda<\/strong><\/p>\n\n\n\n<p>Para los seguidores de Hitler, este \u00f3leo, que muestra el caos inherente a las grandes urbes modernas, con sus ajetreos, prisas, insolidaridades y pobreza, debi\u00f3 resultar inc\u00f3modo, Paloma Alarc\u00f3 explica que \u00absolo el hecho de que su familia se hubiera identificado tanto con el partido nacionalsocialista hac\u00eda m\u00e1s simb\u00f3lico este rescate por parte del bar\u00f3n. Era la manera que se le ocurri\u00f3 de decir al mundo que \u00e9l era distinto a sus antecesores\u00bb. El resultado es espectacular. Un somero repaso a los lienzos que compr\u00f3 a lo largo de cuatro d\u00e9cadas, sobre todo en las dos primeras d\u00e9cadas, cuando adquir\u00eda a un ritmo de veinte telas al a\u00f1o, arroja una visi\u00f3n completa y muy rica de lo que fue el expresionismo alem\u00e1n.<\/p>\n\n\n\n<figure class=\"wp-block-video\"><video controls src=\"https:\/\/www.larazon.es\/cultura\/20201027\/wblreenvqnfc5gyurhdwdpa5ma.html?jwsource=cl\"><\/video><\/figure>\n\n\n\n<p><strong>Este conjunto de artistas, de gen\u00e9tica rebelde, tempestuosa, que renegaba del naturalismo y el impresionismo, apostaba por romper l\u00edneas, vivificar colores, quebrar las siluetas y encontr\u00f3 una belleza ultramoderna en lo inacabado,\u00a0<\/strong>pero tambi\u00e9n sufri\u00f3 las convulsiones del siglo XX. Sus biograf\u00edas estuvieron alejadas de la visi\u00f3n del artista maldito o el creador encerrado en su taller. Vivieron la Primera Guerra Mundial (donde fallecieron algunos de ellos) y la Segunda Guerra Mundial. Afrontaron el Crack del 29 y el ascenso del nazismo que los condujo al exilio, la marginaci\u00f3n y el vilipendio p\u00fablico de sus creaciones. \u00abCocina alpina\u00bb, uno de los cuadros que abre la muestra, fue realizado por Kirchner en 1918, cuando todav\u00eda trataba de asimilar los traumas de la Gran Guerra.<\/p>\n\n\n\n<p>Fuente: https:\/\/www.larazon.es\/cultura\/20201027\/wblreenvqnfc5gyurhdwdpa5ma.html<\/p>\n","protected":false},"excerpt":{"rendered":"<p>El Museo Thyssen exhibe las obras del expresionismo alem\u00e1n que \u00e9l compr\u00f3 para expiar la sombra filonazi de su t\u00edo [&hellip;]<\/p>\n","protected":false},"author":1,"featured_media":509,"comment_status":"open","ping_status":"open","sticky":false,"template":"","format":"standard","meta":{"site-sidebar-layout":"default","site-content-layout":"","ast-site-content-layout":"default","site-content-style":"default","site-sidebar-style":"default","ast-global-header-display":"","ast-banner-title-visibility":"","ast-main-header-display":"","ast-hfb-above-header-display":"","ast-hfb-below-header-display":"","ast-hfb-mobile-header-display":"","site-post-title":"","ast-breadcrumbs-content":"","ast-featured-img":"","footer-sml-layout":"","theme-transparent-header-meta":"","adv-header-id-meta":"","stick-header-meta":"","header-above-stick-meta":"","header-main-stick-meta":"","header-below-stick-meta":"","astra-migrate-meta-layouts":"default","ast-page-background-enabled":"default","ast-page-background-meta":{"desktop":{"background-color":"var(--ast-global-color-4)","background-image":"","background-repeat":"repeat","background-position":"center center","background-size":"auto","background-attachment":"scroll","background-type":"","background-media":"","overlay-type":"","overlay-color":"","overlay-opacity":"","overlay-gradient":""},"tablet":{"background-color":"","background-image":"","background-repeat":"repeat","background-position":"center center","background-size":"auto","background-attachment":"scroll","background-type":"","background-media":"","overlay-type":"","overlay-color":"","overlay-opacity":"","overlay-gradient":""},"mobile":{"background-color":"","background-image":"","background-repeat":"repeat","background-position":"center center","background-size":"auto","background-attachment":"scroll","background-type":"","background-media":"","overlay-type":"","overlay-color":"","overlay-opacity":"","overlay-gradient":""}},"ast-content-background-meta":{"desktop":{"background-color":"var(--ast-global-color-5)","background-image":"","background-repeat":"repeat","background-position":"center center","background-size":"auto","background-attachment":"scroll","background-type":"","background-media":"","overlay-type":"","overlay-color":"","overlay-opacity":"","overlay-gradient":""},"tablet":{"background-color":"var(--ast-global-color-5)","background-image":"","background-repeat":"repeat","background-position":"center center","background-size":"auto","background-attachment":"scroll","background-type":"","background-media":"","overlay-type":"","overlay-color":"","overlay-opacity":"","overlay-gradient":""},"mobile":{"background-color":"var(--ast-global-color-5)","background-image":"","background-repeat":"repeat","background-position":"center center","background-size":"auto","background-attachment":"scroll","background-type":"","background-media":"","overlay-type":"","overlay-color":"","overlay-opacity":"","overlay-gradient":""}},"footnotes":""},"categories":[8],"tags":[],"class_list":["post-508","post","type-post","status-publish","format-standard","has-post-thumbnail","hentry","category-noticias"],"_links":{"self":[{"href":"https:\/\/losperiodistas.com.mx\/portal\/wp-json\/wp\/v2\/posts\/508","targetHints":{"allow":["GET"]}}],"collection":[{"href":"https:\/\/losperiodistas.com.mx\/portal\/wp-json\/wp\/v2\/posts"}],"about":[{"href":"https:\/\/losperiodistas.com.mx\/portal\/wp-json\/wp\/v2\/types\/post"}],"author":[{"embeddable":true,"href":"https:\/\/losperiodistas.com.mx\/portal\/wp-json\/wp\/v2\/users\/1"}],"replies":[{"embeddable":true,"href":"https:\/\/losperiodistas.com.mx\/portal\/wp-json\/wp\/v2\/comments?post=508"}],"version-history":[{"count":1,"href":"https:\/\/losperiodistas.com.mx\/portal\/wp-json\/wp\/v2\/posts\/508\/revisions"}],"predecessor-version":[{"id":510,"href":"https:\/\/losperiodistas.com.mx\/portal\/wp-json\/wp\/v2\/posts\/508\/revisions\/510"}],"wp:featuredmedia":[{"embeddable":true,"href":"https:\/\/losperiodistas.com.mx\/portal\/wp-json\/wp\/v2\/media\/509"}],"wp:attachment":[{"href":"https:\/\/losperiodistas.com.mx\/portal\/wp-json\/wp\/v2\/media?parent=508"}],"wp:term":[{"taxonomy":"category","embeddable":true,"href":"https:\/\/losperiodistas.com.mx\/portal\/wp-json\/wp\/v2\/categories?post=508"},{"taxonomy":"post_tag","embeddable":true,"href":"https:\/\/losperiodistas.com.mx\/portal\/wp-json\/wp\/v2\/tags?post=508"}],"curies":[{"name":"wp","href":"https:\/\/api.w.org\/{rel}","templated":true}]}}