{"id":505,"date":"2020-10-27T06:36:44","date_gmt":"2020-10-27T12:36:44","guid":{"rendered":"http:\/\/losperiodistas.com.mx\/portal\/?p=505"},"modified":"2020-10-27T06:36:44","modified_gmt":"2020-10-27T12:36:44","slug":"el-ine-presupuesto-1499-millones-de-pesos-para-realizar-consulta-sobre-juicio-a-ex-presidentes","status":"publish","type":"post","link":"https:\/\/losperiodistas.com.mx\/portal\/el-ine-presupuesto-1499-millones-de-pesos-para-realizar-consulta-sobre-juicio-a-ex-presidentes\/","title":{"rendered":"El INE presupuest\u00f3 1,499 millones de pesos para realizar consulta sobre juicio a ex presidentes"},"content":{"rendered":"\n<p style=\"font-size:22px\">En caso de ser avalado, dichos recursos deber\u00e1n ser solicitados a la C\u00e1mara de Diputados para su integraci\u00f3n al Presupuesto de Egresos del Instituto Nacional Electoral 2021<\/p>\n\n\n\n<p><\/p>\n\n\n\n<p class=\"has-vivid-cyan-blue-color has-text-color has-medium-font-size\">INFOBAE<\/p>\n\n\n\n<p>La Junta General Ejecutiva del&nbsp;<strong>Instituto Nacional Electoral&nbsp;<\/strong>(INE) aprob\u00f3 someter a consideraci\u00f3n del Consejo General&nbsp;<strong>el presupuesto de 1,499,392,669 pesos para realizar la Consulta Popular convocada por el Poder Legislativo para juzgar las decisiones de expresidentes.<\/strong><\/p>\n\n\n\n<p>Estos recursos, en caso de ser avalados, deber\u00e1n solicitarse a la C\u00e1mara de Diputados para su an\u00e1lisis e integraci\u00f3n en el Presupuesto de Egresos del Instituto para el ejercicio 2021,<a href=\"https:\/\/centralelectoral.ine.mx\/2020\/10\/26\/presupuesta-ine-mil-499-millones-de-pesos-para-realizacion-de-la-consulta-popular\/\" target=\"_blank\" rel=\"noreferrer noopener\">&nbsp;inform\u00f3 en un comunicado el INE.<\/a><\/p>\n\n\n\n<p><strong>L\u00f3renzo C\u00f3dova<\/strong>, consejero presidente del Instituto, asegur\u00f3 que&nbsp;<mark><strong>\u201cla autoridad electoral cumplir\u00e1 con el mandato de organizar este primer ejercicio de consulta popular, apeg\u00e1ndose a los principios constitucionales de legalidad, certeza, imparcialidad, objetividad, independencia y m\u00e1xima publicidad, adem\u00e1s de que ser\u00e1 vigilante de que todos los actores pol\u00edticos cumplan con las reglas electorales.\u201d<\/strong><\/mark><img fetchpriority=\"high\" decoding=\"async\" alt=\"De acuerdo con el INE, los 1,499 mdp solicitados es una cifra significativamente menor a los 8,000 millones que cuesta llevar a cabo un proceso electoral de principio a fin (Foto: Paulina Negrete \/ Cuartoscuro)\n\" height=\"1280\" src=\"https:\/\/www.infobae.com\/new-resizer\/IUGfzF8sH1iS4JC6_tjEzoVDExs=\/420x280\/filters:format(jpg):quality(85)\/\/cloudfront-us-east-1.images.arcpublishing.com\/infobae\/P24BBWFRIJBIBAPJVUVSSDG35U.jpeg\" width=\"1920\">De acuerdo con el INE, los 1,499 mdp solicitados es una cifra significativamente menor a los 8,000 millones que cuesta llevar a cabo un proceso electoral de principio a fin (Foto: Paulina Negrete \/ Cuartoscuro)<\/p>\n\n\n\n<p>En sesi\u00f3n extraordinaria, explic\u00f3 que para no afectar el proceso electoral en curso, se concluy\u00f3 que es necesario&nbsp;<strong>solicitar recursos adicionales<\/strong>&nbsp;para realizar la consulta solicitada por el presidente Andr\u00e9s Manuel L\u00f3pez Obrador.<\/p>\n\n\n\n<p>La cifra total se divide de la siguiente manera:&nbsp;<strong>886.4 millones de pesos<\/strong>&nbsp;(mdp) destinados al \u00e1rea de direcci\u00f3n Ejecutiva de Organizaci\u00f3n Electoral;&nbsp;<strong>599.9 mdp&nbsp;<\/strong>a la direcci\u00f3n Ejecutiva de Capacitaci\u00f3n Electoral y Educaci\u00f3n C\u00edvica;<strong>&nbsp;8.5 mdp&nbsp;<\/strong>a la direcci\u00f3n Ejecutiva del Registro Federal de Electores y<strong>&nbsp;4.4 mdp<\/strong>&nbsp;a la Unidad T\u00e9cnica de Servicios de Inform\u00e1tica.<\/p>\n\n\n\n<p>Cabe destacar que esta cifra es significativamente menor a los 8,000 millones que cuesta llevar a cabo un proceso electoral de principio a fin.<\/p>\n\n\n\n<p>Dicha reducci\u00f3n es posible, se\u00f1ala el bolet\u00edn de prensa, gracias a que&nbsp;<strong>muchos de los materiales y servicios necesarios para la consulta se adquirir\u00e1n o se contratar\u00e1n para el ejercicio democr\u00e1tico de 2021.<\/strong><img decoding=\"async\" alt=\"Para reducir al m\u00ednimo los costos de la consulta, el INE propuso recurrir a los ciudadanos ya capacitados para la Jornada Electoral del 6 de junio (Foto: Galo Ca\u00f1as \/ Cuartoscuro)\" height=\"1280\" src=\"https:\/\/www.infobae.com\/new-resizer\/ry9GUffwmV31MCZJDLHJTVZHcQU=\/420x280\/filters:format(jpg):quality(85)\/\/cloudfront-us-east-1.images.arcpublishing.com\/infobae\/RK7TY6E5AVFNXPIQCGAE5OQP3U.jpeg\" width=\"1920\">Para reducir al m\u00ednimo los costos de la consulta, el INE propuso recurrir a los ciudadanos ya capacitados para la Jornada Electoral del 6 de junio (Foto: Galo Ca\u00f1as \/ Cuartoscuro)<\/p>\n\n\n\n<p>El INE inform\u00f3 que atendiendo a la recomendaci\u00f3n hecha por la Presidencia del Consejo y la Secretar\u00eda Ejecutiva, de reducir al m\u00e1ximo los costos de la consulta, se plantearon las siguientes medidas:<\/p>\n\n\n\n<p><strong>Instalaci\u00f3n de 104,667 casillas<\/strong>,recibiendo en cada una hasta 1,500 electores; en lugar de las 164,550 casillas que se instalar\u00e1n en la Jornada Electoral del 6 de junio.<\/p>\n\n\n\n<p><strong>Integrar las Mesas Directivas de Casilla con un n\u00famero menor de personas<\/strong>; esto es, tres en lugar de seis funcionarios de casilla.<\/p>\n\n\n\n<p><strong>Recurrir a los ciudadanos ya capacitados para la Jornada Electoral del 6 de junio<\/strong>, lo que permitir\u00e1 generar ahorros al no tener que llevar a cabo una nueva capacitaci\u00f3n, como si fuera un nuevo proceso electoral.<\/p>\n\n\n\n<p><strong>Reutilizar los cuadernillos impresos con la Lista Nominal de Electores empleados el 6 de junio<\/strong>, imprimiendo s\u00f3lo las de aquellas ciudadanas y ciudadanos que cumplan 18 a\u00f1os entre el 7 de junio y el 1 de agosto de 2021.<\/p>\n\n\n\n<p>Aunado a esto, se propuso<strong>&nbsp;realizar los c\u00f3mputos distritales a medida que vayan llegando los paquetes electorales<\/strong>, a fin de reducir a dos d\u00edas los trabajos del INE y la contrataci\u00f3n de personal. Asimismo, se se\u00f1ala que no ser\u00e1 necesario la realizaci\u00f3n de un programa de resultados preliminares.<img decoding=\"async\" alt=\"La C\u00e1mara de Diputados aprob\u00f3  la minuta con lo que se considera procedente el proyecto de consulta popular para llevar ante la justicia a los expresidentes del pa\u00eds (Foto: Cuartoscuro)\" height=\"1079\" src=\"https:\/\/www.infobae.com\/new-resizer\/PgEy20GxVQcy97R9qIClUEsUoTo=\/420x236\/filters:format(jpg):quality(85)\/\/cloudfront-us-east-1.images.arcpublishing.com\/infobae\/E6PFG5EEDJGTJC54VKDLMY2VAQ.jpg\" width=\"1920\">La C\u00e1mara de Diputados aprob\u00f3 la minuta con lo que se considera procedente el proyecto de consulta popular para llevar ante la justicia a los expresidentes del pa\u00eds (Foto: Cuartoscuro)<\/p>\n\n\n\n<p>Por su parte, el secretario Ejecutivo del INE,&nbsp;<strong>Edmundo Jacobo Molina<\/strong>, destac\u00f3 el esfuerzo realizado por las diferentes \u00e1reas del Instituto para reducir al m\u00e1ximo los costos de la organizaci\u00f3n de la consulta.Sin ello, el Instituto no contar\u00eda con recursos para hacerse cargo de esta responsabilidad y que no estaba prevista en el momento en que el Consejo General del INE aprob\u00f3 el presupuesto y lo turn\u00f3 en tiempo y en forma al Ejecutivo Federal<\/p>\n\n\n\n<p>El pasado 22 de octubre,&nbsp;<strong>la C\u00e1mara de Diputados aprob\u00f3 la minuta con lo que se considera procedente el proyecto de consulta popular hecho por el mandatario mexicano para llevar ante la justicia a los expresidentes del pa\u00eds.<\/strong><\/p>\n\n\n\n<p>Con 272 votos a favor y 116 en contra, se orden\u00f3 publicarlo en el Diario Oficial de la Federaci\u00f3n (DOF) y darle vista al Instituto Nacional Electoral.<\/p>\n\n\n\n<p>Fuente: https:\/\/www.infobae.com\/america\/mexico\/2020\/10\/27\/el-ine-presupuesto-1499-millones-de-pesos-para-realizar-consulta-sobre-juicio-a-ex-presidentes\/<\/p>\n","protected":false},"excerpt":{"rendered":"<p>En caso de ser avalado, dichos recursos deber\u00e1n ser solicitados a la C\u00e1mara de Diputados para su integraci\u00f3n al Presupuesto [&hellip;]<\/p>\n","protected":false},"author":1,"featured_media":506,"comment_status":"open","ping_status":"open","sticky":false,"template":"","format":"standard","meta":{"site-sidebar-layout":"default","site-content-layout":"","ast-site-content-layout":"default","site-content-style":"default","site-sidebar-style":"default","ast-global-header-display":"","ast-banner-title-visibility":"","ast-main-header-display":"","ast-hfb-above-header-display":"","ast-hfb-below-header-display":"","ast-hfb-mobile-header-display":"","site-post-title":"","ast-breadcrumbs-content":"","ast-featured-img":"","footer-sml-layout":"","theme-transparent-header-meta":"","adv-header-id-meta":"","stick-header-meta":"","header-above-stick-meta":"","header-main-stick-meta":"","header-below-stick-meta":"","astra-migrate-meta-layouts":"default","ast-page-background-enabled":"default","ast-page-background-meta":{"desktop":{"background-color":"var(--ast-global-color-4)","background-image":"","background-repeat":"repeat","background-position":"center center","background-size":"auto","background-attachment":"scroll","background-type":"","background-media":"","overlay-type":"","overlay-color":"","overlay-opacity":"","overlay-gradient":""},"tablet":{"background-color":"","background-image":"","background-repeat":"repeat","background-position":"center center","background-size":"auto","background-attachment":"scroll","background-type":"","background-media":"","overlay-type":"","overlay-color":"","overlay-opacity":"","overlay-gradient":""},"mobile":{"background-color":"","background-image":"","background-repeat":"repeat","background-position":"center center","background-size":"auto","background-attachment":"scroll","background-type":"","background-media":"","overlay-type":"","overlay-color":"","overlay-opacity":"","overlay-gradient":""}},"ast-content-background-meta":{"desktop":{"background-color":"var(--ast-global-color-5)","background-image":"","background-repeat":"repeat","background-position":"center center","background-size":"auto","background-attachment":"scroll","background-type":"","background-media":"","overlay-type":"","overlay-color":"","overlay-opacity":"","overlay-gradient":""},"tablet":{"background-color":"var(--ast-global-color-5)","background-image":"","background-repeat":"repeat","background-position":"center center","background-size":"auto","background-attachment":"scroll","background-type":"","background-media":"","overlay-type":"","overlay-color":"","overlay-opacity":"","overlay-gradient":""},"mobile":{"background-color":"var(--ast-global-color-5)","background-image":"","background-repeat":"repeat","background-position":"center center","background-size":"auto","background-attachment":"scroll","background-type":"","background-media":"","overlay-type":"","overlay-color":"","overlay-opacity":"","overlay-gradient":""}},"footnotes":""},"categories":[8],"tags":[],"class_list":["post-505","post","type-post","status-publish","format-standard","has-post-thumbnail","hentry","category-noticias"],"_links":{"self":[{"href":"https:\/\/losperiodistas.com.mx\/portal\/wp-json\/wp\/v2\/posts\/505","targetHints":{"allow":["GET"]}}],"collection":[{"href":"https:\/\/losperiodistas.com.mx\/portal\/wp-json\/wp\/v2\/posts"}],"about":[{"href":"https:\/\/losperiodistas.com.mx\/portal\/wp-json\/wp\/v2\/types\/post"}],"author":[{"embeddable":true,"href":"https:\/\/losperiodistas.com.mx\/portal\/wp-json\/wp\/v2\/users\/1"}],"replies":[{"embeddable":true,"href":"https:\/\/losperiodistas.com.mx\/portal\/wp-json\/wp\/v2\/comments?post=505"}],"version-history":[{"count":1,"href":"https:\/\/losperiodistas.com.mx\/portal\/wp-json\/wp\/v2\/posts\/505\/revisions"}],"predecessor-version":[{"id":507,"href":"https:\/\/losperiodistas.com.mx\/portal\/wp-json\/wp\/v2\/posts\/505\/revisions\/507"}],"wp:featuredmedia":[{"embeddable":true,"href":"https:\/\/losperiodistas.com.mx\/portal\/wp-json\/wp\/v2\/media\/506"}],"wp:attachment":[{"href":"https:\/\/losperiodistas.com.mx\/portal\/wp-json\/wp\/v2\/media?parent=505"}],"wp:term":[{"taxonomy":"category","embeddable":true,"href":"https:\/\/losperiodistas.com.mx\/portal\/wp-json\/wp\/v2\/categories?post=505"},{"taxonomy":"post_tag","embeddable":true,"href":"https:\/\/losperiodistas.com.mx\/portal\/wp-json\/wp\/v2\/tags?post=505"}],"curies":[{"name":"wp","href":"https:\/\/api.w.org\/{rel}","templated":true}]}}