{"id":50221,"date":"2023-04-20T08:30:11","date_gmt":"2023-04-20T13:30:11","guid":{"rendered":"http:\/\/losperiodistas.com.mx\/portal\/?p=50221"},"modified":"2023-04-20T08:30:13","modified_gmt":"2023-04-20T13:30:13","slug":"la-agenda-pendiente-con-las-mujeres-en-puebla","status":"publish","type":"post","link":"https:\/\/losperiodistas.com.mx\/portal\/la-agenda-pendiente-con-las-mujeres-en-puebla\/","title":{"rendered":"<strong>La agenda pendiente con las mujeres en Puebla<\/strong>"},"content":{"rendered":"\n<p><\/p>\n\n\n\n<p class=\"has-vivid-red-color has-text-color\" style=\"font-size:26px\"><strong><em>Por Fernando Manzanilla Prieto<\/em><\/strong><\/p>\n\n\n\n<p>Hace un poco m\u00e1s de un mes, Puebla se convirti\u00f3 en la primera entidad en el pa\u00eds en aprobar una reforma al C\u00f3digo Civil y Penal para suspender o quitar definitivamente la patria potestad a padres vinculados a proceso o sentenciados por feminicidio o tentativa contra la madre de sus hijos.<\/p>\n\n\n\n<p>Esta reforma, bautizada como \u201cLey Monz\u00f3n\u201d en referencia al emblem\u00e1tico y lamentable caso del asesinato de la abogada y activista Cecilia Monz\u00f3n hace casi un a\u00f1o, pugna porque los hijos menores de edad puedan ser resguardados por la familia de la madre, as\u00ed como aumentar a 70 a\u00f1os de prisi\u00f3n contra los feminicidas que maten a mujeres frente a sus hijos.<\/p>\n\n\n\n<p>Adem\u00e1s de este logro tan significativo para combatir la violencia de g\u00e9nero, las y los integrantes del Congreso Local aprobaron tambi\u00e9n, en la misma sesi\u00f3n, una ley que tipifica como intento de feminicidio los ataques con sustancias corrosivas, con penas que pueden alcanzar hasta 40 a\u00f1os de c\u00e1rcel. Esta iniciativa conocida como la \u00abLey Malena\u00bb recibi\u00f3 este nombre en honor a la lucha de la saxofonista oaxaque\u00f1a Mar\u00eda Elena R\u00edos Ortiz, sobreviviente de un ataque con \u00e1cido en 2019.<\/p>\n\n\n\n<p>Por una parte, estas iniciativas, tanto la Ley Monz\u00f3n y la Ley Malena, son sin\u00f3nimo de buenas noticias, no solo para Puebla, sino para un pa\u00eds en el que la violencia contra las mujeres es, literalmente, el pan de cada d\u00eda; en promedio 10 mujeres son asesinadas a diario.<\/p>\n\n\n\n<p>Pero, por otro lado, nos hace poner el dedo en la llaga de la gran agenda pendiente que sigue existiendo para garantizar los derechos de las mujeres y una vida libre de violencia, la cual se sigue manifestando en diferentes \u00e1mbitos.<\/p>\n\n\n\n<p>No olvidemos que las mujeres en M\u00e9xico a\u00fan enfrentan discriminaci\u00f3n en el mercado laboral. A menudo se les paga menos que a los hombres por el mismo trabajo, tienen menos oportunidades de ascenso y se les niega el acceso a determinados trabajos debido a su g\u00e9nero.<\/p>\n\n\n\n<p>Asimismo, a pesar de los avances en la participaci\u00f3n de las mujeres en la pol\u00edtica, todav\u00eda hay una brecha de g\u00e9nero significativa en la toma de decisiones. Se necesitan medidas para garantizar una mayor participaci\u00f3n de las mujeres en puestos de liderazgo y en la toma de decisiones pol\u00edticas.<\/p>\n\n\n\n<p>Por otra parte, las mujeres en el pa\u00eds y en el estado enfrentan obst\u00e1culos para acceder a servicios de salud reproductiva y a sus derechos sexuales y reproductivos. Es necesario garantizar el acceso a servicios de salud seguros y de calidad, as\u00ed como la educaci\u00f3n y la informaci\u00f3n sobre la salud reproductiva.<\/p>\n\n\n\n<p>Ante este panorama, sin duda es bueno celebrar los logros alcanzados, pero sobre todo tener presentes los retos y el emprender acciones para afrontarlos.<\/p>\n\n\n\n<p>Por ello insisto en que estas leyes son importantes, un gran paso alcanzado, pero tambi\u00e9n un fuerte incentivo para lograr que esta normativa se materialice en mejores oportunidades y condiciones de vida para las mujeres; dentro de las cuales lo primero es erradicar la violencia en el contexto diario.<\/p>\n\n\n\n<p>Es por ello que es necesario el trabajo conjunto de legisladores, gobernantes, academia, iniciativa privada, pero tambi\u00e9n de la ciudadan\u00eda en general. Solo trabajando en equipo podremos alcanzar la anhelada igualdad sustantiva.<\/p>\n","protected":false},"excerpt":{"rendered":"<p>Por Fernando Manzanilla Prieto Hace un poco m\u00e1s de un mes, Puebla se convirti\u00f3 en la primera entidad en el [&hellip;]<\/p>\n","protected":false},"author":1,"featured_media":50222,"comment_status":"open","ping_status":"open","sticky":false,"template":"","format":"standard","meta":{"site-sidebar-layout":"default","site-content-layout":"","ast-site-content-layout":"default","site-content-style":"default","site-sidebar-style":"default","ast-global-header-display":"","ast-banner-title-visibility":"","ast-main-header-display":"","ast-hfb-above-header-display":"","ast-hfb-below-header-display":"","ast-hfb-mobile-header-display":"","site-post-title":"","ast-breadcrumbs-content":"","ast-featured-img":"","footer-sml-layout":"","theme-transparent-header-meta":"","adv-header-id-meta":"","stick-header-meta":"","header-above-stick-meta":"","header-main-stick-meta":"","header-below-stick-meta":"","astra-migrate-meta-layouts":"default","ast-page-background-enabled":"default","ast-page-background-meta":{"desktop":{"background-color":"var(--ast-global-color-4)","background-image":"","background-repeat":"repeat","background-position":"center center","background-size":"auto","background-attachment":"scroll","background-type":"","background-media":"","overlay-type":"","overlay-color":"","overlay-opacity":"","overlay-gradient":""},"tablet":{"background-color":"","background-image":"","background-repeat":"repeat","background-position":"center center","background-size":"auto","background-attachment":"scroll","background-type":"","background-media":"","overlay-type":"","overlay-color":"","overlay-opacity":"","overlay-gradient":""},"mobile":{"background-color":"","background-image":"","background-repeat":"repeat","background-position":"center center","background-size":"auto","background-attachment":"scroll","background-type":"","background-media":"","overlay-type":"","overlay-color":"","overlay-opacity":"","overlay-gradient":""}},"ast-content-background-meta":{"desktop":{"background-color":"var(--ast-global-color-5)","background-image":"","background-repeat":"repeat","background-position":"center center","background-size":"auto","background-attachment":"scroll","background-type":"","background-media":"","overlay-type":"","overlay-color":"","overlay-opacity":"","overlay-gradient":""},"tablet":{"background-color":"var(--ast-global-color-5)","background-image":"","background-repeat":"repeat","background-position":"center center","background-size":"auto","background-attachment":"scroll","background-type":"","background-media":"","overlay-type":"","overlay-color":"","overlay-opacity":"","overlay-gradient":""},"mobile":{"background-color":"var(--ast-global-color-5)","background-image":"","background-repeat":"repeat","background-position":"center center","background-size":"auto","background-attachment":"scroll","background-type":"","background-media":"","overlay-type":"","overlay-color":"","overlay-opacity":"","overlay-gradient":""}},"footnotes":""},"categories":[24,8],"tags":[360,15345],"class_list":["post-50221","post","type-post","status-publish","format-standard","has-post-thumbnail","hentry","category-fernando-manzanilla","category-noticias","tag-feminismo-puebla","tag-ley-monzon"],"_links":{"self":[{"href":"https:\/\/losperiodistas.com.mx\/portal\/wp-json\/wp\/v2\/posts\/50221","targetHints":{"allow":["GET"]}}],"collection":[{"href":"https:\/\/losperiodistas.com.mx\/portal\/wp-json\/wp\/v2\/posts"}],"about":[{"href":"https:\/\/losperiodistas.com.mx\/portal\/wp-json\/wp\/v2\/types\/post"}],"author":[{"embeddable":true,"href":"https:\/\/losperiodistas.com.mx\/portal\/wp-json\/wp\/v2\/users\/1"}],"replies":[{"embeddable":true,"href":"https:\/\/losperiodistas.com.mx\/portal\/wp-json\/wp\/v2\/comments?post=50221"}],"version-history":[{"count":1,"href":"https:\/\/losperiodistas.com.mx\/portal\/wp-json\/wp\/v2\/posts\/50221\/revisions"}],"predecessor-version":[{"id":50223,"href":"https:\/\/losperiodistas.com.mx\/portal\/wp-json\/wp\/v2\/posts\/50221\/revisions\/50223"}],"wp:featuredmedia":[{"embeddable":true,"href":"https:\/\/losperiodistas.com.mx\/portal\/wp-json\/wp\/v2\/media\/50222"}],"wp:attachment":[{"href":"https:\/\/losperiodistas.com.mx\/portal\/wp-json\/wp\/v2\/media?parent=50221"}],"wp:term":[{"taxonomy":"category","embeddable":true,"href":"https:\/\/losperiodistas.com.mx\/portal\/wp-json\/wp\/v2\/categories?post=50221"},{"taxonomy":"post_tag","embeddable":true,"href":"https:\/\/losperiodistas.com.mx\/portal\/wp-json\/wp\/v2\/tags?post=50221"}],"curies":[{"name":"wp","href":"https:\/\/api.w.org\/{rel}","templated":true}]}}