{"id":5011,"date":"2021-02-27T09:07:50","date_gmt":"2021-02-27T15:07:50","guid":{"rendered":"http:\/\/losperiodistas.com.mx\/portal\/?p=5011"},"modified":"2021-02-27T09:07:51","modified_gmt":"2021-02-27T15:07:51","slug":"llevar-los-principios-del-feminismo-por-el-mundo-ser","status":"publish","type":"post","link":"https:\/\/losperiodistas.com.mx\/portal\/llevar-los-principios-del-feminismo-por-el-mundo-ser\/","title":{"rendered":"Llevar los principios del feminismo por el mundo | SER"},"content":{"rendered":"\n<p style=\"font-size:18px\"><em>El europarlamento pide que la Pol\u00edtica Exterior de la Uni\u00f3n Europea incorpore la lucha feminista de manera destacada<\/em><\/p>\n\n\n\n<p class=\"has-vivid-cyan-blue-color has-text-color has-medium-font-size\">\u00c1LVARO ZAMARRE\u00d1O \/ CADENA SER<\/p>\n\n\n\n<p>Suecia fue el primer pa\u00eds del mundo en&nbsp;<strong>introducir expl\u00edcitamente los principios del feminismo en su pol\u00edtica exterior<\/strong>. Al hacerlo, en la d\u00e9cada pasada, reconoc\u00eda no s\u00f3lo todo lo que queda por recorrer, sino que no se pueden aplicar principios b\u00e1sicos en los que se cree en una dimensi\u00f3n de la pol\u00edtica, pero no en otra. Poco a poco otros pa\u00edses -incluyendo Espa\u00f1a- han ido fortaleciendo esa dimensi\u00f3n feminista en su relaci\u00f3n con el resto del mundo.Play\/Pause<\/p>\n\n\n\n<p>Llevar los principios del feminismo por el mundo<\/p>\n\n\n\n<figure class=\"wp-block-audio\"><audio controls src=\"https:\/\/losperiodistas.com.mx\/portal\/wp-content\/uploads\/2021\/02\/001RD010000006295217.mp3\"><\/audio><\/figure>\n\n\n\n<p><\/p>\n\n\n\n<p>As\u00ed que el Parlamento Europeo consideraba que la Uni\u00f3n no deb\u00eda ser menos. El pasado a\u00f1o se aprob\u00f3 una resoluci\u00f3n, que usaba como base el texto de dos eurodiputados, la alemana Hannah Neumann y&nbsp;<strong>el espa\u00f1ol Ernest Urtasun (Los Verdes)<\/strong>. En puertas de la celebraci\u00f3n del 8 de marzo, entrevistamos a este eurodiputado sobre la necesidad de incorporar el feminismo a las relaciones exteriores de la Uni\u00f3n Europea<\/p>\n\n\n\n<p><strong>Aunque es un principio incorporado incluso a la Acci\u00f3n Exterior espa\u00f1ola desde hace varios a\u00f1os, todav\u00eda a mucha gente le suena extra\u00f1o ese concepto de pol\u00edtica exterior feminista.<\/strong><\/p>\n\n\n\n<p>Una pol\u00edtica exterior feminista es una pol\u00edtica exterior que de alguna forma pone por delante de su acci\u00f3n la protecci\u00f3n de los derechos de las mujeres. Que apuesta por la negociaci\u00f3n, el di\u00e1logo y el multilateralismo porque es un cambio de paradigma que da protagonismo a las mujeres y a una determinada forma de entender el mundo.<\/p>\n\n\n\n<p><strong>Aunque no es directamente Pol\u00edtica Exterior, los problemas que vemos cada vez que se nombra un nuevo colegio de comisarios para poder tener un equilibrio de sexos no dice mucho en favor del estado de las cosas dentro de las propias instituciones comunitarias<\/strong><\/p>\n\n\n\n<p>Tenemos serios problemas de avance de las mujeres, sobretodo en el Servicio de Acci\u00f3n Exterior. Ahora tenemos un colegio de comisarios paritario, por primera vez en la historia, pero en los puestos de mando de la diplomacia europea priman los hombres. Y en estos momentos lamentablemente en la estructura de mando del sea tenemos pr\u00e1cticamente solo hombres, y esa es una de las cosas a abordar urgentemente. Somos partidarios de establecer cuotas, que es la mejor manera de corregir la cuota impl\u00edcita de hombres que hay en este tipo de nombramientos. As\u00ed que a pesar de que hemos evolucionado mucho, la presencia de mujeres en la arena de relaciones internacionales sigue siendo muy limitada.<\/p>\n\n\n\n<p><strong>El texto que us\u00f3 como base su propuesta fue aprobado por amplia mayor\u00eda \u00bfes pronto todav\u00eda para evaluar el resultado, se\u00f1alar algunos avances o aplicaciones concretas de la resoluci\u00f3n?<\/strong><\/p>\n\n\n\n<p>Nuestro texto ten\u00eda como voluntad influir en un texto legal de la UE, el Plan de Acci\u00f3n de G\u00e9nero III, que es el que marca las acciones que la Uni\u00f3n haga en su pol\u00edtica exterior en materia de g\u00e9nero. Hemos encontrado en ese documento muchos elementos de nuestro informe, por ejemplo un porcentaje muy elevado de la cooperaci\u00f3n al desarrollo va a destinarse a fomentar la igualdad de g\u00e9nero. Se va a reforzar el papel de las delegaciones europeas en el mundo juegan en defensa de los derechos de las mujeres. Y recoge que tiene que haber formaci\u00f3n del personal que ejerce la pol\u00edtica de desarrollo y la pol\u00edtica exterior desde Bruselas en cuestiones de igualdad de g\u00e9nero. Son tres ejemplos de cosas que hemos logrado a trav\u00e9s de nuestro informe para influir este plan de acci\u00f3n de la Uni\u00f3n.<\/p>\n\n\n\n<p><strong>Una de las cosas que se reclama es que se examinen las pol\u00edticas de la Uni\u00f3n para que haya coherencia entre los objetivos feministas de pol\u00edticas interiores y las desarrolladas en el Exterior \u00bfrecuerda ejemplos concretos en que haya una discrepancia entre aquello defendido para la ciudadan\u00eda de la Uni\u00f3n y lo que se hace fuera?<\/strong><\/p>\n\n\n\n<p>Discrepancias existen, desde luego, sobretodo en cosas que defendemos fuera sobre las cuales tenemos problemas dentro. Por ejemplo de una manera muy clara pedimos a las delegaciones que defiendan los derechos sexuales y reproductivos de las mujeres en pa\u00edses como El Salvador, donde un embarazo involuntario le cuesta a las mujeres largu\u00edsimas penas de c\u00e1rcel. Les hemos exigido defender esos derechos, y sin tener dentro de la Uni\u00f3n algo parecido a lo de El Salvador, tenemos ataques sistem\u00e1ticos a esos derechos de las mujeres. El ejemplo m\u00e1s cercano es el de Polonia, que a trtrav\u00e9s de una enmienda constitucional ha intentado prohibir el aborto. Para ser cre\u00edbles en pol\u00edtica exterior, hay que tener una agenda muy fuerte de igualdad dentro de la Uni\u00f3n y en estos momentos hay problemas muy notables en muchos pa\u00edses del continente.<\/p>\n\n\n\n<p><strong>Al final el Servicio de Acci\u00f3n Exterior viene a ser el equivalente a un ministerio de Exteriores de la UE \u00bfCree que su estructura, su personal, su forma de trabajo, reflejan todo lo bien que deber\u00edan los objetivos feministas que usted plasma en su documento?<\/strong><\/p>\n\n\n\n<p>Uno de los objetivos del informe era ayudar al Servicio Europeo de Acci\u00f3n Exterior a avanzar hacia una pol\u00edtica exterior m\u00e1s feminista. Se ha hecho un buen trabajo a trav\u00e9s de la enviada especial Mar\u00eda Marinaki, encargada de este tema. Pero tenemos que ir mucho m\u00e1s all\u00e1, porque tenemos una c\u00fapula masculinizada y eso hay que corregirlo, tenemos que avanzar el nombramiento de mujeres en los \u00f3rganos de direcci\u00f3n y en las delegaciones en el exterior. Tenemos el compromiso del alto representante Borrell de que haya hasta un 40% de nombramiento de mujeres en delegaciones de la Uni\u00f3n de aqu\u00ed al final de su mandato. Y ese es un compromiso que desde luego permitir\u00e1 avanzar mucho. Nos queda mucho camino por recorrer, pero creo que este informe ha ayudado a poner m\u00e1s presi\u00f3n para que las medidas se hagan de forma m\u00e1s r\u00e1pida.<\/p>\n\n\n\n<p>Fuente: https:\/\/cadenaser.com\/ser\/2021\/02\/26\/internacional\/1614352834_559791.html<\/p>\n","protected":false},"excerpt":{"rendered":"<p>El europarlamento pide que la Pol\u00edtica Exterior de la Uni\u00f3n Europea incorpore la lucha feminista de manera destacada \u00c1LVARO ZAMARRE\u00d1O [&hellip;]<\/p>\n","protected":false},"author":1,"featured_media":5013,"comment_status":"open","ping_status":"open","sticky":false,"template":"","format":"standard","meta":{"site-sidebar-layout":"default","site-content-layout":"","ast-site-content-layout":"default","site-content-style":"default","site-sidebar-style":"default","ast-global-header-display":"","ast-banner-title-visibility":"","ast-main-header-display":"","ast-hfb-above-header-display":"","ast-hfb-below-header-display":"","ast-hfb-mobile-header-display":"","site-post-title":"","ast-breadcrumbs-content":"","ast-featured-img":"","footer-sml-layout":"","theme-transparent-header-meta":"","adv-header-id-meta":"","stick-header-meta":"","header-above-stick-meta":"","header-main-stick-meta":"","header-below-stick-meta":"","astra-migrate-meta-layouts":"default","ast-page-background-enabled":"default","ast-page-background-meta":{"desktop":{"background-color":"var(--ast-global-color-4)","background-image":"","background-repeat":"repeat","background-position":"center center","background-size":"auto","background-attachment":"scroll","background-type":"","background-media":"","overlay-type":"","overlay-color":"","overlay-opacity":"","overlay-gradient":""},"tablet":{"background-color":"","background-image":"","background-repeat":"repeat","background-position":"center center","background-size":"auto","background-attachment":"scroll","background-type":"","background-media":"","overlay-type":"","overlay-color":"","overlay-opacity":"","overlay-gradient":""},"mobile":{"background-color":"","background-image":"","background-repeat":"repeat","background-position":"center center","background-size":"auto","background-attachment":"scroll","background-type":"","background-media":"","overlay-type":"","overlay-color":"","overlay-opacity":"","overlay-gradient":""}},"ast-content-background-meta":{"desktop":{"background-color":"var(--ast-global-color-5)","background-image":"","background-repeat":"repeat","background-position":"center center","background-size":"auto","background-attachment":"scroll","background-type":"","background-media":"","overlay-type":"","overlay-color":"","overlay-opacity":"","overlay-gradient":""},"tablet":{"background-color":"var(--ast-global-color-5)","background-image":"","background-repeat":"repeat","background-position":"center center","background-size":"auto","background-attachment":"scroll","background-type":"","background-media":"","overlay-type":"","overlay-color":"","overlay-opacity":"","overlay-gradient":""},"mobile":{"background-color":"var(--ast-global-color-5)","background-image":"","background-repeat":"repeat","background-position":"center center","background-size":"auto","background-attachment":"scroll","background-type":"","background-media":"","overlay-type":"","overlay-color":"","overlay-opacity":"","overlay-gradient":""}},"footnotes":""},"categories":[8],"tags":[193],"class_list":["post-5011","post","type-post","status-publish","format-standard","has-post-thumbnail","hentry","category-noticias","tag-feminismo-europa"],"_links":{"self":[{"href":"https:\/\/losperiodistas.com.mx\/portal\/wp-json\/wp\/v2\/posts\/5011","targetHints":{"allow":["GET"]}}],"collection":[{"href":"https:\/\/losperiodistas.com.mx\/portal\/wp-json\/wp\/v2\/posts"}],"about":[{"href":"https:\/\/losperiodistas.com.mx\/portal\/wp-json\/wp\/v2\/types\/post"}],"author":[{"embeddable":true,"href":"https:\/\/losperiodistas.com.mx\/portal\/wp-json\/wp\/v2\/users\/1"}],"replies":[{"embeddable":true,"href":"https:\/\/losperiodistas.com.mx\/portal\/wp-json\/wp\/v2\/comments?post=5011"}],"version-history":[{"count":1,"href":"https:\/\/losperiodistas.com.mx\/portal\/wp-json\/wp\/v2\/posts\/5011\/revisions"}],"predecessor-version":[{"id":5014,"href":"https:\/\/losperiodistas.com.mx\/portal\/wp-json\/wp\/v2\/posts\/5011\/revisions\/5014"}],"wp:featuredmedia":[{"embeddable":true,"href":"https:\/\/losperiodistas.com.mx\/portal\/wp-json\/wp\/v2\/media\/5013"}],"wp:attachment":[{"href":"https:\/\/losperiodistas.com.mx\/portal\/wp-json\/wp\/v2\/media?parent=5011"}],"wp:term":[{"taxonomy":"category","embeddable":true,"href":"https:\/\/losperiodistas.com.mx\/portal\/wp-json\/wp\/v2\/categories?post=5011"},{"taxonomy":"post_tag","embeddable":true,"href":"https:\/\/losperiodistas.com.mx\/portal\/wp-json\/wp\/v2\/tags?post=5011"}],"curies":[{"name":"wp","href":"https:\/\/api.w.org\/{rel}","templated":true}]}}