{"id":49822,"date":"2023-04-12T13:01:21","date_gmt":"2023-04-12T18:01:21","guid":{"rendered":"http:\/\/losperiodistas.com.mx\/portal\/?p=49822"},"modified":"2023-04-12T13:01:23","modified_gmt":"2023-04-12T18:01:23","slug":"transformar-a-puebla-desde-la-voz-de-su-gente","status":"publish","type":"post","link":"https:\/\/losperiodistas.com.mx\/portal\/transformar-a-puebla-desde-la-voz-de-su-gente\/","title":{"rendered":"<strong>Transformar a Puebla desde la voz de su gente<\/strong>"},"content":{"rendered":"\n<p><\/p>\n\n\n\n<p class=\"has-vivid-red-color has-text-color\" style=\"font-size:26px\"><strong><em>Por Fernando Manzanilla Prieto<\/em><\/strong><\/p>\n\n\n\n<p>@Fer_Manzanilla<\/p>\n\n\n\n<p>Hace exactamente dos meses que oficialmente se conform\u00f3 el Instituto Mexicano para la Transformaci\u00f3n de la Vida P\u00fablica y puedo decir que, a pesar del corto tiempo de su existencia, el empuje que ha tenido esta asociaci\u00f3n ciudadana ha superado todas las expectativas planteadas.<\/p>\n\n\n\n<p>Lo anterior no s\u00f3lo lo afirmo como Coordinador General del Consejo Consultivo del mismo, cuyo nombramiento tuve el honor de recibir en la Asamblea de conformaci\u00f3n realizada el pasado domingo 12 de febrero, si no lo hago adem\u00e1s con una visi\u00f3n de un ciudadano que ha tenido el privilegio de observar de cerca el camino que ha transitado este Instituto, desde su propia concepci\u00f3n.<\/p>\n\n\n\n<p>Si bien fue apenas en agosto del a\u00f1o pasado que el diputado federal Ignacio Mier anunci\u00f3 que comenzar\u00eda recorridos en el estado con el fin de escuchar las inquietudes de las y los poblanos, el proyecto se gest\u00f3 desde la propia visi\u00f3n personal que ha tenido de entender la pol\u00edtica el adem\u00e1s presidente de la Junta de Coordinaci\u00f3n Pol\u00edtica (Jucopo) de la C\u00e1mara de Diputados.<\/p>\n\n\n\n<p>Siempre lo he escuchado decir que no es desde un escritorio donde se van a atender las necesidades y problem\u00e1ticas de la gente, si no es precisamente caminando con ellos, de la mano y, desde luego, estando organizados e informados.&nbsp;<\/p>\n\n\n\n<p>Es por ello que ambos coincidimos tambi\u00e9n con el proyecto del Presidente Andr\u00e9s Manuel L\u00f3pez Obrador y con la encomienda de consolidar un proyecto que siga impulsando la transformaci\u00f3n de Puebla y M\u00e9xico.<\/p>\n\n\n\n<p>Es as\u00ed que desde el a\u00f1o pasado se inici\u00f3 un esfuerzo organizativo sin precedentes para llevar a cabo un proceso con la mayor apertura para que todas las voces fueran escuchadas.<\/p>\n\n\n\n<p>Fue de esta manera que se constituy\u00f3 este Instituto con la participaci\u00f3n de cerca de 10 mil poblanos, quienes de manera abierta y democr\u00e1tica decidieron que Nacho Mier presidiera el Consejo Consultivo de dicha asociaci\u00f3n.<\/p>\n\n\n\n<p>A partir de ese momento, a trav\u00e9s del Instituto se ha trabajado incansablemente visitando todas las regiones del estado y hoy en d\u00eda se encuentran en proceso las asambleas que alcanzar\u00e1n las 7 mil 860 para agosto.<\/p>\n\n\n\n<p>He visto tambi\u00e9n el esfuerzo enorme que han realizado por su parte las y los promotores del Instituto para lograr alcanzar las metas trazadas, gracias a lo cual en los pr\u00f3ximos meses tendremos como resultado un documento de consensos en el que quedar\u00e1n plasmadas las necesidades, ideas y anhelos de las mujeres y hombres de Puebla.<\/p>\n\n\n\n<p>Es as\u00ed que se lograr\u00e1 hacer un mapeo, por orden de importancia de las necesidades que m\u00e1s aquejan a las comunidades, para armar un gran proyecto.<\/p>\n\n\n\n<p>Un proyecto que nazca de la propia gente, de las y los poblanos a los que se le ha ido a escuchar a sus propias comunidades y con quienes se ha hecho un gran pacto de unidad para la transformaci\u00f3n de Puebla. Precisamente ya van m\u00e1s de 70 municipios recorridos y 9 juntas auxiliares de la capital poblana.<\/p>\n\n\n\n<p>Es por ello que veo que hoy el coordinador del grupo parlamentario de Morena en la C\u00e1mara de Diputados, Ignacio Mier, adem\u00e1s de ser un factor fundamental para la aprobaci\u00f3n de la agenda reformista del presidente L\u00f3pez Obrador, tambi\u00e9n ha asumido el rol como uno de los actores pol\u00edticos m\u00e1s importantes de Puebla.<\/p>\n\n\n\n<p>De manera clara, y a diferencia de otros personajes, ha construido mecanismos para lograr la armon\u00eda, la reconciliaci\u00f3n y una verdadera transformaci\u00f3n en el estado.<\/p>\n\n\n\n<p>\u00c9l lo ha dicho de manera p\u00fablica, que estos comit\u00e9s de poblanas y poblanos organizados, permitir\u00e1n construir un modelo m\u00e1s humanista, enfocado a transformar la realidad de nuestro Estado.<\/p>\n\n\n\n<p>Es claro que se est\u00e1 realizando un esfuerzo de proporciones inmensas, pero tambi\u00e9n el que este proyecto est\u00e1 avanzando a pasos agigantados, por lo que estoy convencido de que la verdadera transformaci\u00f3n del estado est\u00e1 por llegar de la mano de la mayor\u00eda de los poblanos y poblanas.<\/p>\n","protected":false},"excerpt":{"rendered":"<p>Por Fernando Manzanilla Prieto @Fer_Manzanilla Hace exactamente dos meses que oficialmente se conform\u00f3 el Instituto Mexicano para la Transformaci\u00f3n de [&hellip;]<\/p>\n","protected":false},"author":1,"featured_media":49823,"comment_status":"open","ping_status":"open","sticky":false,"template":"","format":"standard","meta":{"site-sidebar-layout":"default","site-content-layout":"","ast-site-content-layout":"default","site-content-style":"default","site-sidebar-style":"default","ast-global-header-display":"","ast-banner-title-visibility":"","ast-main-header-display":"","ast-hfb-above-header-display":"","ast-hfb-below-header-display":"","ast-hfb-mobile-header-display":"","site-post-title":"","ast-breadcrumbs-content":"","ast-featured-img":"","footer-sml-layout":"","theme-transparent-header-meta":"","adv-header-id-meta":"","stick-header-meta":"","header-above-stick-meta":"","header-main-stick-meta":"","header-below-stick-meta":"","astra-migrate-meta-layouts":"default","ast-page-background-enabled":"default","ast-page-background-meta":{"desktop":{"background-color":"var(--ast-global-color-4)","background-image":"","background-repeat":"repeat","background-position":"center center","background-size":"auto","background-attachment":"scroll","background-type":"","background-media":"","overlay-type":"","overlay-color":"","overlay-opacity":"","overlay-gradient":""},"tablet":{"background-color":"","background-image":"","background-repeat":"repeat","background-position":"center center","background-size":"auto","background-attachment":"scroll","background-type":"","background-media":"","overlay-type":"","overlay-color":"","overlay-opacity":"","overlay-gradient":""},"mobile":{"background-color":"","background-image":"","background-repeat":"repeat","background-position":"center center","background-size":"auto","background-attachment":"scroll","background-type":"","background-media":"","overlay-type":"","overlay-color":"","overlay-opacity":"","overlay-gradient":""}},"ast-content-background-meta":{"desktop":{"background-color":"var(--ast-global-color-5)","background-image":"","background-repeat":"repeat","background-position":"center center","background-size":"auto","background-attachment":"scroll","background-type":"","background-media":"","overlay-type":"","overlay-color":"","overlay-opacity":"","overlay-gradient":""},"tablet":{"background-color":"var(--ast-global-color-5)","background-image":"","background-repeat":"repeat","background-position":"center center","background-size":"auto","background-attachment":"scroll","background-type":"","background-media":"","overlay-type":"","overlay-color":"","overlay-opacity":"","overlay-gradient":""},"mobile":{"background-color":"var(--ast-global-color-5)","background-image":"","background-repeat":"repeat","background-position":"center center","background-size":"auto","background-attachment":"scroll","background-type":"","background-media":"","overlay-type":"","overlay-color":"","overlay-opacity":"","overlay-gradient":""}},"footnotes":""},"categories":[24,8],"tags":[15953,11447],"class_list":["post-49822","post","type-post","status-publish","format-standard","has-post-thumbnail","hentry","category-fernando-manzanilla","category-noticias","tag-4t-en-puebla","tag-fernando-manzanilla"],"_links":{"self":[{"href":"https:\/\/losperiodistas.com.mx\/portal\/wp-json\/wp\/v2\/posts\/49822","targetHints":{"allow":["GET"]}}],"collection":[{"href":"https:\/\/losperiodistas.com.mx\/portal\/wp-json\/wp\/v2\/posts"}],"about":[{"href":"https:\/\/losperiodistas.com.mx\/portal\/wp-json\/wp\/v2\/types\/post"}],"author":[{"embeddable":true,"href":"https:\/\/losperiodistas.com.mx\/portal\/wp-json\/wp\/v2\/users\/1"}],"replies":[{"embeddable":true,"href":"https:\/\/losperiodistas.com.mx\/portal\/wp-json\/wp\/v2\/comments?post=49822"}],"version-history":[{"count":1,"href":"https:\/\/losperiodistas.com.mx\/portal\/wp-json\/wp\/v2\/posts\/49822\/revisions"}],"predecessor-version":[{"id":49824,"href":"https:\/\/losperiodistas.com.mx\/portal\/wp-json\/wp\/v2\/posts\/49822\/revisions\/49824"}],"wp:featuredmedia":[{"embeddable":true,"href":"https:\/\/losperiodistas.com.mx\/portal\/wp-json\/wp\/v2\/media\/49823"}],"wp:attachment":[{"href":"https:\/\/losperiodistas.com.mx\/portal\/wp-json\/wp\/v2\/media?parent=49822"}],"wp:term":[{"taxonomy":"category","embeddable":true,"href":"https:\/\/losperiodistas.com.mx\/portal\/wp-json\/wp\/v2\/categories?post=49822"},{"taxonomy":"post_tag","embeddable":true,"href":"https:\/\/losperiodistas.com.mx\/portal\/wp-json\/wp\/v2\/tags?post=49822"}],"curies":[{"name":"wp","href":"https:\/\/api.w.org\/{rel}","templated":true}]}}